{"id":1029,"date":"2012-07-23T09:00:14","date_gmt":"2012-07-23T06:00:14","guid":{"rendered":"https:\/\/www.enerjigazetesi.ist\/?p=1029"},"modified":"2012-07-23T09:00:14","modified_gmt":"2012-07-23T06:00:14","slug":"enerji-sektoru-turkiyeden-hizli-buyuyor","status":"publish","type":"post","link":"https:\/\/www.enerjigazetesi.ist\/en\/enerji-sektoru-turkiyeden-hizli-buyuyor\/","title":{"rendered":"(Turkish) Enerji Sekt\u00f6r\u00fc T\u00fcrkiye&#8217;den H\u0131zl\u0131 B\u00fcy\u00fcyor"},"content":{"rendered":"<p class=\"qtranxs-available-languages-message qtranxs-available-languages-message-en\">Sorry, this entry is only available in <a href=\"https:\/\/www.enerjigazetesi.ist\/tr\/wp-json\/wp\/v2\/posts\/1029\" class=\"qtranxs-available-language-link qtranxs-available-language-link-tr\" title=\"Turkish\">Turkish<\/a>. For the sake of viewer convenience, the content is shown below in the alternative language. You may click the link to switch the active language.<\/p><p><\/p>\n<div><strong>Enerji ve Tabii Kaynaklar Bakan\u0131 Y\u0131ld\u0131z, &#8220;Enerji sekt\u00f6r\u00fc, T\u00fcrkiye&#8217;nin b\u00fcy\u00fcme h\u0131z\u0131ndan daha h\u0131zl\u0131 b\u00fcy\u00fcyor&#8221; dedi.<\/strong><\/div>\n<div>\n<p><img loading=\"lazy\" class=\"alignright size-medium wp-image-1030\" title=\"taner-yildiz-enerji-sektoru-buyumesi\" src=\"https:\/\/www.enerjigazetesi.ist\/wp-content\/uploads\/2012\/07\/taner-yildiz-300x197.jpg\" alt=\"\" width=\"300\" height=\"197\" srcset=\"https:\/\/www.enerjigazetesi.ist\/wp-content\/uploads\/2012\/07\/taner-yildiz-300x197.jpg 300w, https:\/\/www.enerjigazetesi.ist\/wp-content\/uploads\/2012\/07\/taner-yildiz-75x50.jpg 75w, https:\/\/www.enerjigazetesi.ist\/wp-content\/uploads\/2012\/07\/taner-yildiz.jpg 487w\" sizes=\"(max-width: 300px) 100vw, 300px\" \/><strong>Enerji ve Tabii Kaynaklar Bakan\u0131 Taner Y\u0131ld\u0131z, &#8221;Enerji sekt\u00f6r\u00fc, T\u00fcrkiye&#8217;nin b\u00fcy\u00fcme h\u0131z\u0131ndan daha h\u0131zl\u0131 b\u00fcy\u00fcyor&#8221; dedi.<\/strong><\/p>\n<p>Y\u0131ld\u0131z, hayvansal at\u0131klar\u0131 hammadde olarak kullanacak Suluova Biyogaz \u00dcretim Tesisi&#8217;nin temel atma t\u00f6renine kat\u0131ld\u0131.<\/p>\n<p>Bakan Y\u0131ld\u0131z, burada yapt\u0131\u011f\u0131 konu\u015fmada, TBMM&#8217;nin kapal\u0131 oldu\u011fu yaz d\u00f6neminde T\u00fcrkiye&#8217;yi il il gezdiklerini belirterek, sanayicilerle bir araya geldiklerinde kar\u015f\u0131la\u015ft\u0131klar\u0131 en \u00f6nemli sorunun, i\u015f\u00e7i bulma s\u0131k\u0131nt\u0131s\u0131 oldu\u011funu s\u00f6yledi.<\/p>\n<p>Y\u0131ld\u0131z, \u015f\u00f6yle devam etti:<\/p>\n<p>&#8221;\u0130\u015fsizlik rakamlar\u0131 ile alakal\u0131 bir y\u0131lda art\u0131 200 bin istihdam sa\u011flayan \u00fclke say\u0131s\u0131 d\u00fcnyada \u00e7ok az. Onlar kendi krizleriyle, ekonomik krizleriyle bo\u011fu\u015furken T\u00fcrkiye b\u00fct\u00fcn kabu\u011funu k\u0131rm\u0131\u015f ve b\u00fcy\u00fcmeye devam etmi\u015f. T\u00fcrkiye b\u00fcy\u00fcyor ama enerji sekt\u00f6r\u00fc, T\u00fcrkiye&#8217;nin b\u00fcy\u00fcme h\u0131z\u0131ndan daha h\u0131zl\u0131 b\u00fcy\u00fcyor. 2011 y\u0131l\u0131n\u0131n Haziran ay\u0131na g\u00f6re, elektrik t\u00fcketimimiz \u00f6l\u00e7\u00fclebilir rakamla s\u00f6yl\u00fcyorum, y\u00fczde 11,8 b\u00fcy\u00fcm\u00fc\u015ft\u00fcr. T\u00fcrkiye&#8217;nin b\u00fcy\u00fcme h\u0131z\u0131ndan daha h\u0131zl\u0131 b\u00fcy\u00fcd\u00fc\u011f\u00fcm\u00fcz i\u00e7in t\u00fcketim de halk\u0131m\u0131z\u0131n refah seviyesi de artt\u0131k\u00e7a artt\u0131. Han\u0131m karde\u015flerim, evinde buzdolab\u0131 varken \u00e7ama\u015f\u0131r makinesi ald\u0131, bula\u015f\u0131k makinesi ald\u0131. Bunu yapt\u0131\u011f\u0131 bir ortamda elektrik t\u00fcketimimiz daha da art\u0131yor.&#8221;<\/p>\n<p><strong>\u00c7evre Dostu Projeler<\/strong><\/p>\n<p>\u00c7evreyle ilgili bir\u00e7ok projeleri oldu\u011funu anlatan Y\u0131ld\u0131z, \u015funlar\u0131 s\u00f6yledi:<\/p>\n<p>&#8221;\u00c7evreyle alakal\u0131 bir projemiz var. Bir ton k\u00f6m\u00fcr\u00fcn, 42 g\u00fcnde geli\u015ftirdi\u011fimiz bakterilerle tozunu b\u0131rakmayan bir sistem kuruldu pilot olarak. Bir ton k\u00f6m\u00fcr\u00fc bakteriler 42 g\u00fcnde yiyorlar. Oradan gaz \u00e7\u0131k\u0131yor. Amerika&#8217;da geli\u015ftirilen bir teknolojiyle beraber y\u00fcr\u00fctt\u00fc\u011f\u00fcm\u00fcz bir \u00e7al\u0131\u015fma bu. H\u00fcmik asit \u00e7\u0131k\u0131yor. Topra\u011f\u0131n verimini art\u0131r\u0131c\u0131, pis kokular\u0131 giderici, metalik madenleri \u00e7\u00f6keltici, \u015fehrin giri\u015f suyunu al\u0131p bunu temizlemede kullan\u0131lan bir\u00e7ok malzeme \u00fcretiyoruz. \u015eimdi hamdolsun 28 milyon dolarl\u0131k bir yat\u0131r\u0131mla da onun ticarile\u015fmesi ile alakal\u0131 bir proje y\u00fcr\u00fct\u00fcyoruz. Bak\u0131n, enerji sekt\u00f6r\u00fcndeyiz ama \u00e7evreyle alakal\u0131 projeleri de y\u00fcr\u00fct\u00fcyoruz. Kendimizi bu manada \u00e7evreye bor\u00e7lu hissediyoruz.&#8221;<\/p>\n<p><strong>Yerli \u00dcretime Destek<\/strong><\/p>\n<p>Bakan Y\u0131ld\u0131z, yerli \u00fcretimlere her zaman destek olduklar\u0131n\u0131, yenilenebilir enerjiye \u00f6nem verdiklerini ve yerli kaynaklar\u0131 verimli kulland\u0131klar\u0131n\u0131 anlatt\u0131.<\/p>\n<p>Amasya&#8217;n\u0131n Merzifon il\u00e7esinde say\u0131lar\u0131 16&#8217;ya varan r\u00fczgar g\u00fclleri oldu\u011funu an\u0131msatan Y\u0131ld\u0131z, &#8221;Bulundu\u011fu mekana modernlik katan bu yap\u0131n\u0131n her zaman, her y\u00f6rede desteklenece\u011fini s\u00f6ylemek isterim. \u00d6n\u00fcm\u00fczdeki s\u00fcre\u00e7te lisansa tabi olmayan 500 kilovatl\u0131k yat\u0131r\u0131mlar\u0131n en az 1 megavata \u00e7\u0131kar\u0131laca\u011f\u0131n\u0131 \u015fimdiden sizlere aktarmak isterim. Bunu kanun de\u011fi\u015fikli\u011fi ile yapaca\u011f\u0131z ve art\u0131r\u0131m\u0131n\u0131 da Bakanlar Kurulu&#8217;nun yetkisine vermi\u015f olaca\u011f\u0131z&#8221; diye konu\u015ftu.<\/p>\n<p><strong>Biyogaz \u00dcretim Tesisi<\/strong><\/p>\n<p>Bakan Y\u0131ld\u0131z, temelini att\u0131klar\u0131 tesisin bir\u00e7ok faydas\u0131 olaca\u011f\u0131n\u0131 ancak en \u00f6nemlilerinden birinin, at\u0131klar\u0131n de\u011ferlendirilmi\u015f olmas\u0131 oldu\u011funu vurgulayarak, &#8221;Canl\u0131 organizmalar\u0131n her yan\u0131n\u0131n de\u011ferlendirilebilece\u011fini biliyoruz. Nas\u0131l bir hayvan\u0131n t\u0131rnaklar\u0131na var\u0131ncaya kadar her t\u00fcrl\u00fc mikroorganizman\u0131n de\u011ferlendirildi\u011fi bu ortamda hayvan at\u0131klar\u0131n\u0131n da de\u011ferlendirildi\u011fi bir ortama gelmi\u015f oluyoruz. Bunu \u00e7ok de\u011ferli buluyorum&#8221; ifadelerini kulland\u0131.<\/p>\n<p>Amasya Valisi Abdil Celil \u00d6z ise Organize Besi B\u00f6lgesi&#8217;nde temeli at\u0131lan tesisin, hayvansal at\u0131klar\u0131n kirlili\u011fini enerjiye \u00e7evirece\u011fini belirtti.<\/p>\n<p>Konu\u015fmalar\u0131n ard\u0131ndan protokol \u00fcyeleri tesisin temelini att\u0131.<\/p>\n<p>T\u00f6rene Enerji ve Tabii Kaynaklar Bakan Yard\u0131mc\u0131s\u0131 Hasan Murat Mercan, AK Parti Amasya milletvekilleri Avni Erdemir ve Naci Bostanc\u0131, Amasya Belediye Ba\u015fkan\u0131 Cafer \u00d6zdemir ile T\u00fcrk-\u0130\u015f Genel Ba\u015fkan\u0131 Mustafa Kumlu da kat\u0131ld\u0131.<\/p>\n<p>Bakan Taner Y\u0131ld\u0131z, t\u00f6renin ard\u0131ndan karayoluyla Kayseri&#8217;ye hareket etti.<\/p>\n<p>Kaynak: <a href=\"http:\/\/www.haber10.com\/haber\/288685\/\" target=\"_blank\">Haber10<\/a><\/p>\n<\/div>\n<p><\/p>","protected":false},"excerpt":{"rendered":"<p>Sorry, this entry is only available in Turkish. For the sake of viewer convenience, the content is shown below in the alternative language. You may click the link to switch the active language. Enerji ve Tabii Kaynaklar Bakan\u0131 Y\u0131ld\u0131z, &#8220;Enerji sekt\u00f6r\u00fc, T\u00fcrkiye&#8217;nin b\u00fcy\u00fcme h\u0131z\u0131ndan daha h\u0131zl\u0131 b\u00fcy\u00fcyor&#8221; dedi. Enerji ve Tabii Kaynaklar Bakan\u0131 Taner Y\u0131ld\u0131z, [&hellip;]<\/p>\n","protected":false},"author":1,"featured_media":1030,"comment_status":"open","ping_status":"open","sticky":false,"template":"","format":"standard","meta":[],"categories":[53],"tags":[63,67,165,166],"views":843,"_links":{"self":[{"href":"https:\/\/www.enerjigazetesi.ist\/en\/wp-json\/wp\/v2\/posts\/1029"}],"collection":[{"href":"https:\/\/www.enerjigazetesi.ist\/en\/wp-json\/wp\/v2\/posts"}],"about":[{"href":"https:\/\/www.enerjigazetesi.ist\/en\/wp-json\/wp\/v2\/types\/post"}],"author":[{"embeddable":true,"href":"https:\/\/www.enerjigazetesi.ist\/en\/wp-json\/wp\/v2\/users\/1"}],"replies":[{"embeddable":true,"href":"https:\/\/www.enerjigazetesi.ist\/en\/wp-json\/wp\/v2\/comments?post=1029"}],"version-history":[{"count":2,"href":"https:\/\/www.enerjigazetesi.ist\/en\/wp-json\/wp\/v2\/posts\/1029\/revisions"}],"predecessor-version":[{"id":1032,"href":"https:\/\/www.enerjigazetesi.ist\/en\/wp-json\/wp\/v2\/posts\/1029\/revisions\/1032"}],"wp:featuredmedia":[{"embeddable":true,"href":"https:\/\/www.enerjigazetesi.ist\/en\/wp-json\/wp\/v2\/media\/1030"}],"wp:attachment":[{"href":"https:\/\/www.enerjigazetesi.ist\/en\/wp-json\/wp\/v2\/media?parent=1029"}],"wp:term":[{"taxonomy":"category","embeddable":true,"href":"https:\/\/www.enerjigazetesi.ist\/en\/wp-json\/wp\/v2\/categories?post=1029"},{"taxonomy":"post_tag","embeddable":true,"href":"https:\/\/www.enerjigazetesi.ist\/en\/wp-json\/wp\/v2\/tags?post=1029"}],"curies":[{"name":"wp","href":"https:\/\/api.w.org\/{rel}","templated":true}]}}