{"id":10284,"date":"2013-04-29T10:07:06","date_gmt":"2013-04-29T07:07:06","guid":{"rendered":"https:\/\/www.enerjigazetesi.ist\/?p=10284"},"modified":"2013-04-29T10:07:13","modified_gmt":"2013-04-29T07:07:13","slug":"enerji-yatirimlarina-elini-cabuk-tut-tesvigi","status":"publish","type":"post","link":"https:\/\/www.enerjigazetesi.ist\/en\/enerji-yatirimlarina-elini-cabuk-tut-tesvigi\/","title":{"rendered":"(Turkish) Enerji Yat\u0131r\u0131mlar\u0131na Elini \u00c7abuk Tut Te\u015fvi\u011fi!"},"content":{"rendered":"<p class=\"qtranxs-available-languages-message qtranxs-available-languages-message-en\">Sorry, this entry is only available in <a href=\"https:\/\/www.enerjigazetesi.ist\/tr\/wp-json\/wp\/v2\/posts\/10284\" class=\"qtranxs-available-language-link qtranxs-available-language-link-tr\" title=\"Turkish\">Turkish<\/a>. For the sake of viewer convenience, the content is shown below in the alternative language. You may click the link to switch the active language.<\/p><p><strong>Yeni te\u015fvik sistemine g\u00f6re enerji yat\u0131r\u0131mlar\u0131na d\u00f6n\u00fck &#8220;b\u00f6lgesel destekler&#8221;e bak\u0131ld\u0131\u011f\u0131nda 2013`\u00fcn sonuna kadar ba\u015fvuranlar, 2014`e oranla daha y\u00fcksek oranlarda te\u015fvik alacak. Ekonomi Bakan\u0131 Zafer \u00c7a\u011flayan, enerjide bir an \u00f6nce d\u0131\u015fa ba\u011f\u0131ml\u0131l\u0131\u011f\u0131 azaltmay\u0131 hedeflediklerini belirtiyor.<\/strong><\/p>\n<p>Ekonomi Bakan\u0131 Zafer \u00c7a\u011flayan, T\u00fcrkiye`nin 2023` e giden yolda bug\u00fcnk\u00fc enerji \u00fcretim kapasitesini 2`ye katlayaca\u011f\u0131n\u0131 ve bunun i\u00e7in enerji sekt\u00f6r\u00fcnde 130 milyar dolarl\u0131k yat\u0131r\u0131m yap\u0131laca\u011f\u0131n\u0131 vurgulayarak, bug\u00fcne kadar g\u00f6r\u00fc\u015ft\u00fc\u011f\u00fc Hollandal\u0131, \u0130spanyol ve Amerikal\u0131 yat\u0131r\u0131mc\u0131lar\u0131n b\u00fcy\u00fck ilgisini \u00e7ekti\u011fini belirtiyor. Yeni Te\u015fvik Yasas\u0131`na bak\u0131ld\u0131\u011f\u0131nda ise 5. ve 6. b\u00f6lgede, enerji sekt\u00f6r\u00fcne verilen desteklerde bu durum somut olarak g\u00f6zleniyor.<\/p>\n<p>Yeni te\u015fvik sisteminii ollu\u015fturan, 15\/06\/2012 tarihli ve 2012\/3305 say\u0131l\u0131 Bakanlar Kurulu karar\u0131yla y\u00fcr\u00fcrl\u00fc\u011fe koyulan, Yat\u0131r\u0131mlarda Devlet Yard\u0131mlar\u0131 Hakk\u0131ndaki Karar\u0131n 17.maddesinin 1.f\u0131kras\u0131na eklenen (i)bendi diyorki:&#8221;Enerji ve Tabii Kaynaklar Bakanl\u0131\u011f\u0131 taraf\u0131ndan d\u00fczenlenen ge\u00e7erli bir maden i\u015fletme ruhsat\u0131 ve izni kapsam\u0131nda 3213 say\u0131l\u0131 Maden Kanunu`nun 2.maddesinin 4-b grubunda yeralan madenlerin girdi olarak kullan\u0131ld\u0131\u011f\u0131 elektrik \u00fcretimi yat\u0131r\u0131mlar\u0131 (Karar say\u0131s\u0131:2013\/4288) te\u015fvik kapsam\u0131ndad\u0131r.<\/p>\n<p>Bu &#8220;i bendini&#8221; olu\u015fturan enerji yat\u0131r\u0131mlar\u0131, ayn\u0131 zamanda yeni te\u015fvik yasas\u0131na g\u00f6re r\u00fczgar t\u00fcneli, maden istihra\u00e7 ve\/veya maden i\u015fletme yat\u0131r\u0131mlar\u0131yla \u00a0birlikte &#8220;\u00f6ncelikli yat\u0131r\u0131m konular\u0131&#8221; i\u00e7inde yeral\u0131yor. Ve yine Yeni Te\u015fvik Yasas\u0131`na g\u00f6re,\u00f6ncelikli yat\u0131rm konular\u0131, &#8220;5.b\u00f6lgede uygulanan b\u00f6lgesel desteklerden faydalanabilir, yat\u0131r\u0131mlar\u0131n 6.b\u00f6lgede yeralmas\u0131 halinde de bulundu\u011fu b\u00f6lge deste\u011fine tabidir&#8221;.<\/p>\n<p><strong>ENERJ\u0130 &#8220;STRATEJ\u0130K YATIRIMLAR&#8221;A DA DAH\u0130L<\/strong><\/p>\n<p>Enerji sekt\u00f6r\u00fc yat\u0131r\u0131mlar\u0131na,Yeni te<a href=\"https:\/\/www.enerjigazetesi.ist\/wp-content\/uploads\/2013\/04\/enerji-yatirimlari-na-elini-cabuk-tut-tesvigi.jpg\"><img loading=\"lazy\" class=\"alignleft size-medium wp-image-10285\" title=\"enerji-yatirimlari-na-elini-cabuk-tut-tesvigi\" src=\"https:\/\/www.enerjigazetesi.ist\/wp-content\/uploads\/2013\/04\/enerji-yatirimlari-na-elini-cabuk-tut-tesvigi-300x199.jpg\" alt=\"\" width=\"300\" height=\"199\" srcset=\"https:\/\/www.enerjigazetesi.ist\/wp-content\/uploads\/2013\/04\/enerji-yatirimlari-na-elini-cabuk-tut-tesvigi-300x199.jpg 300w, https:\/\/www.enerjigazetesi.ist\/wp-content\/uploads\/2013\/04\/enerji-yatirimlari-na-elini-cabuk-tut-tesvigi-75x50.jpg 75w, https:\/\/www.enerjigazetesi.ist\/wp-content\/uploads\/2013\/04\/enerji-yatirimlari-na-elini-cabuk-tut-tesvigi.jpg 410w\" sizes=\"(max-width: 300px) 100vw, 300px\" \/><\/a>\u015fvik Yasas\u0131,nda yeralan &#8220;stratejik yat\u0131r\u0131m&#8221; tan\u0131m\u0131nda da rastl\u0131yoruz:&#8221;Cari a\u00e7\u0131\u011f\u0131n azalt\u0131lmas\u0131 amac\u0131yla ithalat oran\u0131 y\u00fcksek aramallar\u0131n\u0131n \u00fcretimine y\u00f6nelik yat\u0131r\u0131mlar stratejik yat\u0131r\u0131mlard\u0131r.<\/p>\n<p>(Y\u00fczde 50`den fazlas\u0131 ithalatla kar\u015f\u0131lanan ara mallar\u0131 veya \u00fcr\u00fcnlerin \u00fcretimine y\u00f6nelik yat\u0131r\u0131mlar ki m\u00fcnhas\u0131ran bu yat\u0131r\u0131mlar\u0131n enerji ihtiyac\u0131n\u0131 kar\u015f\u0131lamak \u00fczere ger\u00e7ekle\u015ftirilecek enerji yat\u0131r\u0131mlar\u0131 dahil)ve desteklenmektedir.&#8221;, Ekonomi Bakan\u0131 \u00c7a\u011flayan, stratejik yat\u0131r\u0131mlar\u0131n, Girdi Tedarik Stratejisi(G\u0130TES)\u00e7er\u00e7evesinde yerald\u0131\u011f\u0131n\u0131 vurgu layarak, b\u00f6lge fark\u0131 g\u00f6zetilmeden desteklendi\u011fini ancak 6. b\u00f6lgede yap\u0131lmas\u0131 durumunda ayr\u0131ca &#8220;gelir vergisi stopaj\u0131&#8221; ve &#8220;10 y\u0131ll\u0131k sigorta primi i\u015fveren hissesi deste\u011fi&#8221; ald\u0131\u011f\u0131n\u0131 belirtiyor.<\/p>\n<p>&nbsp;<\/p>\n<p><em>Yeni Te\u015fvik Yasas\u0131na g\u00f6re Stratejik Yat\u0131r\u0131mlar\u0131n Te\u015fvi\u011fi<\/em><\/p>\n<table width=\"600\" border=\"0\" cellspacing=\"0\" cellpadding=\"0\">\n<tbody>\n<tr>\n<td valign=\"bottom\" width=\"327\"><strong>DESTEK UNSURLARI<\/strong><\/td>\n<td valign=\"bottom\" width=\"281\">T\u00dcM B\u00d6LGELER<\/td>\n<\/tr>\n<tr>\n<td valign=\"bottom\" width=\"327\"><strong>KDV \u0130stisnas\u0131<\/strong><\/td>\n<td valign=\"bottom\" width=\"281\">VAR<\/td>\n<\/tr>\n<tr>\n<td valign=\"bottom\" width=\"327\"><strong>G\u00fcmr\u00fck Vergisi Muafiyeti<\/strong><\/td>\n<td valign=\"bottom\" width=\"281\">VAR<\/td>\n<\/tr>\n<tr>\n<td valign=\"bottom\" width=\"327\"><strong>Vergi \u0130ndirimi<\/strong><strong>Yat\u0131r\u0131ma Katk\u0131 Oran\u0131 (%)<\/strong><\/td>\n<td valign=\"bottom\" width=\"281\">50%<\/td>\n<\/tr>\n<tr>\n<td valign=\"bottom\" width=\"327\"><strong>Sigorta Primi \u0130\u015fveren His. Deste\u011fiDestek S\u00fcresi<\/strong><\/td>\n<td valign=\"bottom\" width=\"281\">7 YIL (6. B\u00f6lgede 10 YIL)<\/td>\n<\/tr>\n<tr>\n<td valign=\"bottom\" width=\"327\"><strong>Yat\u0131r\u0131m Yeri Tahsisi<\/strong><\/td>\n<td valign=\"bottom\" width=\"281\">VAR<\/td>\n<\/tr>\n<tr>\n<td valign=\"bottom\" width=\"327\"><strong>KDV \u0130adesi<\/strong><\/td>\n<td valign=\"bottom\" width=\"281\">500 Milyon t\u2019nin \u00fczerindeki yat\u0131r\u0131mlar\u0131n bina-in\u015faat harcamalar\u0131 i\u00e7in<\/td>\n<\/tr>\n<tr>\n<td valign=\"bottom\" width=\"327\"><strong>Faiz Deste\u011fi<\/strong><\/td>\n<td valign=\"bottom\" width=\"281\">Yat\u0131r\u0131m tutar\u0131n\u0131n %5\u2032ini ge\u00e7memek kayd\u0131yla azami 50 Milyon f\/ye kadar<\/td>\n<\/tr>\n<tr>\n<td valign=\"bottom\" width=\"327\"><strong>Gelir Vergisi Stopaj\u0131 Deste\u011fi<\/strong><\/td>\n<td valign=\"bottom\" width=\"281\">Sadece 6. B\u00f6lge yat\u0131r\u0131mlar\u0131 i\u00e7in 10 Y\u0131l<\/td>\n<\/tr>\n<tr>\n<td valign=\"bottom\" width=\"327\"><strong>Sigorta Primi \u0130\u015f\u00e7i Hissesi Deste\u011fi<\/strong><\/td>\n<td valign=\"bottom\" width=\"281\">Sadece 6. B\u00f6lge yat\u0131r\u0131mlar\u0131 i\u00e7in 10 Y\u0131l<\/td>\n<\/tr>\n<\/tbody>\n<\/table>\n<p>&nbsp;<\/p>\n<p><strong>\u00c7A\u011eLAYAN: PARK EDEN PARA \u0130Y\u0130 PROJELERE GEL\u0130R\u00a0<\/strong><\/p>\n<p>Bakan \u00c7a\u011flayan, k\u00fcresel ekonomik kriz nedeniyle &#8220;d\u00fcnyada park eden&#8221;paran\u0131n sistemde dola\u015fmas\u0131n\u0131n ancak `iyi projelerle&#8221; m\u00fcmk\u00fcn oldu\u011funu vurgulayarak, T\u00fcrkiye`nin &#8220;2023 plan\u0131&#8221;ndaki enerji yat\u0131r\u0131mlar\u0131 i\u00e7in Avrupa ve Amerika`daki &#8220;park eden&#8221;paray\u0131T\u00fcrkiye`ye getirmeye \u00e7al\u0131\u015ft\u0131klar\u0131n\u0131 belirtiyor, &#8220;T\u00fcrkiye`nin 2023 hedefine bakt\u0131\u011f\u0131m\u0131zda 130 milyar dolarl\u0131k enerji yat\u0131r\u0131m\u0131 var, bu yat\u0131r\u0131mlar yurtd\u0131\u015f\u0131ndaki parketmi\u015f paran\u0131n i\u015ftah\u0131n\u0131 kabart\u0131yor,baz\u0131 yat\u0131r\u0131mlar i\u015faret fi\u015fe\u011fi gibidir.&#8221;<\/p>\n<p>&nbsp;<\/p>\n<p><strong>YATIRIMA 2013 \u0130\u00c7\u0130NDE BA\u015eLAYANA \u00d6NCEL\u0130K<\/strong><\/p>\n<p>2012\/3305 Say\u0131l\u0131 Bakanlar Kurulu karar\u0131yla hayata ge\u00e7irilen Yeni Te\u015fvik Yasas\u0131`ndaki b\u00fcy\u00fck \u00f6l\u00e7ekli yat\u0131r\u0131m kalemleri aras\u0131nda da yer alan enerji sekt\u00f6r\u00fcne d\u00f6n\u00fck yat\u0131r\u0131mlar, 5. ve 6. b\u00f6lgede &#8220;b\u00f6lgesel destek&#8221; al\u0131rken,\u00a0yat\u0131r\u0131mlara verilen deste\u011fin 2013 y\u0131l\u0131 \u00f6ncelikli oldu\u011fu g\u00f6zleniyor.<\/p>\n<p>&nbsp;<\/p>\n<table width=\"600\" border=\"0\" cellspacing=\"0\" cellpadding=\"0\">\n<tbody>\n<tr>\n<td valign=\"bottom\" width=\"106\"><\/td>\n<td colspan=\"4\" valign=\"bottom\">\n<p align=\"center\"><strong>Yat\u0131r\u0131ma katk\u0131 oran\u0131 (%)<\/strong><\/p>\n<\/td>\n<\/tr>\n<tr>\n<td valign=\"bottom\" width=\"106\"><strong>B\u00f6lgeler<\/strong><\/td>\n<td colspan=\"2\" valign=\"bottom\" width=\"303\"><strong>B\u00f6lgesel Te\u015fvik Uygulamalar\u0131<\/strong><\/td>\n<td colspan=\"2\" valign=\"bottom\" width=\"309\"><strong>B\u00fcy\u00fck \u00d6l\u00e7ekli Yat\u0131r\u0131mlar\u0131n Te\u015fviki<\/strong><\/td>\n<\/tr>\n<tr>\n<td valign=\"bottom\" width=\"106\"><\/td>\n<td valign=\"bottom\" width=\"193\">31.12.2013 tarihine kadar ba\u015flan\u0131lan yat\u0131r\u0131mlar<\/td>\n<td valign=\"bottom\" width=\"110\">01.01.2014 tarihinden sonra ba\u015flan\u0131lan yat\u0131r\u0131mlar<\/td>\n<td valign=\"bottom\">31.12.2013 tarihine kadar ba\u015flan\u0131lan yat\u0131r\u0131mlar<\/td>\n<td valign=\"bottom\">01.01.2014 tarihinden sonra ba\u015flan\u0131lan yat\u0131r\u0131mlar<\/td>\n<\/tr>\n<tr>\n<td valign=\"bottom\" width=\"106\">I<\/td>\n<td valign=\"bottom\" width=\"193\">15<\/td>\n<td valign=\"bottom\" width=\"110\">10<\/td>\n<td valign=\"bottom\">25<\/td>\n<td valign=\"bottom\">20<\/td>\n<\/tr>\n<tr>\n<td valign=\"bottom\" width=\"106\">II<\/td>\n<td valign=\"bottom\" width=\"193\">20<\/td>\n<td valign=\"bottom\" width=\"110\">15<\/td>\n<td valign=\"bottom\">30<\/td>\n<td valign=\"bottom\">25<\/td>\n<\/tr>\n<tr>\n<td valign=\"bottom\" width=\"106\">III<\/td>\n<td valign=\"bottom\" width=\"193\">25<\/td>\n<td valign=\"bottom\" width=\"110\">20<\/td>\n<td valign=\"bottom\">35<\/td>\n<td valign=\"bottom\">30<\/td>\n<\/tr>\n<tr>\n<td valign=\"bottom\" width=\"106\">IV<\/td>\n<td valign=\"bottom\" width=\"193\">30<\/td>\n<td valign=\"bottom\" width=\"110\">25<\/td>\n<td valign=\"bottom\">40<\/td>\n<td valign=\"bottom\">35<\/td>\n<\/tr>\n<tr>\n<td valign=\"bottom\" width=\"106\">V<\/td>\n<td valign=\"bottom\" width=\"193\">40<\/td>\n<td valign=\"bottom\" width=\"110\">30<\/td>\n<td valign=\"bottom\">50<\/td>\n<td valign=\"bottom\">40<\/td>\n<\/tr>\n<tr>\n<td valign=\"bottom\" width=\"106\">VI<\/td>\n<td valign=\"bottom\" width=\"193\">50<\/td>\n<td valign=\"bottom\" width=\"110\">35<\/td>\n<td valign=\"bottom\">60<\/td>\n<td valign=\"bottom\">45<\/td>\n<\/tr>\n<\/tbody>\n<\/table>\n<p>&nbsp;<\/p>\n<p>Yeni te\u015fvik yasas\u0131nda, &#8220;b\u00fcy\u00fck \u00f6l\u00e7ekli yat\u0131r\u0131mlar&#8221; kapsam\u0131nda da yeralan enerji sekt\u00f6r\u00fc yat\u0131r\u0131mlar\u0131na \u00a031.12 2013 tarihine kadar ba\u015flan\u0131ld\u0131\u011f\u0131 takdirde daha y\u00fcksek oranda yat\u0131r\u0131ma katk\u0131 deste\u011fi sa\u011flan\u0131yor. 5. b\u00f6lgede yat\u0131r\u0131ma katk\u0131 oran\u0131 % 50 iken, 6. b\u00f6lgede %60 oran\u0131nda. B\u00fcy\u00fck \u00f6l\u00e7ekli yat\u0131r\u0131mlara 01\/01\/2014`den itibaren ba\u015flan\u0131lmas\u0131 durumunda ise yat\u0131r\u0131ma katk\u0131 oran\u0131nda nispeten d\u00fc\u015f\u00fc\u015f g\u00f6zleniyor; 5. b\u00f6lgede %40, 6. b\u00f6lge de % 45 oran\u0131nda uygulan\u0131yor.<\/p>\n<p><strong>VERG\u0130 \u0130ND\u0130R\u0130M\u0130 Y\u00dcZDE 90<\/strong><\/p>\n<p>&#8220;B\u00fcy\u00fck \u00f6l\u00e7ekli yat\u0131r\u0131mlara dahil olan enerji sekt\u00f6r\u00fc yat\u0131r\u0131mlar\u0131 5. ve 6. b\u00f6lgeye yap\u0131l\u0131rsa nas\u0131l bir vergi indiriminden yararlanacak?&#8221; diye sordu\u011fumuzda da vergi indiriminin 5. b\u00f6lgeye %80 vergi uygulan\u0131rken, 6. b\u00f6lgede de %90`a \u00e7\u0131kt\u0131\u011f\u0131 g\u00f6zleniyor.<\/p>\n<p>Bakan \u00c7a\u011flayan &#8220;Biz bir devrim ger\u00e7ekle\u015ftirdik, k\u0131sa bir s\u00fcre \u00f6nce yerli k\u00f6m\u00fcr\u00fcm\u00fczden elektrik enerjisi \u00fcretmek i\u00e7in yat\u0131r\u0131m yapanlara, sanki Kahramanmara\u015f`ta, Ad\u0131yaman`da, Tunceli`de, yat\u0131r\u0131m yapm\u0131\u015f gibi 5. b\u00f6lge deste\u011fi verdik, b\u00fct\u00fcn mesele burada biran \u00f6nce d\u0131\u015fa ba\u011f\u0131ml\u0131l\u0131\u011f\u0131m\u0131z\u0131 ve cari a\u00e7\u0131\u011f\u0131 azaltmak, mevcut \u00a0enerji kaynaklar\u0131m\u0131z\u0131n rezervi talebi kar\u015f\u0131lamaya yetmiyor&#8221; diyerek T\u00fcrkiye`nin enerjide ithalat oran\u0131n\u0131 en aza indirecek bir yap\u0131ya d\u00f6n\u00fc\u015fme s\u00fcrecinde oldu\u011funu belirtiyor.<\/p>\n<p>Kaynak: <a href=\"http:\/\/enerjigunlugu.net\/enerji-yatirimlarina-elini-cabuk-tut-tesvigi!_3321.html#.UX4bRcq85QU\" target=\"_blank\">Enerji G\u00fcnl\u00fc\u011f\u00fc<\/a><\/p>","protected":false},"excerpt":{"rendered":"<p>Sorry, this entry is only available in Turkish. For the sake of viewer convenience, the content is shown below in the alternative language. You may click the link to switch the active language.Yeni te\u015fvik sistemine g\u00f6re enerji yat\u0131r\u0131mlar\u0131na d\u00f6n\u00fck &#8220;b\u00f6lgesel destekler&#8221;e bak\u0131ld\u0131\u011f\u0131nda 2013`\u00fcn sonuna kadar ba\u015fvuranlar, 2014`e oranla daha y\u00fcksek oranlarda te\u015fvik alacak. Ekonomi Bakan\u0131 [&hellip;]<\/p>\n","protected":false},"author":1,"featured_media":10285,"comment_status":"open","ping_status":"open","sticky":false,"template":"","format":"standard","meta":[],"categories":[53],"tags":[4939,4940,63,67,165,18,532,4942,4941],"views":722,"_links":{"self":[{"href":"https:\/\/www.enerjigazetesi.ist\/en\/wp-json\/wp\/v2\/posts\/10284"}],"collection":[{"href":"https:\/\/www.enerjigazetesi.ist\/en\/wp-json\/wp\/v2\/posts"}],"about":[{"href":"https:\/\/www.enerjigazetesi.ist\/en\/wp-json\/wp\/v2\/types\/post"}],"author":[{"embeddable":true,"href":"https:\/\/www.enerjigazetesi.ist\/en\/wp-json\/wp\/v2\/users\/1"}],"replies":[{"embeddable":true,"href":"https:\/\/www.enerjigazetesi.ist\/en\/wp-json\/wp\/v2\/comments?post=10284"}],"version-history":[{"count":2,"href":"https:\/\/www.enerjigazetesi.ist\/en\/wp-json\/wp\/v2\/posts\/10284\/revisions"}],"predecessor-version":[{"id":10287,"href":"https:\/\/www.enerjigazetesi.ist\/en\/wp-json\/wp\/v2\/posts\/10284\/revisions\/10287"}],"wp:featuredmedia":[{"embeddable":true,"href":"https:\/\/www.enerjigazetesi.ist\/en\/wp-json\/wp\/v2\/media\/10285"}],"wp:attachment":[{"href":"https:\/\/www.enerjigazetesi.ist\/en\/wp-json\/wp\/v2\/media?parent=10284"}],"wp:term":[{"taxonomy":"category","embeddable":true,"href":"https:\/\/www.enerjigazetesi.ist\/en\/wp-json\/wp\/v2\/categories?post=10284"},{"taxonomy":"post_tag","embeddable":true,"href":"https:\/\/www.enerjigazetesi.ist\/en\/wp-json\/wp\/v2\/tags?post=10284"}],"curies":[{"name":"wp","href":"https:\/\/api.w.org\/{rel}","templated":true}]}}