{"id":10281,"date":"2013-04-29T09:55:34","date_gmt":"2013-04-29T06:55:34","guid":{"rendered":"https:\/\/www.enerjigazetesi.ist\/?p=10281"},"modified":"2013-04-29T09:55:34","modified_gmt":"2013-04-29T06:55:34","slug":"tunceliden-akilli-elektrikli-otomobil-projesi","status":"publish","type":"post","link":"https:\/\/www.enerjigazetesi.ist\/en\/tunceliden-akilli-elektrikli-otomobil-projesi\/","title":{"rendered":"(Turkish) Tunceli`den Ak\u0131ll\u0131 Elektrikli Otomobil Projesi"},"content":{"rendered":"<p class=\"qtranxs-available-languages-message qtranxs-available-languages-message-en\">Sorry, this entry is only available in <a href=\"https:\/\/www.enerjigazetesi.ist\/tr\/wp-json\/wp\/v2\/posts\/10281\" class=\"qtranxs-available-language-link qtranxs-available-language-link-tr\" title=\"Turkish\">Turkish<\/a>. For the sake of viewer convenience, the content is shown below in the alternative language. You may click the link to switch the active language.<\/p><p><strong>Tunceli ve F\u0131rat \u00fcniversitelerinden \u00f6\u011fretim \u00fcyeleri ve \u00f6\u011frencilerin haz\u0131rlad\u0131\u011f\u0131 &#8220;Ters Rel\u00fcktans Motorlu, Elektrikli Otomobilin Tasar\u0131m\u0131, \u0130malat\u0131 ve Kontrol\u00fc&#8221; projesi, T\u00dcB\u0130TAK taraf\u0131ndan onayland\u0131.<\/strong><a href=\"https:\/\/www.enerjigazetesi.ist\/wp-content\/uploads\/2013\/04\/elektrikli-tasit-HI-134125.jpg\"><img loading=\"lazy\" class=\"alignright size-medium wp-image-10282\" title=\"elektrikli-tasit--HI-134125\" src=\"https:\/\/www.enerjigazetesi.ist\/wp-content\/uploads\/2013\/04\/elektrikli-tasit-HI-134125-300x188.jpg\" alt=\"\" width=\"300\" height=\"188\" srcset=\"https:\/\/www.enerjigazetesi.ist\/wp-content\/uploads\/2013\/04\/elektrikli-tasit-HI-134125-300x188.jpg 300w, https:\/\/www.enerjigazetesi.ist\/wp-content\/uploads\/2013\/04\/elektrikli-tasit-HI-134125-80x50.jpg 80w, https:\/\/www.enerjigazetesi.ist\/wp-content\/uploads\/2013\/04\/elektrikli-tasit-HI-134125.jpg 467w\" sizes=\"(max-width: 300px) 100vw, 300px\" \/><\/a><\/p>\n<p>T\u00dcB\u0130TAK taraf\u0131ndan \u00d6ncelikli Alanlar Ar-Ge Projeleri Destekleme Program\u0131 kapsam\u0131nda desteklenen ve yakla\u015f\u0131k 1 milyon lira b\u00fct\u00e7eli proje kapsam\u0131nda, &#8220;ak\u0131ll\u0131 arac\u0131n&#8221; 24 ayda tasarlan\u0131p imal edilmesi ve &#8220;Ters Rel\u00fcktans Motorlu, Elektrikli Otomobilin Tasar\u0131m\u0131, \u0130malat\u0131 ve Kontrol\u00fc&#8221; projesinin 24 ayda bitirilmesi ve 6 ay da test edilmesi planlan\u0131yor.<\/p>\n<p>Tunceli \u00dcniversitesi Elektrik-Elektronik M\u00fchendisli\u011fi B\u00f6l\u00fcm Ba\u015fkan\u0131 Yrd. Do\u00e7. Dr. Zeki Oma\u00e7, haz\u0131rlad\u0131klar\u0131 projeyle, tamamen yerli elektrikli otomobil hedefinin ger\u00e7ekle\u015ftirilmesine katk\u0131 sa\u011flayacak ara\u015ft\u0131rmalar yap\u0131laca\u011f\u0131n\u0131 s\u00f6yledi.<\/p>\n<p>Geli\u015fen teknolojilere yat\u0131r\u0131m yap\u0131lmas\u0131 gerekti\u011fini belirten Oma\u00e7, &#8220;Hem ilimizi hem \u00fclkemizi ileri ta\u015f\u0131mam\u0131z laz\u0131m. Bu, ciddi bir projedir. T\u00dcB\u0130TAK`\u0131n da buna destek vermesi \u00e7ok isabetli ve yerinde. Tunceli \u00dcniversitesinin de b\u00f6yle bir projede yer almas\u0131 \u00e7ok \u00f6nemli. D\u00f6rt y\u0131ll\u0131k ge\u00e7mi\u015fi olan bir \u00fcniversite b\u00f6yle \u00e7al\u0131\u015fmalar yap\u0131yor. Bunun \u00fcniversite a\u00e7\u0131s\u0131ndan \u00e7ok prestij getirecek bir \u00e7al\u0131\u015fma oldu\u011funu s\u00f6yleyebilirim&#8221; diye konu\u015ftu.<\/p>\n<p>Kaynak: <a href=\"http:\/\/enerjigunlugu.net\/tunceliden-akilli-elektrikli-otomobil-projesi_3319.html#.UX4ZLsq85QU\" target=\"_blank\">Enerji G\u00fcnl\u00fc\u011f\u00fc<\/a><\/p>","protected":false},"excerpt":{"rendered":"<p>Sorry, this entry is only available in Turkish. For the sake of viewer convenience, the content is shown below in the alternative language. You may click the link to switch the active language.Tunceli ve F\u0131rat \u00fcniversitelerinden \u00f6\u011fretim \u00fcyeleri ve \u00f6\u011frencilerin haz\u0131rlad\u0131\u011f\u0131 &#8220;Ters Rel\u00fcktans Motorlu, Elektrikli Otomobilin Tasar\u0131m\u0131, \u0130malat\u0131 ve Kontrol\u00fc&#8221; projesi, T\u00dcB\u0130TAK taraf\u0131ndan onayland\u0131. T\u00dcB\u0130TAK [&hellip;]<\/p>\n","protected":false},"author":1,"featured_media":10282,"comment_status":"open","ping_status":"open","sticky":false,"template":"","format":"standard","meta":[],"categories":[51,53],"tags":[4937,4934,63,67,4938,4936,1971,4935],"views":634,"_links":{"self":[{"href":"https:\/\/www.enerjigazetesi.ist\/en\/wp-json\/wp\/v2\/posts\/10281"}],"collection":[{"href":"https:\/\/www.enerjigazetesi.ist\/en\/wp-json\/wp\/v2\/posts"}],"about":[{"href":"https:\/\/www.enerjigazetesi.ist\/en\/wp-json\/wp\/v2\/types\/post"}],"author":[{"embeddable":true,"href":"https:\/\/www.enerjigazetesi.ist\/en\/wp-json\/wp\/v2\/users\/1"}],"replies":[{"embeddable":true,"href":"https:\/\/www.enerjigazetesi.ist\/en\/wp-json\/wp\/v2\/comments?post=10281"}],"version-history":[{"count":1,"href":"https:\/\/www.enerjigazetesi.ist\/en\/wp-json\/wp\/v2\/posts\/10281\/revisions"}],"predecessor-version":[{"id":10283,"href":"https:\/\/www.enerjigazetesi.ist\/en\/wp-json\/wp\/v2\/posts\/10281\/revisions\/10283"}],"wp:featuredmedia":[{"embeddable":true,"href":"https:\/\/www.enerjigazetesi.ist\/en\/wp-json\/wp\/v2\/media\/10282"}],"wp:attachment":[{"href":"https:\/\/www.enerjigazetesi.ist\/en\/wp-json\/wp\/v2\/media?parent=10281"}],"wp:term":[{"taxonomy":"category","embeddable":true,"href":"https:\/\/www.enerjigazetesi.ist\/en\/wp-json\/wp\/v2\/categories?post=10281"},{"taxonomy":"post_tag","embeddable":true,"href":"https:\/\/www.enerjigazetesi.ist\/en\/wp-json\/wp\/v2\/tags?post=10281"}],"curies":[{"name":"wp","href":"https:\/\/api.w.org\/{rel}","templated":true}]}}