{"id":102806,"date":"2019-11-13T12:38:59","date_gmt":"2019-11-13T09:38:59","guid":{"rendered":"https:\/\/www.enerjigazetesi.ist\/?p=102806"},"modified":"2019-11-13T12:39:27","modified_gmt":"2019-11-13T09:39:27","slug":"schneider-electric-servisler-is-birimine-yeni-bir-atama-yapildi","status":"publish","type":"post","link":"https:\/\/www.enerjigazetesi.ist\/en\/schneider-electric-servisler-is-birimine-yeni-bir-atama-yapildi\/","title":{"rendered":"(Turkish) &#8217;Schneider Electric&#8217; Servisler \u0130\u015f Birimi&#8217;ne Yeni Bir Atama Yap\u0131ld\u0131"},"content":{"rendered":"<p class=\"qtranxs-available-languages-message qtranxs-available-languages-message-en\">Sorry, this entry is only available in <a href=\"https:\/\/www.enerjigazetesi.ist\/tr\/wp-json\/wp\/v2\/posts\/102806\" class=\"qtranxs-available-language-link qtranxs-available-language-link-tr\" title=\"Turkish\">Turkish<\/a>. For the sake of viewer convenience, the content is shown below in the alternative language. You may click the link to switch the active language.<\/p><p><\/p>\n<h1><strong>Schneider Electric Servisler \u0130\u015f Birimi, Global Ticari Operasyonlar \u0130\u015f Geli\u015ftirmeden Sorumlu Ba\u015fkan Yard\u0131mc\u0131l\u0131\u011f\u0131 g\u00f6revine S\u00fcleyman Aydemir getirildi.<\/strong><\/h1>\n<p>Enerji y\u00f6netimi ve otomasyonda d\u00fcnya \u00e7ap\u0131nda uzman olan Schneider Electric; Schneider Electric Servisler \u0130\u015f Birimi, Global Ticari Operasyonlar \u0130\u015f Geli\u015ftirmeden Sorumlu Ba\u015fkan Yard\u0131mc\u0131l\u0131\u011f\u0131 g\u00f6revine S\u00fcleyman Aydemir\u2019in atand\u0131\u011f\u0131n\u0131 duyurdu. Aydemir, yeni g\u00f6revi kapsam\u0131nda \u015firketin Hong Kong ofisine <img loading=\"lazy\" class=\"alignright wp-image-102808\" src=\"https:\/\/www.enerjigazetesi.ist\/wp-content\/uploads\/2019\/11\/schneider-electric-servisler-is-birimine-yeni-bir-atama-yapildi.jpg\" alt=\"\" width=\"320\" height=\"241\" srcset=\"https:\/\/www.enerjigazetesi.ist\/wp-content\/uploads\/2019\/11\/schneider-electric-servisler-is-birimine-yeni-bir-atama-yapildi.jpg 648w, https:\/\/www.enerjigazetesi.ist\/wp-content\/uploads\/2019\/11\/schneider-electric-servisler-is-birimine-yeni-bir-atama-yapildi-300x226.jpg 300w, https:\/\/www.enerjigazetesi.ist\/wp-content\/uploads\/2019\/11\/schneider-electric-servisler-is-birimine-yeni-bir-atama-yapildi-500x377.jpg 500w, https:\/\/www.enerjigazetesi.ist\/wp-content\/uploads\/2019\/11\/schneider-electric-servisler-is-birimine-yeni-bir-atama-yapildi-66x50.jpg 66w\" sizes=\"(max-width: 320px) 100vw, 320px\" \/>ta\u015f\u0131nacak ve k\u00fcresel \u00e7apta \u015firketin i\u015f ve ticari stratejilerinin geli\u015ftirilmesi ve hizmet y\u00f6netiminden sorumlu olacak.<\/p>\n<p>Kariyerine 2000 y\u0131l\u0131nda ba\u015flayan ve 2002 y\u0131l\u0131nda Schneider Electric\u2019e kat\u0131lan Aydemir, servis m\u00fchendisli\u011fi, saha hizmetleri, proje ve sat\u0131\u015f m\u00fchendisli\u011fi, pazarlama gibi alanlarda g\u00f6revler \u00fcstlendi. 2010 y\u0131l\u0131nda Enerji Birimi Proje Sat\u0131\u015f M\u00fcd\u00fcr\u00fc olan Aydemir, 2015 y\u0131l\u0131nda ise Schneider Electric T\u00fcrkiye ve Orta Asya Saha Hizmetleri Genel M\u00fcd\u00fcr Yard\u0131mc\u0131l\u0131\u011f\u0131 g\u00f6revine getirildi. Aydemir bu g\u00f6revinde b\u00f6lge \u00fclkelerinde sat\u0131\u015f ve saha y\u00f6netimi, pazarlama, tedarik zinciri, kalite ve i\u015f g\u00fcvenli\u011fi y\u00f6netimi alanlar\u0131nda ba\u015far\u0131l\u0131 \u00e7al\u0131\u015fmalara imza att\u0131.<\/p>\n<p>Aydemir, 1999 y\u0131l\u0131nda \u0130stanbul Teknik \u00dcniversitesi Elektrik M\u00fchendisli\u011fi b\u00f6l\u00fcm\u00fcnden mezun olmu\u015ftur. 2015 y\u0131l\u0131nda Ko\u00e7 \u00dcniversitesi Executive MBA, 2016 y\u0131l\u0131nda ise Yale \u00dcniversitesi Davran\u0131\u015fsal Ekonomi programlar\u0131n\u0131 tamamlam\u0131\u015ft\u0131r.<\/p>","protected":false},"excerpt":{"rendered":"<p>Sorry, this entry is only available in Turkish. For the sake of viewer convenience, the content is shown below in the alternative language. You may click the link to switch the active language. Schneider Electric Servisler \u0130\u015f Birimi, Global Ticari Operasyonlar \u0130\u015f Geli\u015ftirmeden Sorumlu Ba\u015fkan Yard\u0131mc\u0131l\u0131\u011f\u0131 g\u00f6revine S\u00fcleyman Aydemir getirildi. Enerji y\u00f6netimi ve otomasyonda d\u00fcnya [&hellip;]<\/p>\n","protected":false},"author":1,"featured_media":102808,"comment_status":"open","ping_status":"open","sticky":false,"template":"","format":"standard","meta":[],"categories":[51,53],"tags":[52674,52259,60819,60822,60820,2834,4157,60821],"views":342,"_links":{"self":[{"href":"https:\/\/www.enerjigazetesi.ist\/en\/wp-json\/wp\/v2\/posts\/102806"}],"collection":[{"href":"https:\/\/www.enerjigazetesi.ist\/en\/wp-json\/wp\/v2\/posts"}],"about":[{"href":"https:\/\/www.enerjigazetesi.ist\/en\/wp-json\/wp\/v2\/types\/post"}],"author":[{"embeddable":true,"href":"https:\/\/www.enerjigazetesi.ist\/en\/wp-json\/wp\/v2\/users\/1"}],"replies":[{"embeddable":true,"href":"https:\/\/www.enerjigazetesi.ist\/en\/wp-json\/wp\/v2\/comments?post=102806"}],"version-history":[{"count":0,"href":"https:\/\/www.enerjigazetesi.ist\/en\/wp-json\/wp\/v2\/posts\/102806\/revisions"}],"wp:featuredmedia":[{"embeddable":true,"href":"https:\/\/www.enerjigazetesi.ist\/en\/wp-json\/wp\/v2\/media\/102808"}],"wp:attachment":[{"href":"https:\/\/www.enerjigazetesi.ist\/en\/wp-json\/wp\/v2\/media?parent=102806"}],"wp:term":[{"taxonomy":"category","embeddable":true,"href":"https:\/\/www.enerjigazetesi.ist\/en\/wp-json\/wp\/v2\/categories?post=102806"},{"taxonomy":"post_tag","embeddable":true,"href":"https:\/\/www.enerjigazetesi.ist\/en\/wp-json\/wp\/v2\/tags?post=102806"}],"curies":[{"name":"wp","href":"https:\/\/api.w.org\/{rel}","templated":true}]}}