{"id":102659,"date":"2019-11-11T11:11:21","date_gmt":"2019-11-11T08:11:21","guid":{"rendered":"https:\/\/www.enerjigazetesi.ist\/?p=102659"},"modified":"2019-11-11T11:11:21","modified_gmt":"2019-11-11T08:11:21","slug":"temizlik-urunu-boronda-yil-sonu-hedefimiz-32-bin-ton","status":"publish","type":"post","link":"https:\/\/www.enerjigazetesi.ist\/en\/temizlik-urunu-boronda-yil-sonu-hedefimiz-32-bin-ton\/","title":{"rendered":"(Turkish) &#8221;Temizlik \u00dcr\u00fcn\u00fc BORON&#8217;da Y\u0131l Sonu Hedefimiz 32 Bin Ton&#8221;"},"content":{"rendered":"<p class=\"qtranxs-available-languages-message qtranxs-available-languages-message-en\">Sorry, this entry is only available in <a href=\"https:\/\/www.enerjigazetesi.ist\/tr\/wp-json\/wp\/v2\/posts\/102659\" class=\"qtranxs-available-language-link qtranxs-available-language-link-tr\" title=\"Turkish\">Turkish<\/a>. For the sake of viewer convenience, the content is shown below in the alternative language. You may click the link to switch the active language.<\/p><p><\/p>\n<h1><strong>ENERJ\u0130 ve Tabii Kaynaklar Bakan\u0131 Fatih D\u00f6nmez taraf\u0131ndan\u00a0yerli temizlik \u00fcr\u00fcn\u00fc Boron ile \u00e7e\u015fitlili\u011fi art\u0131rd\u0131klar\u0131n\u0131 dile getiren, &#8220;Bug\u00fcnden itibaren renkli ve beyazlar i\u00e7in s\u0131v\u0131 ve toz olmak \u00fczere d\u00f6rt <img loading=\"lazy\" class=\"alignright wp-image-102661\" src=\"https:\/\/www.enerjigazetesi.ist\/wp-content\/uploads\/2019\/11\/temizlik-urunu-boronda-yil-sonu-hedefimiz-32-bin-ton.jpg\" alt=\"\" width=\"320\" height=\"320\" srcset=\"https:\/\/www.enerjigazetesi.ist\/wp-content\/uploads\/2019\/11\/temizlik-urunu-boronda-yil-sonu-hedefimiz-32-bin-ton.jpg 450w, https:\/\/www.enerjigazetesi.ist\/wp-content\/uploads\/2019\/11\/temizlik-urunu-boronda-yil-sonu-hedefimiz-32-bin-ton-150x150.jpg 150w, https:\/\/www.enerjigazetesi.ist\/wp-content\/uploads\/2019\/11\/temizlik-urunu-boronda-yil-sonu-hedefimiz-32-bin-ton-300x300.jpg 300w, https:\/\/www.enerjigazetesi.ist\/wp-content\/uploads\/2019\/11\/temizlik-urunu-boronda-yil-sonu-hedefimiz-32-bin-ton-400x400.jpg 400w, https:\/\/www.enerjigazetesi.ist\/wp-content\/uploads\/2019\/11\/temizlik-urunu-boronda-yil-sonu-hedefimiz-32-bin-ton-50x50.jpg 50w, https:\/\/www.enerjigazetesi.ist\/wp-content\/uploads\/2019\/11\/temizlik-urunu-boronda-yil-sonu-hedefimiz-32-bin-ton-100x100.jpg 100w\" sizes=\"(max-width: 320px) 100vw, 320px\" \/>farkl\u0131 BORON \u00fcr\u00fcn\u00fc raflardaki yerini almaya ba\u015flayacak.&#8221; dedi.<\/strong><\/h1>\n<p>ET\u0130 Maden\u2019in y\u00fcr\u00fctt\u00fc\u011f\u00fc <strong>Ar-Ge \u00e7al\u0131\u015fmalar\u0131<\/strong> ve m\u00fc\u015fteri geri bildirimleriyle <strong>yerli temizlik \u00fcr\u00fcn\u00fcn\u00fc<\/strong> her ge\u00e7en g\u00fcn daha da geli\u015ftirdi\u011fini dile getiren D\u00f6nmez, &#8220;BORON yakla\u015f\u0131k <strong>10 ay \u00f6nce<\/strong> piyasaya \u00e7\u0131kt\u0131\u011f\u0131nda milletimizin b\u00fcy\u00fck bir tevecc\u00fch\u00fcyle kar\u015f\u0131la\u015ft\u0131. Bug\u00fcnden itibaren <strong>renkli ve beyazlar i\u00e7in s\u0131v\u0131 ve toz olmak<\/strong> \u00fczere <strong>4<\/strong> farkl\u0131 <strong>BORON<\/strong> raflardaki yerini almaya ba\u015flayacak.&#8221; ifadelerini kulland\u0131.<\/p>\n<p>Ayr\u0131ca D\u00f6nmez, \u00fcr\u00fcn\u00fcn <strong>Ar-Ge s\u00fcre\u00e7lerinin<\/strong> devam etti\u011fini belirterek, &#8220;Bula\u015f\u0131k makineleri ve elde y\u0131kama i\u00e7in <strong>do\u011fal mineralli bula\u015f\u0131k temizlik \u00fcr\u00fcn\u00fc<\/strong> geli\u015ftirmek i\u00e7in de \u00e7al\u0131\u015fmalar s\u00fcr\u00fcyor. \u00d6n\u00fcm\u00fczdeki y\u0131l\u0131n <strong>ilk \u00e7eyre\u011finde<\/strong> m\u00fc\u015fterimizle bulu\u015fturmu\u015f olaca\u011f\u0131z.&#8221;dedi.<\/p>","protected":false},"excerpt":{"rendered":"<p>Sorry, this entry is only available in Turkish. For the sake of viewer convenience, the content is shown below in the alternative language. You may click the link to switch the active language. ENERJ\u0130 ve Tabii Kaynaklar Bakan\u0131 Fatih D\u00f6nmez taraf\u0131ndan\u00a0yerli temizlik \u00fcr\u00fcn\u00fc Boron ile \u00e7e\u015fitlili\u011fi art\u0131rd\u0131klar\u0131n\u0131 dile getiren, &#8220;Bug\u00fcnden itibaren renkli ve beyazlar i\u00e7in [&hellip;]<\/p>\n","protected":false},"author":1,"featured_media":102661,"comment_status":"open","ping_status":"open","sticky":false,"template":"","format":"standard","meta":[],"categories":[53],"tags":[11683,60624,46792,60625,52259,1389,16147,27530,60627,60626,55152],"views":438,"_links":{"self":[{"href":"https:\/\/www.enerjigazetesi.ist\/en\/wp-json\/wp\/v2\/posts\/102659"}],"collection":[{"href":"https:\/\/www.enerjigazetesi.ist\/en\/wp-json\/wp\/v2\/posts"}],"about":[{"href":"https:\/\/www.enerjigazetesi.ist\/en\/wp-json\/wp\/v2\/types\/post"}],"author":[{"embeddable":true,"href":"https:\/\/www.enerjigazetesi.ist\/en\/wp-json\/wp\/v2\/users\/1"}],"replies":[{"embeddable":true,"href":"https:\/\/www.enerjigazetesi.ist\/en\/wp-json\/wp\/v2\/comments?post=102659"}],"version-history":[{"count":0,"href":"https:\/\/www.enerjigazetesi.ist\/en\/wp-json\/wp\/v2\/posts\/102659\/revisions"}],"wp:featuredmedia":[{"embeddable":true,"href":"https:\/\/www.enerjigazetesi.ist\/en\/wp-json\/wp\/v2\/media\/102661"}],"wp:attachment":[{"href":"https:\/\/www.enerjigazetesi.ist\/en\/wp-json\/wp\/v2\/media?parent=102659"}],"wp:term":[{"taxonomy":"category","embeddable":true,"href":"https:\/\/www.enerjigazetesi.ist\/en\/wp-json\/wp\/v2\/categories?post=102659"},{"taxonomy":"post_tag","embeddable":true,"href":"https:\/\/www.enerjigazetesi.ist\/en\/wp-json\/wp\/v2\/tags?post=102659"}],"curies":[{"name":"wp","href":"https:\/\/api.w.org\/{rel}","templated":true}]}}