{"id":102549,"date":"2019-11-08T19:23:31","date_gmt":"2019-11-08T16:23:31","guid":{"rendered":"https:\/\/www.enerjigazetesi.ist\/?p=102549"},"modified":"2019-11-08T19:24:18","modified_gmt":"2019-11-08T16:24:18","slug":"viessmann-turkiyede-varligimizi-ve-yatirimlarimizi-arttirarak-surdurecegiz","status":"publish","type":"post","link":"https:\/\/www.enerjigazetesi.ist\/en\/viessmann-turkiyede-varligimizi-ve-yatirimlarimizi-arttirarak-surdurecegiz\/","title":{"rendered":"(Turkish) Viessmann: &#8220;T\u00fcrkiye&#8217;deki Yat\u0131r\u0131mlar\u0131m\u0131z\u0131 Artt\u0131rarak S\u00fcrd\u00fcrece\u011fiz&#8221;"},"content":{"rendered":"<p class=\"qtranxs-available-languages-message qtranxs-available-languages-message-en\">Sorry, this entry is only available in <a href=\"https:\/\/www.enerjigazetesi.ist\/tr\/wp-json\/wp\/v2\/posts\/102549\" class=\"qtranxs-available-language-link qtranxs-available-language-link-tr\" title=\"Turkish\">Turkish<\/a>. For the sake of viewer convenience, the content is shown below in the alternative language. You may click the link to switch the active language.<\/p><p><\/p>\n<h1><strong>25&#8217;inci y\u0131l etkinlikleri i\u00e7in T\u00fcrkiye\u2019ye gelen \u015firketin CEO\u2019su Maximilian Viessmann, 25 y\u0131l\u0131n bir ba\u015flang\u0131\u00e7 oldu\u011funu ve derin bir ba\u011fl\u0131l\u0131kla T\u00fcrkiye\u2019de de\u011fer \u00fcretmeye ve yat\u0131r\u0131m yapmaya devam edeceklerini s\u00f6yledi.\u00a0<\/strong><strong>Viessmann A.\u015e. Genel M\u00fcd\u00fcr\u00fc Dr. Celalettin \u00c7elik ise, 2013 y\u0131l\u0131nda en ileri \u00e7evreci teknolojilerle kurduklar\u0131 Manisa\u2019daki \u00e7evre dostu fabrika ile T\u00fcrkiye ekonomisine en \u00fcst d\u00fczeyde katma de\u011fer yaratmaktan \u00f6t\u00fcr\u00fc gururlu olduklar\u0131n\u0131 vurgulad\u0131. Dr. \u00c7elik, \u201c2013 y\u0131l\u0131ndan bu yana \u00fcretimden sat\u0131\u015flar\u0131m\u0131z y\u0131ll\u0131k ortalama %15 seviyesinde art\u0131yor. Ekonomide normalle\u015fmenin s\u00fcrece\u011fi 2020\u2019de de \u00e7ift haneli b\u00fcy\u00fcmeye devam edece\u011fimizi \u00f6ng\u00f6r\u00fcyoruz,\u201d dedi.<\/strong><\/h1>\n<p>25&#8217;inci y\u0131ld\u00f6n\u00fcm\u00fc vesilesiyle d\u00fczenlenen bas\u0131n toplant\u0131s\u0131nda konu\u015fan Viessmann Group CEO\u2019su ve kurucu ailenin 4. ku\u015fak temsilcisi Maximilian Viessmann, T\u00fcrk toplumu ve ekonomisinin \u00e7eyrek as\u0131rd\u0131r <img loading=\"lazy\" class=\"alignright wp-image-102553\" src=\"https:\/\/www.enerjigazetesi.ist\/wp-content\/uploads\/2019\/11\/viessmann-turkiyede-varligimizi-ve-yatirimlarimizi-arttirarak-surdurecegiz-2.jpg\" alt=\"\" width=\"320\" height=\"480\" srcset=\"https:\/\/www.enerjigazetesi.ist\/wp-content\/uploads\/2019\/11\/viessmann-turkiyede-varligimizi-ve-yatirimlarimizi-arttirarak-surdurecegiz-2.jpg 325w, https:\/\/www.enerjigazetesi.ist\/wp-content\/uploads\/2019\/11\/viessmann-turkiyede-varligimizi-ve-yatirimlarimizi-arttirarak-surdurecegiz-2-200x300.jpg 200w, https:\/\/www.enerjigazetesi.ist\/wp-content\/uploads\/2019\/11\/viessmann-turkiyede-varligimizi-ve-yatirimlarimizi-arttirarak-surdurecegiz-2-266x400.jpg 266w, https:\/\/www.enerjigazetesi.ist\/wp-content\/uploads\/2019\/11\/viessmann-turkiyede-varligimizi-ve-yatirimlarimizi-arttirarak-surdurecegiz-2-33x50.jpg 33w\" sizes=\"(max-width: 320px) 100vw, 320px\" \/>bir par\u00e7as\u0131 olmaktan gurur duyduklar\u0131n\u0131 kaydetti. Viessmann\u2019\u0131n kurulu\u015funun 100. y\u0131l\u0131 olan 2017\u2019de CEO olarak \u00e7al\u0131\u015fmaya ba\u015flayan ve o tarihten bu yana \u015firketin dijital d\u00f6n\u00fc\u015f\u00fcm\u00fc ile gelecek stratejilerinden sorumlu olan Maximilian Viessmann hem \u00fcretim hem de t\u00fcketim pazar\u0131 olarak T\u00fcrkiye\u2019nin \u015firketin gelece\u011fi i\u00e7in stratejik bir \u00f6neme sahip oldu\u011funu belirtti.<\/p>\n<p>1917\u2019de kurulan Viessmann Group, bug\u00fcn 12 bin \u00e7al\u0131\u015fan\u0131 ve 2.5 milyar Euro\u2019luk cirosuyla iklimlendirme \u00e7\u00f6z\u00fcmleri \u00fcretiminde uluslararas\u0131 liderlerden biri. Grubun aralar\u0131nda T\u00fcrkiye\u2019nin de bulundu\u011fu 12 \u00fclkede 23 \u00fcretim tesisi bulunuyor ve d\u00fcnya \u00e7ap\u0131nda 74 \u00fclkede da\u011f\u0131t\u0131m ve temsilcilik ofisleri ile faaliyet g\u00f6steriyor.<\/p>\n<p>Gelecek nesillerin nas\u0131l ya\u015fayaca\u011f\u0131na dair insano\u011flunun bir d\u00f6n\u00fcm noktas\u0131nda oldu\u011funu s\u00f6yleyen Maximilian Viessmann, d\u00fcnyan\u0131n gelece\u011fi i\u00e7in sorumluluk alan bir \u015firket olarak ama\u00e7lar\u0131n\u0131 \u201cGelecek nesiller i\u00e7in ya\u015fam alanlar\u0131 tasarlamak\u201d \u015feklinde yeniden belirlediklerini ve Viessmann ailesine mensup d\u00fcnyadaki 12 bin ki\u015fiden her birinin kendisini bu konuya adad\u0131\u011f\u0131n\u0131 ifade etti.<\/p>\n<p>D\u00fcnyan\u0131n giderek daha fazla de\u011fi\u015fti\u011fini ve bu durumun \u00f6zellikle iklim de\u011fi\u015fikli\u011fiyle daha fazla fark edildi\u011fini belirten Maximillian Viessmann, 2019 y\u0131l\u0131n\u0131n kaydedilen en s\u0131cak y\u0131l oldu\u011funu vurgulayarak \u201cBu sorunu ele almam\u0131z ve bunu ortak bir \u00e7aba i\u00e7erisinde yapmam\u0131z gerekiyor.\u201d dedi. T\u00fcrkiye\u2019nin bu ihtiyac\u0131 kabul etti\u011fini, bu do\u011frultuda hem T\u00fcrk hem de Alman h\u00fck\u00fcmetlerinin CO2 emisyonlar\u0131n\u0131 azaltma ve enerji verimlili\u011fi ile birlikte yenilenebilir enerji kullan\u0131m\u0131n\u0131 art\u0131rma konusunda ortak \u00e7aba g\u00f6stermek i\u00e7in taahh\u00fctte bulundu\u011funu hat\u0131rlatan Viessmann, iklimlendirme sanayiinin d\u00fcnyada toplam enerji talebinin y\u00fczde 40\u2019\u0131n\u0131n nedeni oldu\u011funu ve bir evin enerji maliyetinin yakla\u015f\u0131k y\u00fczde 80&#8217;inin \u0131s\u0131nmaya gitti\u011fini belirtti. Ge\u00e7i\u015f s\u00fcrecinin ba\u015far\u0131s\u0131na bir katk\u0131 sa\u011flamak i\u00e7in ellerine y\u00fcz y\u0131lda bir gelecek bir f\u0131rsat\u0131 ge\u00e7ti\u011fini ifade eden Maximillan Viessmann, \u201cBu nedenle, 12 bin ki\u015filik Viessmann ailesi olarak, amac\u0131m\u0131z\u0131n \u201cgelecek nesiller i\u00e7in ya\u015fam alanlar\u0131 tasarlamak\u201d oldu\u011funu a\u00e7\u0131k\u00e7a belirttik. Hepimiz buna; binalar i\u00e7indeki sa\u011fl\u0131kl\u0131 ortamlar, emisyonsuz kentsel alanlar sayesinde iklim de\u011fi\u015fikli\u011finin daha da h\u0131zlanmas\u0131n\u0131 engelleyerek katk\u0131da bulunabiliriz.\u201d \u015feklinde konu\u015ftu.<\/p>\n<p>Dijital d\u00fcnyaya entegre olan gen\u00e7 nesil sayesinde T\u00fcrkiye\u2019nin bu de\u011fi\u015fimde \u00f6nemli bir rol ald\u0131\u011f\u0131n\u0131 ve de\u011fi\u015fime a\u00e7\u0131kl\u0131\u011f\u0131 ve f\u0131rsatlar\u0131 birlikte yakalama tutkusunun Viessmann ailesi i\u00e7in e\u015fsiz oldu\u011funu vurgulayan Maximillian Viessmann, Viessmann T\u00fcrkiye\u2019nin de y\u00fcksek motivasyona sahip sat\u0131\u015f, pazarlama ve servis ekiplerinin yan\u0131 s\u0131ra Manisa&#8217;daki Ar-Ge ve \u00fcretim ekibinin de bu i\u015f birli\u011finde katk\u0131s\u0131 oldu\u011funun alt\u0131n\u0131 \u00e7izdi.<\/p>\n<p>T\u00fcrkiye\u2019deki 25 y\u0131llar\u0131n\u0131n sadece bir ba\u015flang\u0131\u00e7 oldu\u011funu belirten Maximillan Viessman, \u201cT\u00fcrkiye organizasyonumuz ve Viessmann Ailesi olarak derin bir ba\u011fl\u0131l\u0131kla T\u00fcrkiye\u2019de de\u011fer \u00fcretmeye ve yat\u0131r\u0131m yapmaya devam edece\u011fiz,\u201d \u015feklinde konu\u015ftu.<\/p>\n<h2><strong>\u201cViessmann T\u00fcrkiye \u00e7ift haneli b\u00fcy\u00fcmeye devam edecek\u201d<\/strong><\/h2>\n<p><strong>Viessmann A.\u015e.<\/strong> Genel M\u00fcd\u00fcr\u00fc Dr. Celalettin \u00c7elik ise, Viessmann\u2019\u0131n T\u00fcrkiye\u2019de \u00e7eyrek asr\u0131 bulan faaliyetlerinin \u015firket misyonuna paralel olarak istikrarl\u0131 bir \u015fekilde geli\u015fti\u011fini vurgularken, 25 senelik tecr\u00fcbeleri ve bilgi birikimleri ile T\u00fcrkiye\u2019nin iklimlendirme sekt\u00f6r\u00fcn\u00fcn en \u00f6nemli akt\u00f6rlerinden biri olarak faaliyet g\u00f6sterdiklerini s\u00f6yledi.<\/p>\n<p>Viessmann Group\u2019un 2013 y\u0131l\u0131nda, T\u00fcrkiye\u2019deki \u00e7al\u0131\u015fanlar\u0131n\u0131n en b\u00fcy\u00fck ideallerinden biri ger\u00e7ekle\u015ftirerek yat\u0131r\u0131m yapmaya karar verdi\u011fini ve 20 Milyon Euro yat\u0131r\u0131m ile Manisa Organize Sanayi B\u00f6lgesinde kombi fabrikas\u0131n\u0131 hayata ge\u00e7irdiklerini belirten \u00c7elik, \u201cBu tarihten itibaren T\u00fcrkiye\u2019de \u00fcretti\u011fimiz <strong>Viessmann kombileri<\/strong> i\u00e7 pazar\u0131n yan\u0131 s\u0131ra y\u00fcksek oranda aralar\u0131nda Avrupa \u00fclkeleri de olmak \u00fczere yurt d\u0131\u015f\u0131na ihra\u00e7 edilmeye ba\u015flad\u0131k. Yani, 2013 y\u0131l\u0131na kadar \u00fcr\u00fcnlerimiz yurt d\u0131\u015f\u0131ndan ithal edilirken, 2013 y\u0131l\u0131nda fabrikam\u0131z\u0131n a\u00e7\u0131lmas\u0131yla yerli \u00fcretici ve ihracat\u00e7\u0131 kimli\u011fi kazand\u0131k.\u201d dedi.<\/p>\n<p>Sat\u0131\u015f ve \u00fcretim organizasyonlar\u0131 ile Viessmann\u2019\u0131n <strong>300 ki\u015fiye istihdam<\/strong> sa\u011flad\u0131\u011f\u0131n\u0131 aktaran <strong>Dr. Celalettin \u00c7elik<\/strong>, yeni nesil kombilerin tasarland\u0131\u011f\u0131 Manisa\u2019daki Ar-Ge merkezinde ve yerel tedarik\u00e7i ekosistemi ile geli\u015ftirdikleri i\u015f birli\u011fi sayesinde T\u00fcrkiye ekonomisine katk\u0131 sa\u011flaman\u0131n gururunu ya\u015fad\u0131klar\u0131n\u0131 <span style=\"text-decoration: underline;\">vurgulayarak \u015funlar\u0131 ekledi:<\/span><\/p>\n<p>\u201cT\u00fcrkiye\u2019de sahip oldu\u011fumuz g\u00fc\u00e7l\u00fc marka imaj\u0131n\u0131n arkas\u0131nda, y\u00fcksek \u00fcr\u00fcn kalitesinin yan\u0131 s\u0131ra tam m\u00fc\u015fteri memnuniyetini hedefleyen nitelikli sat\u0131\u015f sonras\u0131 hizmet anlay\u0131\u015f\u0131m\u0131z bulunuyor. Teknolojinin ve \u00fcr\u00fcnlerin tan\u0131t\u0131lmas\u0131 noktas\u0131nda \u00e7ok say\u0131da <strong>e\u011fitim, seminer ve fabrika teknik gezileri<\/strong> d\u00fczenleyerek Viessmann\u2019\u0131n geni\u015f teknik literat\u00fcr\u00fcn\u00fc tesisat sekt\u00f6r\u00fcm\u00fcze kazand\u0131rd\u0131k. T\u00fcm bu \u00e7al\u0131\u015fmalar\u0131m\u0131zla T\u00fcrkiye\u2019de h\u0131zla geli\u015fen modern \u0131s\u0131 tekni\u011fi k\u00fclt\u00fcr\u00fcne \u00f6nemli katk\u0131lar sunduk ve sunmaya devam edece\u011fiz.\u201d<\/p>\n<p>Viessmann T\u00fcrkiye\u2019nin birlikte \u00e7al\u0131\u015ft\u0131\u011f\u0131 500\u2019e yak\u0131n bayi, 320 servis te\u015fkilat\u0131 ve 10 b\u00f6lge m\u00fcd\u00fcrl\u00fc\u011f\u00fc ile \u00e7ok geni\u015f bir organizasyona sahip oldu\u011funu vurgulayan \u00c7elik ayr\u0131ca, \u201cViessmann olarak, mevcut ve kapsaml\u0131 yo\u011fu\u015fmal\u0131 cihaz \u00fcr\u00fcn portf\u00f6y\u00fc ile <strong>ErP Y\u00f6netmeli\u011fi<\/strong>nin T\u00fcrkiye\u2019de y\u00fcr\u00fcrl\u00fc\u011fe girmesinden \u00f6nce de sat\u0131\u015flar\u0131m\u0131zda T\u00fcrkiye\u2019de pazar ortalamas\u0131n\u0131n \u00fczerinde bir yo\u011fu\u015fmal\u0131 cihaz pay\u0131na sahiptik. Bu bak\u0131mdan sekt\u00f6rdeki teknolojik yeniliklerimizle birlikte ErP y\u00f6netmeli\u011fi sonras\u0131nda da pazardaki pozisyonumuzu g\u00fc\u00e7lendirece\u011fimize inan\u0131yoruz. Bununla birlikte d\u00f6nemsel ekonomik dalgalanmalara ra\u011fmen Viessmann olarak T\u00fcrkiye\u2019de s\u00fcrekli ve istikrarl\u0131 b\u00fcy\u00fcme trendimizi korudu\u011fumuzu belirtmek isterim. Viessmann T\u00fcrkiye olarak ald\u0131\u011f\u0131m\u0131z \u00f6nlemler ve ba\u015far\u0131l\u0131 \u00e7al\u0131\u015fmalar\u0131m\u0131z sayesinde bu sene gerileyen pazarda pazar pay\u0131m\u0131z\u0131 art\u0131rd\u0131\u011f\u0131m\u0131z\u0131 s\u00f6yleyebilirim. 2020 y\u0131l\u0131nda ise ekonomik s\u00fcrecin normalle\u015fmeye ba\u015flamas\u0131yla 2019 y\u0131l\u0131nda kazand\u0131\u011f\u0131m\u0131z ivmeyi s\u00fcrd\u00fcrmeyi ve \u00e7ift haneli b\u00fcy\u00fcmeyi hedefliyoruz,\u201d \u015feklinde konu\u015ftu.<\/p>","protected":false},"excerpt":{"rendered":"<p>Sorry, this entry is only available in Turkish. For the sake of viewer convenience, the content is shown below in the alternative language. You may click the link to switch the active language. 25&#8217;inci y\u0131l etkinlikleri i\u00e7in T\u00fcrkiye\u2019ye gelen \u015firketin CEO\u2019su Maximilian Viessmann, 25 y\u0131l\u0131n bir ba\u015flang\u0131\u00e7 oldu\u011funu ve derin bir ba\u011fl\u0131l\u0131kla T\u00fcrkiye\u2019de de\u011fer \u00fcretmeye [&hellip;]<\/p>\n","protected":false},"author":1,"featured_media":102554,"comment_status":"open","ping_status":"open","sticky":false,"template":"","format":"standard","meta":[],"categories":[46,53],"tags":[14412,60020,60559,60558,9879,54036,53367,60557,26559,60567,60562,60561,53499,2191,60556,60563,60566,793,60565,60560,60564,6379,60568],"views":701,"_links":{"self":[{"href":"https:\/\/www.enerjigazetesi.ist\/en\/wp-json\/wp\/v2\/posts\/102549"}],"collection":[{"href":"https:\/\/www.enerjigazetesi.ist\/en\/wp-json\/wp\/v2\/posts"}],"about":[{"href":"https:\/\/www.enerjigazetesi.ist\/en\/wp-json\/wp\/v2\/types\/post"}],"author":[{"embeddable":true,"href":"https:\/\/www.enerjigazetesi.ist\/en\/wp-json\/wp\/v2\/users\/1"}],"replies":[{"embeddable":true,"href":"https:\/\/www.enerjigazetesi.ist\/en\/wp-json\/wp\/v2\/comments?post=102549"}],"version-history":[{"count":0,"href":"https:\/\/www.enerjigazetesi.ist\/en\/wp-json\/wp\/v2\/posts\/102549\/revisions"}],"wp:featuredmedia":[{"embeddable":true,"href":"https:\/\/www.enerjigazetesi.ist\/en\/wp-json\/wp\/v2\/media\/102554"}],"wp:attachment":[{"href":"https:\/\/www.enerjigazetesi.ist\/en\/wp-json\/wp\/v2\/media?parent=102549"}],"wp:term":[{"taxonomy":"category","embeddable":true,"href":"https:\/\/www.enerjigazetesi.ist\/en\/wp-json\/wp\/v2\/categories?post=102549"},{"taxonomy":"post_tag","embeddable":true,"href":"https:\/\/www.enerjigazetesi.ist\/en\/wp-json\/wp\/v2\/tags?post=102549"}],"curies":[{"name":"wp","href":"https:\/\/api.w.org\/{rel}","templated":true}]}}