{"id":102500,"date":"2019-11-08T12:04:04","date_gmt":"2019-11-08T09:04:04","guid":{"rendered":"https:\/\/www.enerjigazetesi.ist\/?p=102500"},"modified":"2019-11-08T12:05:08","modified_gmt":"2019-11-08T09:05:08","slug":"coruh-edas-is-sagligi-ve-guvenligi-egitimleri-ile-farkini-hissettiriyor","status":"publish","type":"post","link":"https:\/\/www.enerjigazetesi.ist\/en\/coruh-edas-is-sagligi-ve-guvenligi-egitimleri-ile-farkini-hissettiriyor\/","title":{"rendered":"(Turkish) &#8217;\u00c7oruh Eda\u015f&#8217; \u0130\u015f Sa\u011fl\u0131\u011f\u0131 ve G\u00fcvenli\u011fi E\u011fitimleri&#8217; ile Fark\u0131n\u0131 Hissettiriyor"},"content":{"rendered":"<p class=\"qtranxs-available-languages-message qtranxs-available-languages-message-en\">Sorry, this entry is only available in <a href=\"https:\/\/www.enerjigazetesi.ist\/tr\/wp-json\/wp\/v2\/posts\/102500\" class=\"qtranxs-available-language-link qtranxs-available-language-link-tr\" title=\"Turkish\">Turkish<\/a>. For the sake of viewer convenience, the content is shown below in the alternative language. You may click the link to switch the active language.<\/p><p><\/p>\n<h1><strong>\u00c7oruh Elektrik Da\u011f\u0131t\u0131m A.\u015e. Rize \u0130l M\u00fcd\u00fcrl\u00fc\u011f\u00fc, da\u011f\u0131t\u0131m \u015firketlerinde \u00f6l\u00fcmc\u00fcl ya da yaralanmal\u0131 kazalara kar\u015f\u0131 \u00f6nceden fark\u0131ndal\u0131k yaratmak amac\u0131 ile \u00c7ayeli Bak\u0131r \u0130\u015fletmeleri A.\u015e. ile ortak payda da bulu\u015ftu. \u0130\u015f Sa\u011fl\u0131\u011f\u0131 ve G\u00fcvenli\u011fi temal\u0131 e\u011fitime, \u00c7oruh Elektrik Da\u011f\u0131t\u0131m A.\u015e. Rize \u0130l M\u00fcd\u00fcrl\u00fc\u011f\u00fc\u2019n\u00fcn her biriminden personel kat\u0131l\u0131m g\u00f6sterirken i\u015f sa\u011fl\u0131\u011f\u0131 ve g\u00fcvenli\u011finin \u00e7al\u0131\u015fma <img loading=\"lazy\" class=\"alignright wp-image-102503\" src=\"https:\/\/www.enerjigazetesi.ist\/wp-content\/uploads\/2019\/11\/coruh-edas-is-sagligi-ve-guvenligi-egitimleri-ile-farkini-hissettiriyor-1.jpg\" alt=\"\" width=\"320\" height=\"230\" srcset=\"https:\/\/www.enerjigazetesi.ist\/wp-content\/uploads\/2019\/11\/coruh-edas-is-sagligi-ve-guvenligi-egitimleri-ile-farkini-hissettiriyor-1.jpg 680w, https:\/\/www.enerjigazetesi.ist\/wp-content\/uploads\/2019\/11\/coruh-edas-is-sagligi-ve-guvenligi-egitimleri-ile-farkini-hissettiriyor-1-300x215.jpg 300w, https:\/\/www.enerjigazetesi.ist\/wp-content\/uploads\/2019\/11\/coruh-edas-is-sagligi-ve-guvenligi-egitimleri-ile-farkini-hissettiriyor-1-500x359.jpg 500w, https:\/\/www.enerjigazetesi.ist\/wp-content\/uploads\/2019\/11\/coruh-edas-is-sagligi-ve-guvenligi-egitimleri-ile-farkini-hissettiriyor-1-70x50.jpg 70w\" sizes=\"(max-width: 320px) 100vw, 320px\" \/>hayat\u0131ndaki \u00f6nemine vurgu yap\u0131ld\u0131.<\/strong><\/h1>\n<p>&nbsp;<br \/>\n<strong>\u00c7oruh Elektrik Da\u011f\u0131t\u0131m A.\u015e.,<\/strong> da\u011f\u0131t\u0131m sekt\u00f6r\u00fc ak\u0131\u015f\u0131nda sa\u011fl\u0131\u011fa zarar verebilecek ko\u015fullar\u0131n olu\u015fmas\u0131 ihtimali ve bu ihtimallerden korunmak amac\u0131yla <strong>fark\u0131ndal\u0131k ve kavram k\u00fclt\u00fcr\u00fcn\u00fcn<\/strong> benimsetilmesi temelinde e\u011fitimlerine ara vermeden devam ediyor. Bir yenisini <strong>\u00c7ayeli Bak\u0131r \u0130\u015fletmeleri A.\u015e.<\/strong> taraf\u0131ndan b\u00fcnyesine katan \u00c7oruh EDA\u015e, <strong>i\u015f sa\u011fl\u0131\u011f\u0131 ve g\u00fcvenli\u011fi<\/strong> temas\u0131na duyarl\u0131l\u0131\u011f\u0131 ile g\u00fcndemde.<\/p>\n<p>\u00c7ayeli Bak\u0131r \u0130\u015fletmeleri A.\u015e. <strong>E\u011fitim Birimi ve \u0130\u015f G\u00fcvenli\u011fi Uzmanlar\u0131<\/strong> taraf\u0131ndan verilen e\u011fitimin ana hedefinde <strong>i\u015f sa\u011fl\u0131\u011f\u0131 ve g\u00fcvenli\u011fi<\/strong>nin \u00e7al\u0131\u015fma hayat\u0131ndaki \u00f6nemine vurgu yapman\u0131n yan\u0131 s\u0131ra g\u00fcvenlik k\u00fclt\u00fcr\u00fcn\u00fcn yayg\u0131nla\u015ft\u0131r\u0131lmas\u0131 ve peki\u015ftirilmesi rol oynad\u0131. \u0130ki g\u00fcn s\u00fcren e\u011fitim, <strong>sertifika da\u011f\u0131t\u0131m\u0131<\/strong> ile desteklenirken kal\u0131c\u0131 izler b\u0131rakacak \u00f6rnekler ile \u00f6znelli\u011fini yans\u0131tt\u0131&#8230;<\/p>","protected":false},"excerpt":{"rendered":"<p>Sorry, this entry is only available in Turkish. For the sake of viewer convenience, the content is shown below in the alternative language. You may click the link to switch the active language. \u00c7oruh Elektrik Da\u011f\u0131t\u0131m A.\u015e. Rize \u0130l M\u00fcd\u00fcrl\u00fc\u011f\u00fc, da\u011f\u0131t\u0131m \u015firketlerinde \u00f6l\u00fcmc\u00fcl ya da yaralanmal\u0131 kazalara kar\u015f\u0131 \u00f6nceden fark\u0131ndal\u0131k yaratmak amac\u0131 ile \u00c7ayeli Bak\u0131r [&hellip;]<\/p>\n","protected":false},"author":1,"featured_media":102504,"comment_status":"open","ping_status":"open","sticky":false,"template":"","format":"standard","meta":[],"categories":[51,53],"tags":[60477,39601,38288,60478,52674,52259,19241,58022,60481,60480,60479],"views":278,"_links":{"self":[{"href":"https:\/\/www.enerjigazetesi.ist\/en\/wp-json\/wp\/v2\/posts\/102500"}],"collection":[{"href":"https:\/\/www.enerjigazetesi.ist\/en\/wp-json\/wp\/v2\/posts"}],"about":[{"href":"https:\/\/www.enerjigazetesi.ist\/en\/wp-json\/wp\/v2\/types\/post"}],"author":[{"embeddable":true,"href":"https:\/\/www.enerjigazetesi.ist\/en\/wp-json\/wp\/v2\/users\/1"}],"replies":[{"embeddable":true,"href":"https:\/\/www.enerjigazetesi.ist\/en\/wp-json\/wp\/v2\/comments?post=102500"}],"version-history":[{"count":0,"href":"https:\/\/www.enerjigazetesi.ist\/en\/wp-json\/wp\/v2\/posts\/102500\/revisions"}],"wp:featuredmedia":[{"embeddable":true,"href":"https:\/\/www.enerjigazetesi.ist\/en\/wp-json\/wp\/v2\/media\/102504"}],"wp:attachment":[{"href":"https:\/\/www.enerjigazetesi.ist\/en\/wp-json\/wp\/v2\/media?parent=102500"}],"wp:term":[{"taxonomy":"category","embeddable":true,"href":"https:\/\/www.enerjigazetesi.ist\/en\/wp-json\/wp\/v2\/categories?post=102500"},{"taxonomy":"post_tag","embeddable":true,"href":"https:\/\/www.enerjigazetesi.ist\/en\/wp-json\/wp\/v2\/tags?post=102500"}],"curies":[{"name":"wp","href":"https:\/\/api.w.org\/{rel}","templated":true}]}}