{"id":102408,"date":"2019-11-06T19:44:23","date_gmt":"2019-11-06T16:44:23","guid":{"rendered":"https:\/\/www.enerjigazetesi.ist\/?p=102408"},"modified":"2019-11-06T19:44:23","modified_gmt":"2019-11-06T16:44:23","slug":"ege-maden-ihracatcilari-birligi-sektoru-izmirde-bulusturacak","status":"publish","type":"post","link":"https:\/\/www.enerjigazetesi.ist\/en\/ege-maden-ihracatcilari-birligi-sektoru-izmirde-bulusturacak\/","title":{"rendered":"(Turkish) &#8217;Ege Maden \u0130hracat\u00e7\u0131lar\u0131 Birli\u011fi&#8217; Sekt\u00f6r\u00fc \u0130zmir\u2019de Bulu\u015fturacak"},"content":{"rendered":"<p class=\"qtranxs-available-languages-message qtranxs-available-languages-message-en\">Sorry, this entry is only available in <a href=\"https:\/\/www.enerjigazetesi.ist\/tr\/wp-json\/wp\/v2\/posts\/102408\" class=\"qtranxs-available-language-link qtranxs-available-language-link-tr\" title=\"Turkish\">Turkish<\/a>. For the sake of viewer convenience, the content is shown below in the alternative language. You may click the link to switch the active language.<\/p><p><\/p>\n<h1>Madenlerin insan hayat\u0131ndaki 12 bin 500 y\u0131ll\u0131k vazge\u00e7ilmezli\u011fine dikkati \u00e7ekmek amac\u0131yla \u201cHayat\u0131m\u0131z Maden\u201d mottosuyla Ege Maden \u0130hracat\u00e7\u0131lar\u0131 Birli\u011fi (EMIB) taraf\u0131ndan d\u00fczenlenen Hayat\u0131m\u0131z Maden \u00c7al\u0131\u015ftay\u0131\u2019n\u0131n 3&#8217;\u00fcnc\u00fcs\u00fc 16 Kas\u0131m\u2019da \u0130zmir\u2019de \u201cMadencilikte \u00c7evresel S\u00fcrd\u00fcr\u00fclebilirlik\u201d temas\u0131yla ger\u00e7ekle\u015ftirilecek.<\/h1>\n<p>Madencilik sekt\u00f6r\u00fcnde faaliyet g\u00f6steren <strong>15 Sivil Toplum Kurulu\u015funun<\/strong> yer alaca\u011f\u0131 \u201cIII. Hayat\u0131m\u0131z <img loading=\"lazy\" class=\"alignright wp-image-102411\" src=\"https:\/\/www.enerjigazetesi.ist\/wp-content\/uploads\/2019\/11\/ege-maden-ihracatcilari-birligi-sektoru-izmirde-bulusturacak.jpg\" alt=\"\" width=\"320\" height=\"213\" srcset=\"https:\/\/www.enerjigazetesi.ist\/wp-content\/uploads\/2019\/11\/ege-maden-ihracatcilari-birligi-sektoru-izmirde-bulusturacak.jpg 732w, https:\/\/www.enerjigazetesi.ist\/wp-content\/uploads\/2019\/11\/ege-maden-ihracatcilari-birligi-sektoru-izmirde-bulusturacak-300x200.jpg 300w, https:\/\/www.enerjigazetesi.ist\/wp-content\/uploads\/2019\/11\/ege-maden-ihracatcilari-birligi-sektoru-izmirde-bulusturacak-500x333.jpg 500w, https:\/\/www.enerjigazetesi.ist\/wp-content\/uploads\/2019\/11\/ege-maden-ihracatcilari-birligi-sektoru-izmirde-bulusturacak-75x50.jpg 75w, https:\/\/www.enerjigazetesi.ist\/wp-content\/uploads\/2019\/11\/ege-maden-ihracatcilari-birligi-sektoru-izmirde-bulusturacak-450x300.jpg 450w\" sizes=\"(max-width: 320px) 100vw, 320px\" \/>Maden \u00c7al\u0131\u015ftay\u0131\u201dn\u0131n ana temas\u0131 \u201cS\u00fcrd\u00fcr\u00fclebilir Madencilik\u201d olarak belirlendi. \u00c7al\u0131\u015ftay\u2019da madencilik sekt\u00f6r\u00fcnde \u00e7evre dostu madencilik uygulamalar\u0131 da kamuoyu ile payla\u015f\u0131lacak.<\/p>\n<p>\u201c<strong>Hayat\u0131m\u0131z Maden \u00c7al\u0131\u015ftay\u0131<\/strong>\u201dnda, \u201cS\u00fcrd\u00fcr\u00fclebilir Madencilik\u201d temas\u0131yla \u00e7evre, mevzuat, ba\u015far\u0131 hikayeleri ba\u015fta madencilik sekt\u00f6r\u00fcn\u00fcn g\u00fcndemindeki konular\u0131n konular\u0131n\u0131n uzmanlar\u0131nca g\u00fcndeme getirilece\u011fini dile getiren <em>Ege Maden \u0130hracat\u00e7\u0131lar\u0131 Birli\u011fi<\/em> Y\u00f6netim Kurulu Ba\u015fkan\u0131 Mevl\u00fct Kaya, T\u00fcrk madencilik sekt\u00f6r\u00fcn\u00fcn kalbinin <strong>16 Kas\u0131m 2019<\/strong>&#8216;da\u00a0\u0130zmir\u2019de ataca\u011f\u0131n\u0131, 82 milyonun ev sahibi oldu\u011fu madenlerin kirac\u0131lar\u0131 olarak, \u00e7evreye duyarl\u0131 madencilik yapt\u0131klar\u0131n\u0131 kamuoyu ile payla\u015facaklar\u0131n\u0131 dile getirdi.<\/p>\n<h2><strong>Madencilik sekt\u00f6r\u00fc 15 milyar dolar ihracat potansiyeline sahip<\/strong><\/h2>\n<p>T\u00fcrkiye\u2019nin ekonomik b\u00fcy\u00fcmesine istikrarl\u0131 bir \u015fekilde katk\u0131 sa\u011flamak i\u00e7in sahip oldu\u011fu madenleri yerinde i\u015fleyerek, ekonomiye kazand\u0131rmas\u0131 ve ihracat\u0131n\u0131 artt\u0131rmas\u0131 gere\u011finin alt\u0131n\u0131 \u00e7izen EM\u0130B Ba\u015fkan\u0131 Kaya, \u201c\u0130nad\u0131na \u00fcretim, inad\u0131na ihracat slogan\u0131yla hareket ediyoruz. 2019 y\u0131l\u0131n\u0131n Ocak \u2013 Ekim d\u00f6neminde T\u00fcrkiye\u2019ye 3,6 milyar dolar d\u00f6viz kazand\u0131rd\u0131k. Madencilik sekt\u00f6r\u00fc 15 milyar dolar ihracat rakam\u0131na ula\u015facak potansiyele sahip. Bu potansiyeli ortaya \u00e7\u0131karmak i\u00e7in konunun t\u00fcm taraflar\u0131 Hayat\u0131m\u0131z Maden \u00c7al\u0131\u015ftay\u0131\u2019nda bulu\u015fup yol haritam\u0131z\u0131 belirleyece\u011fiz\u201d diye konu\u015ftu.<\/p>\n<p>Yerli ve milli madencilik vurgusu yapan EM\u0130B Ba\u015fkan\u0131 Kaya s\u00f6zlerini \u015f\u00f6yle s\u00fcrd\u00fcrd\u00fc; \u201cOturdu\u011fumuz konutlardan, kulland\u0131\u011f\u0131m\u0131z otoyollara, yedi\u011fimiz ekmekten di\u015f f\u0131r\u00e7as\u0131na, g\u00f6zl\u00fckten bilgisayara, otomobilden telefona g\u00fcnl\u00fck hayatta vazge\u00e7ilmezimiz olan t\u00fcm \u00fcr\u00fcnler madenler sayesinde hayat\u0131m\u0131za konfor kat\u0131yor. \u00dclkemizin maden ihtiyac\u0131n\u0131 kar\u015f\u0131layabilmek, d\u0131\u015fa ba\u011f\u0131ml\u0131l\u0131\u011f\u0131 azaltabilmek i\u00e7in s\u00fcrd\u00fcr\u00fclebilir bir maden \u00fcretimini ger\u00e7ekle\u015ftirmek zorunday\u0131z. Bunun i\u00e7in \u00e7evre ile dost, insan sa\u011fl\u0131\u011f\u0131n\u0131 \u00fcretiminin merkezine oturtan ve s\u00fcrd\u00fcr\u00fclebilir bir \u00fcretim zincirini iyi y\u00f6neterek amac\u0131m\u0131za ula\u015fabiliriz. D\u00fczenledi\u011fimiz \u00e7al\u0131\u015ftay bu anlamda insan ve \u00e7evre sa\u011fl\u0131\u011f\u0131na duyarl\u0131 yap\u0131lan madencilik \u00e7al\u0131\u015fmalar\u0131na ciddi bir destek anlam\u0131 ta\u015f\u0131yacak.\u201d<\/p>\n<p>\u00c7evre ve \u015eehircilik Bakanl\u0131\u011f\u0131, Enerji ve Tabii Kaynaklar Bakanl\u0131\u011f\u0131, Tar\u0131m ve Orman Bakanl\u0131\u011f\u0131, Ticaret Bakanl\u0131\u011f\u0131 ve madencilik ile ilgili t\u00fcm taraflar\u0131n yer alaca\u011f\u0131 \u201cHayat\u0131m\u0131z Maden \u00c7al\u0131\u015ftay\u0131\u201dnda Ege Maden \u0130hracat\u00e7\u0131lar\u0131 Birli\u011fi yan\u0131nda; \u0130stanbul Maden \u0130hracat\u00e7\u0131lar\u0131 Birli\u011fi, Bat\u0131 Akdeniz \u0130hracat\u00e7\u0131lar Birli\u011fi, Denizli \u0130hracat\u00e7\u0131lar Birli\u011fi, Agrega \u00dcreticileri Derne\u011fi, Alt\u0131n Madencileri Derne\u011fi, Ayd\u0131n Sanayi Odas\u0131, \u00c7anakkale Madenciler Derne\u011fi, Ege B\u00f6lgesi Madenciler Derne\u011fi, Kire\u00e7 Sanayicileri Derne\u011fi, K\u00f6m\u00fcr \u00dcreticileri Derne\u011fi, Seramik, Cam ve \u00c7imento Hammaddeleri \u00dcreticileri Derne\u011fi, T\u00fcm Mermer Do\u011falta\u015f ve Makineleri \u00dcreticileri Birli\u011fi, T\u00fcrkiye Madenciler Derne\u011fi ve Yurt Madencili\u011fini Geli\u015ftirme Vakf\u0131\u2019n\u0131n aralar\u0131nda yer ald\u0131\u011f\u0131 15 STK \u201cHayat\u0131m\u0131z Maden \u00c7al\u0131\u015ftay\u0131\u201dn\u0131n ba\u015far\u0131l\u0131 ger\u00e7ekle\u015fmesi i\u00e7in g\u00f6rev al\u0131yor<\/p>","protected":false},"excerpt":{"rendered":"<p>Sorry, this entry is only available in Turkish. For the sake of viewer convenience, the content is shown below in the alternative language. You may click the link to switch the active language. Madenlerin insan hayat\u0131ndaki 12 bin 500 y\u0131ll\u0131k vazge\u00e7ilmezli\u011fine dikkati \u00e7ekmek amac\u0131yla \u201cHayat\u0131m\u0131z Maden\u201d mottosuyla Ege Maden \u0130hracat\u00e7\u0131lar\u0131 Birli\u011fi (EMIB) taraf\u0131ndan d\u00fczenlenen Hayat\u0131m\u0131z [&hellip;]<\/p>\n","protected":false},"author":1,"featured_media":102411,"comment_status":"open","ping_status":"open","sticky":false,"template":"","format":"standard","meta":[],"categories":[53,24649],"tags":[3433,60390,2199,55987,60387,60384,52259,1972,60386,2689,53315,60388,60389,56097,45699,48422,60385],"views":226,"_links":{"self":[{"href":"https:\/\/www.enerjigazetesi.ist\/en\/wp-json\/wp\/v2\/posts\/102408"}],"collection":[{"href":"https:\/\/www.enerjigazetesi.ist\/en\/wp-json\/wp\/v2\/posts"}],"about":[{"href":"https:\/\/www.enerjigazetesi.ist\/en\/wp-json\/wp\/v2\/types\/post"}],"author":[{"embeddable":true,"href":"https:\/\/www.enerjigazetesi.ist\/en\/wp-json\/wp\/v2\/users\/1"}],"replies":[{"embeddable":true,"href":"https:\/\/www.enerjigazetesi.ist\/en\/wp-json\/wp\/v2\/comments?post=102408"}],"version-history":[{"count":0,"href":"https:\/\/www.enerjigazetesi.ist\/en\/wp-json\/wp\/v2\/posts\/102408\/revisions"}],"wp:featuredmedia":[{"embeddable":true,"href":"https:\/\/www.enerjigazetesi.ist\/en\/wp-json\/wp\/v2\/media\/102411"}],"wp:attachment":[{"href":"https:\/\/www.enerjigazetesi.ist\/en\/wp-json\/wp\/v2\/media?parent=102408"}],"wp:term":[{"taxonomy":"category","embeddable":true,"href":"https:\/\/www.enerjigazetesi.ist\/en\/wp-json\/wp\/v2\/categories?post=102408"},{"taxonomy":"post_tag","embeddable":true,"href":"https:\/\/www.enerjigazetesi.ist\/en\/wp-json\/wp\/v2\/tags?post=102408"}],"curies":[{"name":"wp","href":"https:\/\/api.w.org\/{rel}","templated":true}]}}