{"id":102402,"date":"2019-11-06T19:25:51","date_gmt":"2019-11-06T16:25:51","guid":{"rendered":"https:\/\/www.enerjigazetesi.ist\/?p=102402"},"modified":"2019-11-06T19:25:51","modified_gmt":"2019-11-06T16:25:51","slug":"yildirim-yeka-1-basari-hikayesi-olmak-zorunda","status":"publish","type":"post","link":"https:\/\/www.enerjigazetesi.ist\/en\/yildirim-yeka-1-basari-hikayesi-olmak-zorunda\/","title":{"rendered":"(Turkish) Y\u0131ld\u0131r\u0131m: &#8220;YEKA-1 Ba\u015far\u0131 Hikayesi Olmak Zorunda&#8221;"},"content":{"rendered":"<p class=\"qtranxs-available-languages-message qtranxs-available-languages-message-en\">Sorry, this entry is only available in <a href=\"https:\/\/www.enerjigazetesi.ist\/tr\/wp-json\/wp\/v2\/posts\/102402\" class=\"qtranxs-available-language-link qtranxs-available-language-link-tr\" title=\"Turkish\">Turkish<\/a>. For the sake of viewer convenience, the content is shown below in the alternative language. You may click the link to switch the active language.<\/p><p><\/p>\n<h1><strong>Tu\u0308rkiye Ru\u0308zgar Enerjisi Birlig\u0306i (TU\u0308REB) taraf\u0131ndan \u201cR\u00fczgar Enerjisi, Memleket Meselesi\u201d mottosuyla du\u0308zenlenen 8. Tu\u0308rkiye Ru\u0308zgar Enerjisi Kongresi\u2019nin 2&#8217;inci g\u00fcn\u00fc, ilk YEKA projesinde mevcut durum ve r\u00fczgarda kapasite tahsisinde at\u0131lmas\u0131 gereken ad\u0131mlar\u0131n tart\u0131\u015f\u0131ld\u0131\u011f\u0131 bir oturumla ba\u015flad\u0131. <\/strong><\/h1>\n<p>Bu y\u0131lda 5 Kas\u0131m\u2019da ba\u015flayan <strong>8&#8217;inci T\u00fcrkiye R\u00fczgar Enerjisi Kongresi<\/strong>\u2019nin 2&#8217;inci g\u00fcn\u00fc de h\u0131z <img loading=\"lazy\" class=\"alignright wp-image-102405\" src=\"https:\/\/www.enerjigazetesi.ist\/wp-content\/uploads\/2019\/11\/yildirim-yeka-1-basari-hikayesi-olmak-zorunda-1.jpg\" alt=\"\" width=\"320\" height=\"187\" srcset=\"https:\/\/www.enerjigazetesi.ist\/wp-content\/uploads\/2019\/11\/yildirim-yeka-1-basari-hikayesi-olmak-zorunda-1.jpg 836w, https:\/\/www.enerjigazetesi.ist\/wp-content\/uploads\/2019\/11\/yildirim-yeka-1-basari-hikayesi-olmak-zorunda-1-300x175.jpg 300w, https:\/\/www.enerjigazetesi.ist\/wp-content\/uploads\/2019\/11\/yildirim-yeka-1-basari-hikayesi-olmak-zorunda-1-768x448.jpg 768w, https:\/\/www.enerjigazetesi.ist\/wp-content\/uploads\/2019\/11\/yildirim-yeka-1-basari-hikayesi-olmak-zorunda-1-500x292.jpg 500w, https:\/\/www.enerjigazetesi.ist\/wp-content\/uploads\/2019\/11\/yildirim-yeka-1-basari-hikayesi-olmak-zorunda-1-80x47.jpg 80w\" sizes=\"(max-width: 320px) 100vw, 320px\" \/>kesmeden devam ediyor. Enerji \u0130\u015fleri Genel M\u00fcd\u00fcr\u00fc <strong>Murat Zekeriya Ayd\u0131n<\/strong>\u2019\u0131n moderat\u00f6rl\u00fc\u011f\u00fcnde yap\u0131lan g\u00fcn\u00fcn ilk oturumunda, \u201c\u0130lk YEKA Deneyimleri ve Gelecekteki Kapasite Tahsis Modelleri\u201d ba\u015fl\u0131\u011f\u0131 alt\u0131nda r\u00fczgarda T\u00fcrkiye\u2019nin ilk YEKA projesinde son durum ve kapasite tahsisinde at\u0131lmas\u0131 gereken ad\u0131mlar ele al\u0131nd\u0131. T\u00dcREB Ba\u015fkan\u0131 ve Kalyon Enerji CEO\u2019su Hakan Y\u0131ld\u0131r\u0131m, Siemens Gamesa Renewable Energy T\u00fcrkiye CEO\u2019su Ebru \u00c7i\u00e7ekliyurt, Enercon T\u00fcrkiye Genel M\u00fcd\u00fcr\u00fc Arif G\u00fcnyar ve Enerjisa \u00dcretim Genel M\u00fcd\u00fcr Yard\u0131mc\u0131s\u0131 \u0130smail Bilgin\u2019in konu\u015fmac\u0131 oldu\u011fu oturumda; sekt\u00f6r\u00fcn mevcut durumu, T\u00fcrkiye\u2019nin ilk r\u00fczgar t\u00fcrbin fabrikas\u0131yla ilgili geli\u015fmeler, sekt\u00f6rde yerelle\u015fmenin nas\u0131l art\u0131r\u0131labilece\u011fi ve yat\u0131r\u0131m gereklilikleri detayl\u0131 bi\u00e7imde tart\u0131\u015f\u0131ld\u0131.<\/p>\n<h2><strong>\u201cAr-Ge merkezimiz Siemens Gamesa\u2019n\u0131n d\u00fcnya genelindeki 7 Ar-Ge merkezinden biri olacak\u201d<\/strong><\/h2>\n<p><strong>Siemens Gamse Renewable Energy CEO\u2019su Ebru \u00c7i\u00e7ekliyurt<\/strong> T\u00fcrkiye\u2019nin ilk ve tek r\u00fczgar t\u00fcrbin fabrikas\u0131n\u0131n Kas\u0131m ay\u0131 sonu itibar\u0131yla \u00fcretime haz\u0131r hale gelece\u011fini belirterek \u201c<em>Fabrikam\u0131z\u0131 \u0130zmir Alia\u011fa\u2019da 40 bin metrekarelik bir yerle\u015fkede kuruyoruz. \u00d6n\u00fcm\u00fczdeki d\u00f6nem devreye alma s\u00fcreci olacak. Tedarik\u00e7ilerimiz de dahil olmak \u00fczere yakla\u015f\u0131k 500 ki\u015filik bir istihdam\u0131 yarataca\u011f\u0131m\u0131z\u0131 \u00f6ng\u00f6r\u00fcyoruz. Bu fabrikan\u0131n T\u00fcrkiye\u2019nin ilk ve tek r\u00fczgar t\u00fcrbini fabrikas\u0131 olmas\u0131n\u0131n yan\u0131 s\u0131ra \u00fclkemizde yeni geli\u015fmekte olan bir sekt\u00f6r i\u00e7in yaratt\u0131\u011f\u0131 \u00f6nemi anlaml\u0131 buluyoruz. \u00c7al\u0131\u015fanlar\u0131n\u0131n tamam\u0131 T\u00fcrk m\u00fchendislerden olu\u015fan Ar-Ge merkezimiz Siemens Gamesa\u2019n\u0131n d\u00fcnya genelindeki 7 teknoloji merkezinden biri konumunda olacak. Ayr\u0131ca yetkinlik merkezi derecesi de alacak, yani en ileri teknolojilerin geli\u015ftirildi\u011fi bir merkez olarak konumland\u0131r\u0131lacak<\/em>\u201d ifadeleri ile ilk YEKA ihalesinden bug\u00fcne geli\u015fen s\u00fcreci de\u011ferlendirdi.<\/p>\n<h2><strong>\u201cYEKA &#8211; 1 ba\u015far\u0131 hikayesi olmak zorunda\u201d<\/strong><\/h2>\n<p>Oturum konu\u015fmac\u0131lar\u0131ndan<strong> T\u00dcREB Ba\u015fkan\u0131 ve Kalyon Enerji CEO\u2019su Hakan Y\u0131ld\u0131r\u0131m <\/strong>ise, \u201c<em>\u0130haleleri kazanmak kolay gibi g\u00f6r\u00fcn\u00fcyor ancak finansman s\u00fcre\u00e7lerinde ya\u015fanan zorluklar\u0131 a\u015fan bir \u00f6\u011frenme s\u00fcreci geli\u015ftirmek \u015fart. En \u00e7ok yo\u011funla\u015ft\u0131\u011f\u0131m\u0131z \u015fey bu i\u015fin finansman\u0131 oldu\u201d <\/em>ifadelerini kullan\u0131rken <em>\u201cYEKA bir ba\u015far\u0131 hikayesi olmak zorunda\u201d <\/em>dedi.<em> \u201cYerli \u00fcretim i\u00e7in bir imalat\u00e7\u0131 ve yat\u0131r\u0131mc\u0131n\u0131n masan\u0131n ayn\u0131 taraf\u0131nda bir araya gelmesi ve birbirlerinden sorumlu olacaklar\u0131 bir yap\u0131y\u0131 olu\u015fturmas\u0131 kolay de\u011fil<\/em>\u201d diyen Y\u0131ld\u0131r\u0131m \u201d<em>Fabrikayla ilgili olarak konsorsiyum orta\u011f\u0131m\u0131z Siemens Gamesa taraf\u0131ndaki olumlu geli\u015fmeler bizi \u00e7ok motive ediyor. Ar-Ge\u2019si, fabrikas\u0131, binas\u0131 ve t\u00fcm ekipmanlar\u0131yla bu a\u015famaya gelmi\u015f olan bu projeden gurur duyuyoruz. Fabrikan\u0131n bitimiyle birlikte ilk sipari\u015flerimizi ge\u00e7meye ba\u015flayaca\u011f\u0131z ve inan\u0131yoruz ki 8-9 ay i\u00e7inde ilk t\u00fcrbinler \u00e7\u0131kmaya ba\u015flayacak<\/em>\u201d dedi. Y\u0131ld\u0131r\u0131m, \u201c<em>T\u00dcREB olarak sekt\u00f6r\u00fc iyile\u015ftirecek mekanizma \u00f6nerilerini t\u00fcm g\u00fc\u00e7l\u00fc payda\u015flar\u0131m\u0131zla birlikte geli\u015ftirmekten memnunu<\/em>z\u201d a\u00e7\u0131klamas\u0131n\u0131 da s\u00f6zlerine ekledi.<\/p>\n<p><strong>Enercon Genel M\u00fcd\u00fcr\u00fc Arif G\u00fcnyar<\/strong> konu\u015fmas\u0131nda, <strong>YEKA 1<\/strong> ve <strong>YEKA 2<\/strong> \u015fartnamelerinin s\u00fcre\u00e7 i\u00e7erisinde nas\u0131l geli\u015fti\u011fini vurgularken, oturumun moderat\u00f6rl\u00fc\u011f\u00fcn\u00fc \u00fcstlenen <strong>Enerji \u0130\u015fleri Genel M\u00fcd\u00fcr\u00fc Murat Zekeriya Ayd\u0131n <\/strong>da \u201c<em>\u015eartnameler de s\u00fcre\u00e7 i\u00e7erisinde ya\u015fayarak ve \u00fclke &amp; yat\u0131r\u0131mc\u0131 konjonkt\u00fcr\u00fcne g\u00f6re \u00f6\u011frenerek geli\u015fen bir seyir g\u00f6steriyor<\/em>\u201d dedi. <strong>Enerjisa \u00dcretim Genel M\u00fcd\u00fcr Yard\u0131mc\u0131s\u0131 \u0130smail Bilgin <\/strong>ise \u201c<em>Boyutlar\u0131 b\u00fcy\u00fctt\u00fc\u011f\u00fcn\u00fcz zaman do\u011frudan finansman maliyetlerinizi art\u0131r\u0131yorsunuz. YEKA 2, 4 ayr\u0131 b\u00f6lge i\u00e7in toplam bin megavatl\u0131k kapsam\u0131 ile hem yat\u0131r\u0131mc\u0131ya rekabet\u00e7i olmak istedi\u011fi b\u00f6lgeleri se\u00e7me f\u0131rsat\u0131 hem de daha k\u00fc\u00e7\u00fck finansman bulma imkan\u0131 verdi. \u00d6zetle \u00f6l\u00e7ek ekonomisinden yararlanabilmek i\u00e7in 250 MW\u2019l\u0131k 4 farkl\u0131 ihale iyi bir f\u0131rsatt\u0131<\/em>\u201d a\u00e7\u0131klamas\u0131n\u0131 yapt\u0131.<\/p>\n<h2><strong>T\u00dcREK, \u00f6n\u00fcm\u00fczdeki y\u0131l r\u00fczgar\u0131n ba\u015fkenti \u0130zmir\u2019de<\/strong><\/h2>\n<p>\u0130zmir Kalk\u0131nma Ajans\u0131 ile imzalanan protokol kapsam\u0131nda \u00f6n\u00fcm\u00fczdeki y\u0131l d\u00fczenlenecek olan T\u00dcREK\u2019in \u0130zmir\u2019de olaca\u011f\u0131n\u0131n alt\u0131n\u0131 \u00e7izen <strong>Hakan Y\u0131ld\u0131r\u0131m<\/strong>, \u201c<em>\u0130zmir, r\u00fczgar enerjisinin imalat\u00e7\u0131s\u0131ndan yat\u0131r\u0131mc\u0131s\u0131na kadar t\u00fcm s\u00fcre\u00e7lerinin ba\u015fkenti olmaya haz\u0131r, bunu g\u00f6zeterek ekosistemin tam kalbinde \u00f6n\u00fcm\u00fczdeki y\u0131l etkinli\u011fimizi d\u00fczenleyece\u011fimizi t\u00fcm sekt\u00f6re duyurur, hay\u0131rl\u0131 olmas\u0131n\u0131 dileriz<\/em>\u201d a\u00e7\u0131klamalar\u0131n\u0131 ekledi. \u0130zmir\u2019in son 10 y\u0131lda T\u00fcrkiye\u2019nin r\u00fczgar enerjisi sekt\u00f6r\u00fcndeki t\u00fcm imalat s\u00fcre\u00e7lerinde ilk\u2019lere ev sahipli\u011fi yapt\u0131\u011f\u0131n\u0131 vurgulayarak, \u201cDanimarka\u2019dan, \u00c7in\u2019den kanat \/ kule ta\u015f\u0131nmas\u0131 sureti ile kurulumlar\u0131n yap\u0131ld\u0131\u011f\u0131 g\u00fcnler \u00e7ok geride kald\u0131. \u00d6n\u00fcm\u00fczdeki d\u00f6nem T\u00fcrkiye gibi \u2018r\u00fczgar\u0131 memleket meselesi\u2019 yapm\u0131\u015f \u00fclkeler ile global \u015firketlerin kazan kazan ilkesine g\u00f6re i\u015fbirliklerini g\u00fc\u00e7lendirdikleri ve imalat y\u00fck\u00fcn\u00fc payla\u015ft\u0131klar\u0131 bir d\u00f6nem olacak. Biz de katma de\u011fer yaratabilmek ve yerli sanayicimiz ile global r\u00fczgar end\u00fcstrisinin bir araya geldi\u011fi s\u00fcre\u00e7te \u00fczerimize d\u00fc\u015feni yapmak i\u00e7in ad\u0131mlar\u0131 son h\u0131z atmak zorunday\u0131z\u201d dedi.<\/p>\n<p>\u0130lk panelinde \u201c<strong>I\u0307lk YEKA Deneyimleri ve Gelecekteki Kapasite Tahsis Modelleri<\/strong>\u201dnin ele al\u0131nd\u0131\u011f\u0131 Kongre\u2019nin 2&#8217;inci g\u00fcn\u00fcndeki di\u011fer <span style=\"text-decoration: underline;\">konu ba\u015fl\u0131klar\u0131 \u015fu \u015fekildedir;<\/span><\/p>\n<p>&#8211; Tu\u0308rkiye Tedarik Zincirine Genel Bak\u0131s\u0327<\/p>\n<p>&#8211; T\u00fcrkiye\u2019nin R\u00fczgar Akademisi<\/p>\n<p>&#8211; YEKDEM Sonras\u0131 D\u00f6neme Genel Bak\u0131\u015f<\/p>\n<p>&#8211; Ru\u0308zga\u0302rda O\u0308zsermaye ve Finansman Modeli<\/p>\n<p>&#8211; Dan\u0131\u015fmanlar\u0131n Sesi<\/p>\n<p>&#8211; R\u00fczgar Enerjisi Sistem Entegrasyonunda Dijitalle\u015fme<\/p>","protected":false},"excerpt":{"rendered":"<p>Sorry, this entry is only available in Turkish. For the sake of viewer convenience, the content is shown below in the alternative language. You may click the link to switch the active language. Tu\u0308rkiye Ru\u0308zgar Enerjisi Birlig\u0306i (TU\u0308REB) taraf\u0131ndan \u201cR\u00fczgar Enerjisi, Memleket Meselesi\u201d mottosuyla du\u0308zenlenen 8. Tu\u0308rkiye Ru\u0308zgar Enerjisi Kongresi\u2019nin 2&#8217;inci g\u00fcn\u00fc, ilk YEKA projesinde [&hellip;]<\/p>\n","protected":false},"author":1,"featured_media":102406,"comment_status":"open","ping_status":"open","sticky":false,"template":"","format":"standard","meta":[],"categories":[51,53,50],"tags":[56670,14412,40535,60381,52259,7043,60383,34920,21719,35002,35004,53282,60380,35984,60295,6644,60382,33219,33445,44799],"views":626,"_links":{"self":[{"href":"https:\/\/www.enerjigazetesi.ist\/en\/wp-json\/wp\/v2\/posts\/102402"}],"collection":[{"href":"https:\/\/www.enerjigazetesi.ist\/en\/wp-json\/wp\/v2\/posts"}],"about":[{"href":"https:\/\/www.enerjigazetesi.ist\/en\/wp-json\/wp\/v2\/types\/post"}],"author":[{"embeddable":true,"href":"https:\/\/www.enerjigazetesi.ist\/en\/wp-json\/wp\/v2\/users\/1"}],"replies":[{"embeddable":true,"href":"https:\/\/www.enerjigazetesi.ist\/en\/wp-json\/wp\/v2\/comments?post=102402"}],"version-history":[{"count":0,"href":"https:\/\/www.enerjigazetesi.ist\/en\/wp-json\/wp\/v2\/posts\/102402\/revisions"}],"wp:featuredmedia":[{"embeddable":true,"href":"https:\/\/www.enerjigazetesi.ist\/en\/wp-json\/wp\/v2\/media\/102406"}],"wp:attachment":[{"href":"https:\/\/www.enerjigazetesi.ist\/en\/wp-json\/wp\/v2\/media?parent=102402"}],"wp:term":[{"taxonomy":"category","embeddable":true,"href":"https:\/\/www.enerjigazetesi.ist\/en\/wp-json\/wp\/v2\/categories?post=102402"},{"taxonomy":"post_tag","embeddable":true,"href":"https:\/\/www.enerjigazetesi.ist\/en\/wp-json\/wp\/v2\/tags?post=102402"}],"curies":[{"name":"wp","href":"https:\/\/api.w.org\/{rel}","templated":true}]}}