{"id":102328,"date":"2019-11-05T18:21:46","date_gmt":"2019-11-05T15:21:46","guid":{"rendered":"https:\/\/www.enerjigazetesi.ist\/?p=102328"},"modified":"2019-11-06T21:02:09","modified_gmt":"2019-11-06T18:02:09","slug":"8inci-turkiye-ru%cc%88zgar-enerjisi-kongresi-turek-2019-un-ilk-gunu-one-cikanlar","status":"publish","type":"post","link":"https:\/\/www.enerjigazetesi.ist\/en\/8inci-turkiye-ru%cc%88zgar-enerjisi-kongresi-turek-2019-un-ilk-gunu-one-cikanlar\/","title":{"rendered":"(Turkish) Tu\u0308rkiye Ru\u0308zgar Enerjisi Kongresi &#8216;T\u00dcREK 2019&#8217;un 1&#8217;inci G\u00fcn\u00fc \u00d6ne \u00c7\u0131kanlar&#8230;"},"content":{"rendered":"<p class=\"qtranxs-available-languages-message qtranxs-available-languages-message-en\">Sorry, this entry is only available in <a href=\"https:\/\/www.enerjigazetesi.ist\/tr\/wp-json\/wp\/v2\/posts\/102328\" class=\"qtranxs-available-language-link qtranxs-available-language-link-tr\" title=\"Turkish\">Turkish<\/a>. For the sake of viewer convenience, the content is shown below in the alternative language. You may click the link to switch the active language.<\/p><p><\/p>\n<h1><strong>Tu\u0308rkiye Ru\u0308zgar Enerjisi Birlig\u0306i (TU\u0308REB) taraf\u0131ndan \u201cR\u00fczgar Enerjisi, Memleket Meselesi\u201d mottosuyla du\u0308zenlenen 8&#8217;inci Tu\u0308rkiye Ru\u0308zgar Enerjisi Kongresi T\u00dcREK 2019, Enerji ve Tabii Kaynaklar Bakan\u0131 Fatih Do\u0308nmez, TBMM Sanayi, Ticaret, Enerji, Tabii Kaynaklar, Bilgi ve Teknoloji Komisyonu Ba\u015fkan\u0131 Mustafa Elita\u015f, EPDK Ba\u015fkan\u0131 Mustafa Y\u0131lmaz ve T\u00dcREB Ba\u015fkan\u0131 Hakan Y\u0131ld\u0131r\u0131m\u2019\u0131n a\u00e7\u0131l\u0131\u015f konu\u015fmalar\u0131 ile ba\u015flad\u0131.\u00a0<\/strong><strong>5 Kas\u0131m Sal\u0131 g\u00fcn\u00fc ba\u015flayan ve 6 Kas\u0131m\u2019da s\u00fcren Kongre\u2019de; 3.085 adet t\u00fcrbin, 180 santral ve 7.600 MW kurulu g\u00fc\u00e7 ile Tu\u0308rkiye\u2019nin enerji ihtiyac\u0131n\u0131n yakla\u015f\u0131k % 10\u2019unu kar\u015f\u0131layan ru\u0308zgar sekto\u0308ru\u0308, son yat\u0131r\u0131mlar, teknolojik geli\u015fmeler, Ar-Ge ve yan sanayii dahil olmak \u00fczere bir\u00e7ok ba\u015fl\u0131kta sekt\u00f6r temsilcilerince ele al\u0131n\u0131yor. <\/strong><\/h1>\n<p>&nbsp;<\/p>\n<h1><strong>31 Aral\u0131k 2020\u2019de sona eren mevcut YEKDEM\u2019in yerini alacak yeni YEKDEM mekanizmas\u0131yla ilgili isti\u015farelere odaklan\u0131lan Kongre\u2019nin a\u00e7\u0131l\u0131\u015f\u0131nda \u00f6ne \u00e7\u0131kan konu \u2018r\u00fczgar enerjisinin \u00fclke ekonomisine ve istihdam\u0131na olan katk\u0131s\u0131\u2019 oldu.<\/strong><\/h1>\n<p>Bu y\u0131l 8&#8217;inci kez d\u00fczenlenen Tu\u0308rkiye Ru\u0308zgar Enerjisi Kongresi <strong>TU\u0308REK 2019<\/strong>, Ankara Sheraton Hotel\u2019de\u00a0<img loading=\"lazy\" class=\"alignright wp-image-102345\" src=\"https:\/\/www.enerjigazetesi.ist\/wp-content\/uploads\/2019\/11\/8inci-turkiye-ruzgar-enerjisi-kongresi-turek-2019da-ilk-gun-tamamlandi-2.jpg\" alt=\"\" width=\"320\" height=\"187\" srcset=\"https:\/\/www.enerjigazetesi.ist\/wp-content\/uploads\/2019\/11\/8inci-turkiye-ruzgar-enerjisi-kongresi-turek-2019da-ilk-gun-tamamlandi-2.jpg 837w, https:\/\/www.enerjigazetesi.ist\/wp-content\/uploads\/2019\/11\/8inci-turkiye-ruzgar-enerjisi-kongresi-turek-2019da-ilk-gun-tamamlandi-2-300x175.jpg 300w, https:\/\/www.enerjigazetesi.ist\/wp-content\/uploads\/2019\/11\/8inci-turkiye-ruzgar-enerjisi-kongresi-turek-2019da-ilk-gun-tamamlandi-2-768x448.jpg 768w, https:\/\/www.enerjigazetesi.ist\/wp-content\/uploads\/2019\/11\/8inci-turkiye-ruzgar-enerjisi-kongresi-turek-2019da-ilk-gun-tamamlandi-2-500x292.jpg 500w, https:\/\/www.enerjigazetesi.ist\/wp-content\/uploads\/2019\/11\/8inci-turkiye-ruzgar-enerjisi-kongresi-turek-2019da-ilk-gun-tamamlandi-2-80x47.jpg 80w\" sizes=\"(max-width: 320px) 100vw, 320px\" \/>5 Kas\u0131m\u2019da ba\u015flad\u0131. Kongre, r\u00fczgar sekt\u00f6r\u00fcn\u00fcn geli\u015fimine destek sa\u011flayacak yeni <strong>YEKDEM <\/strong>mekanizmas\u0131n\u0131n a\u00e7\u0131klanmas\u0131, r\u00fczgarda yeni stratejik yol haritas\u0131 ve yan sanayiinin geli\u015ftirilmesi ana ba\u015fl\u0131klar\u0131na odaklan\u0131yor. Enerji ve Tabii Kaynaklar Bakan\u0131 Fatih Do\u0308nmez, TBMM Sanayi, Ticaret, Enerji, Tabii Kaynaklar, Bilgi ve Teknoloji Komisyonu Ba\u015fkan\u0131 Mustafa Elita\u015f ve EPDK Ba\u015fkan\u0131 Mustafa Y\u0131lmaz\u2019\u0131n a\u00e7\u0131l\u0131\u015f\u0131n\u0131 yapt\u0131\u011f\u0131 Kongre\u2019de iki gu\u0308n boyunca farkl\u0131 oturumlar ve yuvarlak masa toplant\u0131lar\u0131 ile sekto\u0308ru\u0308n mevcut sorunlar\u0131, potansiyeli ve gelecek do\u0308nem beklentileri masaya yat\u0131r\u0131lacak.<\/p>\n<h2><strong>\u201cR\u00fczgardan elektrik \u00fcretiminde Avrupa\u2019da 5&#8217;inci s\u0131raday\u0131z\u201d<\/strong><\/h2>\n<p><strong>Enerji ve Tabii Kaynaklar Bakan\u0131 Fatih D\u00f6nmez<\/strong> bu y\u0131l\u0131n 10 ay\u0131nda yerli ve yenilenebilir enerjiden elektrik \u00fcretim yap\u0131n\u0131n y\u00fczde 64\u2019e y\u00fckseldi\u011fini belirterek, bu rakam\u0131n y\u00fczde 46\u2019s\u0131n\u0131n yenilenebilir enerjiden geldi\u011fini vurgulad\u0131. Bu durumun art\u0131k her ay ini\u015fli \u00e7\u0131k\u0131\u015fl\u0131 de\u011fil, d\u00fczenli bir seyir halinde ilerledi\u011fini vurgulayan ve \u201c<em>R\u00fczgardan elektrik \u00fcretiminde Avrupa&#8217;da be\u015finci s\u0131raday\u0131z. Bug\u00fcn yakla\u015f\u0131k y\u00fczde 8&#8217;lerde olan bu oran\u0131 ilk etapta y\u00fczde 10\u2019lara \u00e7ekmeyi hedefliyoruz. R\u00fczgardan elektrik \u00fcretimimiz bir \u00f6nceki y\u0131l\u0131n ayn\u0131 d\u00f6nemine g\u00f6re ekimde y\u00fczde 14,6, son 5 y\u0131ll\u0131k d\u00f6nemde ise yakla\u015f\u0131k y\u00fczde 70 art\u0131\u015f g\u00f6sterdi\u0131<\/em>\u201d a\u00e7\u0131klamas\u0131 yapan Bakan D\u00f6nmez, r\u00fczgar enerjisi sekt\u00f6r\u00fcn\u00fcn halihaz\u0131rda 17 bin ki\u015fiye istihdam sa\u011flad\u0131\u011f\u0131na de\u011findi. Enerji Bakan\u0131 Fatih D\u00f6nmez \u201c<em>\u0130lk YEKA yar\u0131\u015fmas\u0131n\u0131 kazanan konsorsiyumun y\u0131ll\u0131k 400 megavat kapasiteli yerli mal\u0131 belgeli ve yerli katk\u0131 oranlar\u0131na g\u00f6re \u00fcretilmi\u015f ya da tedarik edilmi\u015f aksam\u0131 kullanaca\u011f\u0131 fabrikan\u0131n kurulumu tamamlanmak \u00fczere. Fabrikada toplam yerlilik oran\u0131 asgari y\u00fczde 65 olacak \u015fekilde r\u00fczgar t\u00fcrbinleri \u00fcretilecek<\/em>. <em>Kurulacak fabrikayla r\u00fczgar end\u00fcstrisi konusunda 10 y\u0131l s\u00fcreli Ar-Ge faaliyetlerinin y\u00fcr\u00fct\u00fclece\u011fi merkez de tamamlanarak devreye girecek\u201d <\/em>dedi. S\u00f6z konusu fabrika ve Ar-Ge merkezinin kurulumunda ve i\u015fletilmesinde toplam 2 bin 250 ki\u015filik istihdam sa\u011flanaca\u011f\u0131n\u0131 s\u00f6zlerine ekleyen Bakan D\u00f6nmez, &#8220;<em>Fabrika kurulum ve i\u015fletilmesinde mavi ve beyaz yaka ayr\u0131 ayr\u0131 olmak \u00fczere en az y\u00fczde 90, Ar-Ge faaliyetlerinde en az y\u00fczde 80 yerli istihdam sa\u011flanacak<\/em>\u201d ifadelerini kulland\u0131.<\/p>\n<h2><strong>\u201cSon 10 y\u0131lda r\u00fczgarda 8 bin MW\u2019a ula\u015ft\u0131k\u201d<\/strong><\/h2>\n<p><strong>TBMM Sanayi, Ticaret, Enerji, Tabii Kaynaklar, Bilgi ve Teknoloji Komisyonu Ba\u015fkan\u0131 Mustafa Elita\u015f<\/strong> da d\u00fcnya n\u00fcfusunun 2040 y\u0131l\u0131na kadar 9,2 milyara ula\u015faca\u011f\u0131n\u0131 ve k\u00fcresel enerji t\u00fcketiminin s\u00f6z konusu d\u00f6neme kadar y\u00fczde 28 artaca\u011f\u0131n\u0131n \u00f6ng\u00f6r\u00fcld\u00fc\u011f\u00fcn\u00fc s\u00f6yleyerek, \u201c<em>T\u00fcrkiye&#8217;nin r\u00fczgar haritas\u0131nda toplam kapasitesi 50 bin megavat. \u015eu son 10 y\u0131lda gelinen noktada mevcut kapasitemiz yakla\u015f\u0131k 8 bin megavat. Bu \u00f6n\u00fcm\u00fczdeki y\u0131llarda artacakt\u0131r\u201d<\/em> de\u011ferlendirmesinde bulundu. \u201c<em>Yat\u0131r\u0131m demek enerji demek, T\u00fcrkiye\u2019nin gelece\u011fi demek<\/em>\u201d \u015feklinde konu\u015fan <strong>EPDK Ba\u015fkan\u0131 Mustafa Y\u0131lmaz <\/strong>ise \u00f6n\u00fcm\u00fczdeki y\u0131l Nisan ay\u0131nda 2.000 MW\u2019l\u0131k RES i\u00e7in ba\u015fvurular\u0131 alacaklar\u0131n\u0131 belirterek enerji sekt\u00f6r\u00fcndeki t\u00fcm payda\u015flara T\u00fcrkiye\u2019de r\u00fczgar enerji tesisleri kurulumu kolayl\u0131\u011f\u0131 sa\u011flamaya devam edeceklerini belirtti.<\/p>\n<h2><strong>\u201cR\u00fczgarda T\u00fcrkiye\u2019de ba\u015far\u0131 hikayesi \u00e7\u0131kartabiliriz\u201d<\/strong><\/h2>\n<p>T\u00fcrkiye\u2019nin yenilenebilir enerji potansiyelini \u00fcst seviyeye ta\u015f\u0131mak i\u00e7in r\u00fczgar ve g\u00fcne\u015f gibi yerli kaynaklar\u0131n de\u011ferlendirilmesi gerekti\u011fine dikkat \u00e7eken <strong>T\u00dcREB Ba\u015fkan\u0131 Hakan Y\u0131ld\u0131r\u0131m<\/strong> da \u201c<em>T\u00fcm T\u00fcrkiye co\u011frafyas\u0131na 3.085 adet t\u00fcrbin diktik, 180 santral ve 7.600 MW kurulu g\u00fcc\u00fcm\u00fcz ile T\u00fcrkiye\u2019de elektri\u011fin y\u00fczde 10\u2019unu kar\u015f\u0131lar hale geldik. T\u00fcm bu \u00f6\u011frenilmi\u015f tecr\u00fcbeler ile, y\u0131lda 1.500 MW\u2019lar\u0131 g\u00f6rd\u00fckten sonra sekt\u00f6r olarak hedefimiz y\u0131lda en az 1.000 MW kurulu g\u00fcce imza atmak ve T\u00fcrkiye\u2019nin elektrik \u00fcretimi taraf\u0131nda kaynak \u00e7e\u015fitlili\u011fini r\u00fczgar lehinde de\u011fi\u015ftirmek. 2030\u2019da hedefimiz 25 bin MW kurulu g\u00fcce ula\u015fm\u0131\u015f olmak\u201d <\/em>\u015feklinde konu\u015ftu. Y\u0131ld\u0131r\u0131m s\u00f6zlerine \u015f\u00f6yle devam etti: <em>\u201cK\u00fcresel i\u015f birliklerimiz yard\u0131m\u0131yla T\u00fcrkiye&#8217;de bir ba\u015far\u0131 hikayesi \u00e7\u0131karabiliriz. Bunun i\u00e7in yapmam\u0131z gerekenler var. \u0130lk olarak piyasan\u0131n herkes i\u00e7in \u00f6ng\u00f6r\u00fclebilir olmas\u0131 gerekiyor. \u00d6n\u00fcm\u00fczdeki 10 y\u0131lda ne kadar lisans verilece\u011fini, hangi tip yar\u0131\u015fmalar olaca\u011f\u0131n\u0131, 2020 sonras\u0131 destek mekanizmas\u0131n\u0131, al\u0131m garantilerini, te\u015fvikleri bilmemiz gerekiyor. Ayr\u0131ca, \u00fclke ekonomisine b\u00fcy\u00fck fayda sa\u011flayan r\u00fczgar enerjisi teknolojisinin geli\u015ftirilmesi de gerekiyor. \u0130\u015f birliklerimizi g\u00fc\u00e7lendirmeliyiz. Daha fazla katma de\u011fer \u00fcretti\u011fimizi ve yerli sanayicimizle global r\u00fczgar end\u00fcstrisinin vazge\u00e7ilmez par\u00e7as\u0131 oldu\u011fumuzu hayal ediyoruz. Biz bu hedef i\u00e7in 7 g\u00fcn 24 saat \u00e7al\u0131\u015fmaya haz\u0131r\u0131z\u201d.<\/em><\/p>\n<h2><strong>T\u00dcREK payda\u015flar\u0131ndan \u0130zmir\u2019de yanan orman alanlar\u0131n\u0131n canland\u0131r\u0131lmas\u0131na destek<\/strong><\/h2>\n<p><strong>T\u00dcREB<\/strong>, ge\u00e7ti\u011fimiz yaz aylar\u0131nda \u0130zmir ve civar\u0131nda yanan ormanl\u0131k alanlar\u0131n yeniden a\u011fa\u00e7land\u0131r\u0131lmas\u0131na katk\u0131da bulunmak amac\u0131yla, Tar\u0131m ve Orman Bakanl\u0131\u011f\u0131\u2019n\u0131n Ege Orman Vakf\u0131 arac\u0131l\u0131\u011f\u0131yla ba\u015flat\u0131p s\u00fcrd\u00fcrd\u00fc\u011f\u00fc \u201cHedef 1 Milyon Fidan\u201d kampanyas\u0131na payda\u015flar\u0131 ile katk\u0131da bulundu. Kongre s\u0131ras\u0131nda T\u00fcrkiye R\u00fczgar Enerjisi Kongresi payda\u015flar\u0131 ad\u0131na Ege Orman Vakf\u0131 Bilim Kurulu Dan\u0131\u015fman\u0131 Doktor Selim Kaplan\u2019a yap\u0131lan ba\u011f\u0131\u015f\u0131 g\u00f6steren temsili \u00e7ek takdim edildi.<\/p>\n<h2><strong>YEKA ve Finansman konular\u0131 2. g\u00fcne damgas\u0131n\u0131 vuracak<\/strong><\/h2>\n<p>6 Kas\u0131m 2019 tarihinde ise r\u00fczgar alan\u0131ndaki YEKA uygulamalar\u0131, kapasite tahsis modelleri, r\u00fczgarda tedarik zinciri, verimlilik, \u00f6zsermaye ve finansman konular\u0131 g\u00fcndemi belirleyecek. 2&#8217;inci g\u00fcn\u00fcn oturum bas\u0327l\u0131klar\u0131 s\u0131ras\u0131yla <span style=\"text-decoration: underline;\">s\u0327u konulara y\u00f6nelik olacakt\u0131r:<\/span><\/p>\n<p>&#8211; I\u0307lk YEKA Deneyimleri ve Gelecekteki Kapasite Tahsis Modelleri<\/p>\n<p>&#8211; Tu\u0308rkiye Tedarik Zincirine Genel Bak\u0131s\u0327<\/p>\n<p>&#8211; T\u00fcrkiye\u2019nin R\u00fczgar Akademisi<\/p>\n<p>&#8211; YEKDEM Sonras\u0131 D\u00f6neme Genel Bak\u0131\u015f<\/p>\n<p>&#8211; Ru\u0308zga\u0302rda O\u0308zsermaye ve Finansman Modeli<\/p>\n<p>&#8211; Dan\u0131\u015fmanlar\u0131n Sesi<\/p>\n<p>&#8211; R\u00fczgar Enerjisi Sistem Entegrasyonunda Dijitalle\u015fme<\/p>","protected":false},"excerpt":{"rendered":"<p>Sorry, this entry is only available in Turkish. For the sake of viewer convenience, the content is shown below in the alternative language. You may click the link to switch the active language. Tu\u0308rkiye Ru\u0308zgar Enerjisi Birlig\u0306i (TU\u0308REB) taraf\u0131ndan \u201cR\u00fczgar Enerjisi, Memleket Meselesi\u201d mottosuyla du\u0308zenlenen 8&#8217;inci Tu\u0308rkiye Ru\u0308zgar Enerjisi Kongresi T\u00dcREK 2019, Enerji ve Tabii [&hellip;]<\/p>\n","protected":false},"author":1,"featured_media":102342,"comment_status":"open","ping_status":"open","sticky":false,"template":"","format":"standard","meta":[],"categories":[51,53,50],"tags":[2674,60296,2059,12455,53114,5070,27530,7043,60294,9075,12996,474,47022,35002,60297,16,53282,60298,45699,54979,1682,57614,60295,60299,29410],"views":640,"_links":{"self":[{"href":"https:\/\/www.enerjigazetesi.ist\/en\/wp-json\/wp\/v2\/posts\/102328"}],"collection":[{"href":"https:\/\/www.enerjigazetesi.ist\/en\/wp-json\/wp\/v2\/posts"}],"about":[{"href":"https:\/\/www.enerjigazetesi.ist\/en\/wp-json\/wp\/v2\/types\/post"}],"author":[{"embeddable":true,"href":"https:\/\/www.enerjigazetesi.ist\/en\/wp-json\/wp\/v2\/users\/1"}],"replies":[{"embeddable":true,"href":"https:\/\/www.enerjigazetesi.ist\/en\/wp-json\/wp\/v2\/comments?post=102328"}],"version-history":[{"count":0,"href":"https:\/\/www.enerjigazetesi.ist\/en\/wp-json\/wp\/v2\/posts\/102328\/revisions"}],"wp:featuredmedia":[{"embeddable":true,"href":"https:\/\/www.enerjigazetesi.ist\/en\/wp-json\/wp\/v2\/media\/102342"}],"wp:attachment":[{"href":"https:\/\/www.enerjigazetesi.ist\/en\/wp-json\/wp\/v2\/media?parent=102328"}],"wp:term":[{"taxonomy":"category","embeddable":true,"href":"https:\/\/www.enerjigazetesi.ist\/en\/wp-json\/wp\/v2\/categories?post=102328"},{"taxonomy":"post_tag","embeddable":true,"href":"https:\/\/www.enerjigazetesi.ist\/en\/wp-json\/wp\/v2\/tags?post=102328"}],"curies":[{"name":"wp","href":"https:\/\/api.w.org\/{rel}","templated":true}]}}