{"id":102098,"date":"2019-11-02T00:37:25","date_gmt":"2019-11-01T21:37:25","guid":{"rendered":"https:\/\/www.enerjigazetesi.ist\/?p=102098"},"modified":"2019-11-02T00:39:17","modified_gmt":"2019-11-01T21:39:17","slug":"vodafone-41inci-istanbul-maratonunda-yollar-sporseverler-icin-acilacak","status":"publish","type":"post","link":"https:\/\/www.enerjigazetesi.ist\/en\/vodafone-41inci-istanbul-maratonunda-yollar-sporseverler-icin-acilacak\/","title":{"rendered":"(Turkish) &#8217;Vodafone 41&#8217;inci \u0130stanbul Maratonu&#8217;nda Yollar Sporseverler \u0130\u00e7in A\u00e7\u0131lacak!"},"content":{"rendered":"<p class=\"qtranxs-available-languages-message qtranxs-available-languages-message-en\">Sorry, this entry is only available in <a href=\"https:\/\/www.enerjigazetesi.ist\/tr\/wp-json\/wp\/v2\/posts\/102098\" class=\"qtranxs-available-language-link qtranxs-available-language-link-tr\" title=\"Turkish\">Turkish<\/a>. For the sake of viewer convenience, the content is shown below in the alternative language. You may click the link to switch the active language.<\/p><p><\/p>\n<h1><strong>3 Kas\u0131m Pazar g\u00fcn\u00fc ko\u015fulacak Vodafone 41&#8217;inci \u0130stanbul Maratonu\u2019nda yollar sporseverler i\u00e7in a\u00e7\u0131lacak. Maraton (42,195 km), 15 km ko\u015fusu ve Halk Ko\u015fusu (8 km) olmak \u00fczere 3 ana kategoride d\u00fczenlenecek ko\u015fuda g\u00fczerg\u00e2hlar belirlendi. Yollar bu kez ara\u00e7lar i\u00e7in de\u011fil, ko\u015fucular ve sporseverler i\u00e7in a\u00e7\u0131lacak.<\/strong><\/h1>\n<p><strong><img loading=\"lazy\" class=\"alignright wp-image-102100\" src=\"https:\/\/www.enerjigazetesi.ist\/wp-content\/uploads\/2019\/11\/vodafone-41inci-istanbul-maratonunda-yollar-sporseverler-icin-acilacak.jpg\" alt=\"\" width=\"320\" height=\"172\" srcset=\"https:\/\/www.enerjigazetesi.ist\/wp-content\/uploads\/2019\/11\/vodafone-41inci-istanbul-maratonunda-yollar-sporseverler-icin-acilacak.jpg 906w, https:\/\/www.enerjigazetesi.ist\/wp-content\/uploads\/2019\/11\/vodafone-41inci-istanbul-maratonunda-yollar-sporseverler-icin-acilacak-300x162.jpg 300w, https:\/\/www.enerjigazetesi.ist\/wp-content\/uploads\/2019\/11\/vodafone-41inci-istanbul-maratonunda-yollar-sporseverler-icin-acilacak-768x414.jpg 768w, https:\/\/www.enerjigazetesi.ist\/wp-content\/uploads\/2019\/11\/vodafone-41inci-istanbul-maratonunda-yollar-sporseverler-icin-acilacak-500x269.jpg 500w, https:\/\/www.enerjigazetesi.ist\/wp-content\/uploads\/2019\/11\/vodafone-41inci-istanbul-maratonunda-yollar-sporseverler-icin-acilacak-80x43.jpg 80w\" sizes=\"(max-width: 320px) 100vw, 320px\" \/>\u0130stanbul B\u00fcy\u00fck\u015fehir Belediyesi<\/strong> i\u015ftiraki <strong>Spor \u0130stanbul<\/strong> taraf\u0131ndan <strong>Vodafone\u2019un<\/strong> isim sponsorlu\u011funda <strong>3 Kas\u0131m Pazar<\/strong> g\u00fcn\u00fc \u201c<strong>\u0130stanbul Senin, Durma Ko\u015f<\/strong>\u201d slogan\u0131 ile d\u00fczenlenecek <strong>Vodafone 41. \u0130stanbul Maratonu<\/strong>\u2019nda yollar ara\u00e7lar i\u00e7in de\u011fil, d\u00fcnyada iki k\u0131ta aras\u0131nda ko\u015fu imkan\u0131 sunan tek maratonda bu e\u015fsiz deneyimi ya\u015famak isteyenler i\u00e7in a\u00e7\u0131lacak.<\/p>\n<p>15 Temmuz \u015eehitler K\u00f6pr\u00fcs\u00fc&#8217;n\u00fcn Anadolu Yakas\u0131 taraf\u0131nda sabah <strong>08.45<\/strong> itibari ile ilk start\u0131n verilece\u011fi yar\u0131\u015fta, 15 dakika aral\u0131klarla <strong>3 ana kategoride<\/strong> ger\u00e7ekle\u015fecek ko\u015fular\u0131n startlar\u0131 verilecek. <strong>Vodafone \u0130stanbul Maratonu<\/strong>\u2019nda maraton (42,195 km) ko\u015fusu Sultanahmet\u2019te, 15 km ko\u015fusu Yenikap\u0131\u2019da ve Halk Ko\u015fusu (8 km) ise Vodafone Park\u2019ta sona erecek.<\/p>\n<h2><strong>Yollar bir s\u00fcre trafi\u011fe kapanacak<\/strong><\/h2>\n<p>Parkur g\u00fczerg\u00e2hlar\u0131 ve bu g\u00fczerg\u00e2hlara \u00e7\u0131kan t\u00fcm yollar, <strong>yar\u0131\u015f sabah\u0131 saat 03.00 ile 15.00 aras\u0131nda<\/strong>\u00a0trafi\u011fe kapal\u0131 olacak. Kat\u0131l\u0131mc\u0131lar, g\u00f6\u011f\u00fcs numaralar\u0131n\u0131 g\u00f6stererek\u00a0<strong>\u0130ETT\u2019lerden, metrolardan, hafif metrolardan, tramvaylardan, deniz otob\u00fcslerinden <\/strong>ve<strong> \u015fehir hatlar\u0131 vapurlar\u0131ndan<\/strong>\u00a0\u00fccretsiz olarak faydalanabilecek.<\/p>\n<p>Yar\u0131\u015f sabah\u0131 maraton (42 km) ve 15 km sporcular\u0131n\u0131 start noktalar\u0131na ta\u015f\u0131yacak otob\u00fcsler <strong>Taksim ve Sultanahmet Meydan\u0131<\/strong>\u2019ndan 07.00 \u2013 07.30 saatleri aras\u0131nda hareket edecek. Halk ko\u015fusu sporcular\u0131n\u0131 start noktas\u0131na ta\u015f\u0131yacak otob\u00fcsler ise <strong>Mecidiyek\u00f6y<\/strong>\u2019den 07.00 \u2013 08.00 saatleri aras\u0131nda hareket ediyor olacak.<\/p>\n<h2><strong>3 ana kategori, 3 farkl\u0131 g\u00fczerg\u00e2h<\/strong><\/h2>\n<p><strong>Maraton (42,195 km) yar\u0131\u015f\u0131,<\/strong>\u00a0<strong>15 Temmuz \u015eehitler K\u00f6pr\u00fcs\u00fc<\/strong>&#8216;n\u00fcn <strong>Anadolu Yakas\u0131<\/strong> taraf\u0131ndaki gi\u015felerinin yakla\u015f\u0131k 250 metre gerisinden ba\u015flayacak, k\u00f6pr\u00fcy\u00fc ge\u00e7tikten sonra Be\u015fikta\u015f sapa\u011f\u0131ndan ayr\u0131larak Barbaros Bulvar\u0131&#8217;ndan Be\u015fikta\u015f&#8217;a inecek ve sahil yolunu izleyerek Karak\u00f6y&#8217;e ula\u015facak. Galata K\u00f6pr\u00fcs\u00fc&#8217;nden sonra Sirkeci y\u00f6n\u00fcne sapacak olan parkur, sahil yolunu takip eden yar\u0131\u015f Bak\u0131rk\u00f6y Hava Harp Okulu \u00f6n\u00fc, Florya K\u00f6pr\u00fcs\u00fc alt\u0131ndan ayn\u0131 istikamete geri d\u00f6necek.\u00a0Geri d\u00f6nen yar\u0131\u015f, sahilden G\u00fclhane Park\u0131&#8217;na do\u011fru devam ederek park\u0131n i\u00e7inden ge\u00e7ecek ve Sultanahmet&#8217;e \u00e7\u0131kacak. Var\u0131\u015f \u00e7izgisi, Roma, Bizans ve Osmanl\u0131 \u0130mparatorluklar\u0131&#8217;n\u0131n toplant\u0131 ve spor merkezi olan At Meydan\u0131&#8217;nda, Sultanahmet Camii&#8217;nin giri\u015f kap\u0131s\u0131 ile M\u0131s\u0131r Dikilita\u015f\u0131&#8217;n\u0131n aras\u0131nda olacak.<\/p>\n<p><strong>15 km yar\u0131\u015f\u0131,<\/strong>\u00a0k\u00f6pr\u00fcy\u00fc ge\u00e7tikten sonra Be\u015fikta\u015f sapa\u011f\u0131ndan ayr\u0131larak Barbaros Bulvar\u0131&#8217;ndan Be\u015fikta\u015f&#8217;a inecek ve sahil yolunu izleyerek Karak\u00f6y&#8217;e ula\u015facak. Galata K\u00f6pr\u00fcs\u00fc&#8217;nden sonra Sirkeci y\u00f6n\u00fcne saparak sahil yolunu takip edecek yar\u0131\u015f \u0130SK\u0130 Dolum Tesisleri \u00f6n\u00fcnde (<strong>Yenikap\u0131<\/strong>) sona erecek.<\/p>\n<p><strong>Halk ko\u015fusu (8 km)<\/strong>\u00a0ise k\u00f6pr\u00fcy\u00fc ge\u00e7tikten sonra Be\u015fikta\u015f sapa\u011f\u0131ndan ayr\u0131larak Barbaros Bulvar\u0131&#8217;ndan Be\u015fikta\u015f&#8217;a inecek ve sahil yolunu izleyerek bu y\u0131l ilk kez Vodafone Park&#8217;ta sonlanacak.<\/p>\n<h2><strong>Yar\u0131\u015flar\u0131n start saatleri <span style=\"text-decoration: underline;\">ise \u015fu \u015fekildedir:<\/span><\/strong><\/h2>\n<p><strong>08.45<\/strong>\u00a0\u00a0 Tekerlekli Sandalye Yar\u0131\u015f Start\u0131<\/p>\n<p><strong>09.00<\/strong>\u00a0\u00a0 42K Yar\u0131\u015f Start\u0131<\/p>\n<p><strong>09.15<\/strong>\u00a0\u00a0 15K Yar\u0131\u015f Start\u0131<\/p>\n<p><strong>09.45<\/strong>\u00a0\u00a0 8K Halk Ko\u015fusu<\/p>\n<h2><strong>Trafi\u011fe Kapat\u0131lacak Yollar<\/strong><\/h2>\n<p>K\u0131s\u0131kl\u0131 Caddesi,\u00a0 D-100 kuzey ve g\u00fcney kat\u0131l\u0131m, Ku\u015fbak\u0131\u015f\u0131 Caddesi Petrol-\u0130\u015f \u00f6n\u00fc D-100 Karayolu g\u00fcney kat\u0131l\u0131m, Mahiriz Caddesi D-100 g\u00fcney kat\u0131l\u0131m, Altunizade K\u00f6pr\u00fc \u00fczeri D-100 g\u00fcney-kuzey kat\u0131l\u0131m, Tophanelio\u011flu Caddesi Gold Bilgisayar \u00f6n\u00fc D-100 g\u00fcney-kuzey kat\u0131l\u0131m, Beylerbeyi kat\u0131l\u0131m, G\u00fcney Zincirlikuyu ayr\u0131m\u0131, Sait \u00c7ift\u00e7i kat\u0131l\u0131m\u0131, Fenerbah\u00e7e G\u00f6ztepe&#8217;den gelip TEM ayr\u0131m\u0131na kat\u0131l\u0131m, Botanik Bah\u00e7esi&#8217;nden R\u0131dvan Dedeo\u011flu istikametine kat\u0131l\u0131m, Kuzey Ata\u015fehir&#8217;den R\u0131dvan Dedeo\u011flu&#8217;na kat\u0131l\u0131m, FSM turnikelerinden gelip 1. \u00c7evre Yolu ayr\u0131m\u0131, g\u00fcneyden gelip kuzeye kat\u0131l\u0131m, Mustafa Kemal K\u00f6pr\u00fc alt\u0131ndan kuzeye kat\u0131l\u0131m, Altunizade k\u00f6pr\u00fc alt\u0131 halk ko\u015fusunun ba\u015flad\u0131\u011f\u0131 yer, maraton ile halk ko\u015fusu aras\u0131, park giri\u015fi, maratonun ba\u015flad\u0131\u011f\u0131 yer, park \u00e7\u0131k\u0131\u015f\u0131, park \u00e7\u0131k\u0131\u015f\u0131 turnikeler aras\u0131 ve kuzey turnike sahas\u0131, Avrupa yakas\u0131nda, Merkez Komutanl\u0131\u011f\u0131 \u0131\u015f\u0131klar, Opel Ger\u00e7ek \u00f6n\u00fc, Sait \u00c7ift\u00e7i k\u00f6pr\u00fc kat\u0131l\u0131m\u0131 (E-5 Karayolu g\u00fcney kat\u0131l\u0131m), Sabanc\u0131 Lisesi \u00f6n\u00fc, Y\u0131ld\u0131z \u0131\u015f\u0131klar, Akdo\u011fan Sokak giri\u015fi, Ressam Hamdi Bey, Bostanc\u0131 Veli, Abbasa\u011fa, Hasf\u0131r\u0131n, Serence Bey sokaklar, Ortak\u00f6y d\u00f6n\u00fc\u015fleri, Be\u015fikta\u015f Meydan, Vestel \u0131\u015f\u0131klar, Palangalar \u0131\u015f\u0131klar, Ortak\u00f6y Meydan\u0131, Muhakkik Sokak giri\u015fi, Akaretler \u0131\u015f\u0131klar, VIP Otel \u00f6n\u00fc, Bay\u0131ld\u0131m alt ba\u015f, S\u00fczer Plaza \u00f6n\u00fc, Kad\u0131rgalar Caddesi toprak yol d\u00f6n\u00fc\u015fleri, Mete Kav\u015fa\u011f\u0131, G\u00fcm\u00fc\u015f Caddesi ba\u015f\u0131, G\u00fcm\u00fc\u015fsuyu&#8217;ndan toprak yola ini\u015f, Dolmabah\u00e7e \u0131\u015f\u0131klar, Kahve D\u00fcnyas\u0131 \u00f6n\u00fc, Akyol Caddesi ba\u015f\u0131, Meclis-i Mebusan Yoku\u015fu ba\u015f\u0131, Aydilimi Pastanesi yan\u0131, Kabata\u015f \u0131\u015f\u0131klar, F\u0131nd\u0131kl\u0131 \u0131\u015f\u0131klar, Deniz Liman\u0131 \u00e7\u0131k\u0131\u015f\u0131, Sal\u0131 Pazar\u0131 \u0131\u015f\u0131klar, Bo\u011fazkesen Caddesi geli\u015fi, Bo\u011fazkesen \u0131\u015f\u0131klar, Tophane \u0131\u015f\u0131klar, Revani Sokak geli\u015fi, Kemeralt\u0131 \u0131\u015f\u0131klar, Karak\u00f6y Meydan\u0131, Per\u015fembe Pazar\u0131 \u0131\u015f\u0131klar, Azapkap\u0131&#8217;dan Tarlaba\u015f\u0131&#8217;na mecburi istikamet, \u015ei\u015fhane Meydan\u0131&#8217;ndan Bankalar Caddesi giri\u015fi, Tarlaba\u015f\u0131&#8217;ndan Per\u015fembe Pazar\u0131&#8217;na giri\u015f, \u015ei\u015fhane \u0131\u015f\u0131klardan Kas\u0131mpa\u015fa&#8217;ya mecburi y\u00f6n, Kas\u0131mpa\u015fa&#8217;dan Unkapan\u0131 K\u00f6pr\u00fc ayr\u0131m\u0131, Per\u015fembe Pazar\u0131&#8217;ndan Unkapan\u0131 K\u00f6pr\u00fc ayr\u0131m\u0131, Sahil Kennedy Caddesi Atak\u00f6y Havuzlu Kav\u015fak\u2019tan Sirkeci \u0131\u015f\u0131klara kadar kuzey ve g\u00fcney istikameti, Rag\u0131p G\u00fcm\u00fc\u015fpala Caddesi, Re\u015fadiye Caddesi, Atat\u00fcrk Bulvar\u0131, Mustafa Kemal Pa\u015fa Bulvar\u0131, Sultanahmet At Meydan\u0131, Yerebatan Caddesi, Klodfarer Caddesi, Nuruosmaniye Caddesi, Ayasofya Meydan\u0131 ile Galata ve Unkapan\u0131 k\u00f6pr\u00fcleri trafi\u011fe kapal\u0131 tutulacakt\u0131r.<\/p>","protected":false},"excerpt":{"rendered":"<p>Sorry, this entry is only available in Turkish. For the sake of viewer convenience, the content is shown below in the alternative language. You may click the link to switch the active language. 3 Kas\u0131m Pazar g\u00fcn\u00fc ko\u015fulacak Vodafone 41&#8217;inci \u0130stanbul Maratonu\u2019nda yollar sporseverler i\u00e7in a\u00e7\u0131lacak. Maraton (42,195 km), 15 km ko\u015fusu ve Halk Ko\u015fusu [&hellip;]<\/p>\n","protected":false},"author":1,"featured_media":102102,"comment_status":"open","ping_status":"open","sticky":false,"template":"","format":"standard","meta":[],"categories":[53],"tags":[60038,60041,60037,20827,4498,60039,60036,60034,60040,60035],"views":649,"_links":{"self":[{"href":"https:\/\/www.enerjigazetesi.ist\/en\/wp-json\/wp\/v2\/posts\/102098"}],"collection":[{"href":"https:\/\/www.enerjigazetesi.ist\/en\/wp-json\/wp\/v2\/posts"}],"about":[{"href":"https:\/\/www.enerjigazetesi.ist\/en\/wp-json\/wp\/v2\/types\/post"}],"author":[{"embeddable":true,"href":"https:\/\/www.enerjigazetesi.ist\/en\/wp-json\/wp\/v2\/users\/1"}],"replies":[{"embeddable":true,"href":"https:\/\/www.enerjigazetesi.ist\/en\/wp-json\/wp\/v2\/comments?post=102098"}],"version-history":[{"count":0,"href":"https:\/\/www.enerjigazetesi.ist\/en\/wp-json\/wp\/v2\/posts\/102098\/revisions"}],"wp:featuredmedia":[{"embeddable":true,"href":"https:\/\/www.enerjigazetesi.ist\/en\/wp-json\/wp\/v2\/media\/102102"}],"wp:attachment":[{"href":"https:\/\/www.enerjigazetesi.ist\/en\/wp-json\/wp\/v2\/media?parent=102098"}],"wp:term":[{"taxonomy":"category","embeddable":true,"href":"https:\/\/www.enerjigazetesi.ist\/en\/wp-json\/wp\/v2\/categories?post=102098"},{"taxonomy":"post_tag","embeddable":true,"href":"https:\/\/www.enerjigazetesi.ist\/en\/wp-json\/wp\/v2\/tags?post=102098"}],"curies":[{"name":"wp","href":"https:\/\/api.w.org\/{rel}","templated":true}]}}