{"id":102054,"date":"2019-11-01T16:34:41","date_gmt":"2019-11-01T13:34:41","guid":{"rendered":"https:\/\/www.enerjigazetesi.ist\/?p=102054"},"modified":"2019-11-01T16:35:40","modified_gmt":"2019-11-01T13:35:40","slug":"igdas-in-6-inci-ulusal-en-havali-kareler-fotograf-yarismasi-yeniden-basladi","status":"publish","type":"post","link":"https:\/\/www.enerjigazetesi.ist\/en\/igdas-in-6-inci-ulusal-en-havali-kareler-fotograf-yarismasi-yeniden-basladi\/","title":{"rendered":"(Turkish) &#8217;\u0130GDA\u015e&#8217;\u0131n 6&#8217;\u0131nc\u0131 Ulusal &#8216;En Haval\u0131 Kareler&#8217; Foto\u011fraf Yar\u0131\u015fmas\u0131 Ba\u015flad\u0131"},"content":{"rendered":"<p class=\"qtranxs-available-languages-message qtranxs-available-languages-message-en\">Sorry, this entry is only available in <a href=\"https:\/\/www.enerjigazetesi.ist\/tr\/wp-json\/wp\/v2\/posts\/102054\" class=\"qtranxs-available-language-link qtranxs-available-language-link-tr\" title=\"Turkish\">Turkish<\/a>. For the sake of viewer convenience, the content is shown below in the alternative language. You may click the link to switch the active language.<\/p><p><\/p>\n<h1>\u0130stanbul B\u00fcy\u00fck\u015fehir Belediyesi (\u0130BB) i\u015ftiraklerinden \u0130GDA\u015e, \u0130stanbul\u2019un birbirinden \u00f6zel balkon ve pencerelerinin g\u00fczelliklerini bir araya getirecek. \u0130GDA\u015e Genel M\u00fcd\u00fcr\u00fc Dr. Mithat B\u00fclent \u00d6zmen, \u201cD\u00fcnyan\u0131n en b\u00fcy\u00fcl\u00fc metropollerinden biri olan \u0130stanbul\u2019umuzun saymakla bitmeyen ve dokundu\u011fu her hayata hitap eden sonsuz g\u00fczellikleri var. Biz de \u0130GDA\u015e olarak, bu g\u00fczelliklere temiz bir hava, ferah bir nefes eklemi\u015f olman\u0131n gururunu ya\u015f\u0131yoruz. D\u00fcn oldu\u011fu gibi bug\u00fcn ve yar\u0131n da, t\u00fcm \u0130stanbullular i\u00e7in hava kirlili\u011finin azalt\u0131lmas\u0131, temiz ve sa\u011fl\u0131kl\u0131 bir \u00e7evrenin korunmas\u0131 ad\u0131na \u00e7al\u0131\u015fmalar\u0131m\u0131za aral\u0131ks\u0131z devam ediyoruz\u201d dedi.<\/h1>\n<p>Yar\u0131\u015fman\u0131n bu y\u0131lki temas\u0131 olan <strong>\u0130stanbul\u2019un Balkon Sefas\u0131, Pencere Sevdas\u0131<\/strong> oldu\u011funu belirten \u00d6zmen, \u201c\u0130stanbul, balkon ve pencereleriyle adeta b\u00fct\u00fcnle\u015fmi\u015f bir \u015fehir. Seyrine doyum olmayan <img loading=\"lazy\" class=\"alignright size-full wp-image-102059\" src=\"https:\/\/www.enerjigazetesi.ist\/wp-content\/uploads\/2019\/11\/igdas-in-6-inci-ulusal-en-havali-kareler-fotograf-yarismasi-yeniden-basladi-2.jpg\" alt=\"\" width=\"345\" height=\"488\" srcset=\"https:\/\/www.enerjigazetesi.ist\/wp-content\/uploads\/2019\/11\/igdas-in-6-inci-ulusal-en-havali-kareler-fotograf-yarismasi-yeniden-basladi-2.jpg 345w, https:\/\/www.enerjigazetesi.ist\/wp-content\/uploads\/2019\/11\/igdas-in-6-inci-ulusal-en-havali-kareler-fotograf-yarismasi-yeniden-basladi-2-212x300.jpg 212w, https:\/\/www.enerjigazetesi.ist\/wp-content\/uploads\/2019\/11\/igdas-in-6-inci-ulusal-en-havali-kareler-fotograf-yarismasi-yeniden-basladi-2-283x400.jpg 283w, https:\/\/www.enerjigazetesi.ist\/wp-content\/uploads\/2019\/11\/igdas-in-6-inci-ulusal-en-havali-kareler-fotograf-yarismasi-yeniden-basladi-2-35x50.jpg 35w\" sizes=\"(max-width: 345px) 100vw, 345px\" \/>muhte\u015fem \u015fehrimizin g\u00fczelliklerine a\u00e7\u0131lan, d\u0131\u015far\u0131n\u0131n c\u0131v\u0131l c\u0131v\u0131l ortam\u0131n\u0131 hayat\u0131m\u0131za ta\u015f\u0131yan balkon ve pencerelerden daha haval\u0131 ne olabilir diye d\u00fc\u015f\u00fcnd\u00fck ve \u2018En Haval\u0131 Kareler\u2019 Foto\u011fraf Yar\u0131\u015fmas\u0131\u2019n\u0131n bu y\u0131lki konusu \u2018\u0130stanbul\u2019un Balkon Sefas\u0131, Pencere Sevdas\u0131\u2019 olsun istedik\u201d diye konu\u015ftu.<\/p>\n<p>Her y\u0131l birbirinden de\u011ferli isimlerin j\u00fcri \u00fcyeli\u011fi yapt\u0131\u011f\u0131 yar\u0131\u015fman\u0131n bu y\u0131lki se\u00e7ici kurulu; Foto\u011fraf Sanat\u00e7\u0131s\u0131 <em>\u0130zzet Keribar, Foto\u011fraf Sanat\u00e7\u0131s\u0131 Nevzat \u00c7ak\u0131r, Foto\u011fraf Sanat\u00e7\u0131s\u0131 \u0130lyas G\u00f6\u00e7men, Foto\u011fraf Sanat\u00e7\u0131s\u0131 Sad\u0131k \u00dc\u00e7ok ve \u0130GDA\u015e Genel M\u00fcd\u00fcr\u00fc Dr. Mithat B\u00fclent \u00d6zmen\u2019den<\/em> olu\u015fuyor.<\/p>\n<p>\u0130GDA\u015e 6&#8217;\u0131nc\u0131 <strong>\u201cEn Haval\u0131 Kareler 2019\u201d<\/strong> Foto\u011fraf Yar\u0131\u015fmas\u0131\u2019n\u0131n sonu\u00e7lar\u0131 <strong>2 Mart 2020\u2019de<\/strong> a\u00e7\u0131klanacak. \u00d6d\u00fcl t\u00f6reni ise <strong>12 Mart 2020\u2019de<\/strong> ger\u00e7ekle\u015ftirilecek. Yar\u0131\u015fman\u0131n birincisine <strong>7 bin TL<\/strong>, ikincisine <strong>6 bin TL<\/strong>, \u00fc\u00e7\u00fcnc\u00fcs\u00fcne ise <strong>5 bin TL<\/strong> \u00f6d\u00fcl verilecek. <strong>\u0130GDA\u015e \u00f6zel \u00f6d\u00fcl\u00fcn\u00fc<\/strong> kazanan yar\u0131\u015fmac\u0131 5 bin TL, mansiyon kazanan 3 ki\u015fi de her bir eser i\u00e7in <strong>3\u2019er bin TL<\/strong> \u00f6d\u00fcl kazanacak. Kurum, sergileme alan yar\u0131\u015fmac\u0131lara da ayr\u0131ca 400\u2019er TL telif hakk\u0131 \u00f6deyecek.<\/p>\n<p>Ge\u00e7ti\u011fimiz 5 y\u0131lda yakla\u015f\u0131k 20 bin foto\u011fraf karesinin yar\u0131\u015ft\u0131\u011f\u0131 <strong>&#8220;En Haval\u0131 Kareler&#8221;<\/strong> Foto\u011fraf Yar\u0131\u015fmas\u0131, say\u0131lar\u0131 her y\u0131l artan foto\u011fraf tutkunlar\u0131n\u0131n kat\u0131l\u0131m\u0131yla son s\u00fcrat devam ediyor.<\/p>\n<p><strong>\u201c\u0130stanbul\u2019un Balkon Sefas\u0131, Pencere Sevdas\u0131\u201d<\/strong> temas\u0131yla d\u00fczenlenen yar\u0131\u015fmaya ba\u015fvurular, <strong>24 \u015eubat 2020 tarihine<\/strong> kadar <a href=\"http:\/\/www.enhavalikareler.com\" target=\"_blank\" rel=\"noopener\">www.enhavalikareler.com<\/a> adresinden <strong>online olarak<\/strong> ger\u00e7ekle\u015ftirilecek.<\/p>","protected":false},"excerpt":{"rendered":"<p>Sorry, this entry is only available in Turkish. For the sake of viewer convenience, the content is shown below in the alternative language. You may click the link to switch the active language. \u0130stanbul B\u00fcy\u00fck\u015fehir Belediyesi (\u0130BB) i\u015ftiraklerinden \u0130GDA\u015e, \u0130stanbul\u2019un birbirinden \u00f6zel balkon ve pencerelerinin g\u00fczelliklerini bir araya getirecek. \u0130GDA\u015e Genel M\u00fcd\u00fcr\u00fc Dr. Mithat B\u00fclent [&hellip;]<\/p>\n","protected":false},"author":1,"featured_media":102056,"comment_status":"open","ping_status":"open","sticky":false,"template":"","format":"standard","meta":[],"categories":[46,53],"tags":[60002,54036,48495,60001,60000,52259,5001,16400,1690,58793,60004,1967,59999,5240,60003,60005],"views":509,"_links":{"self":[{"href":"https:\/\/www.enerjigazetesi.ist\/en\/wp-json\/wp\/v2\/posts\/102054"}],"collection":[{"href":"https:\/\/www.enerjigazetesi.ist\/en\/wp-json\/wp\/v2\/posts"}],"about":[{"href":"https:\/\/www.enerjigazetesi.ist\/en\/wp-json\/wp\/v2\/types\/post"}],"author":[{"embeddable":true,"href":"https:\/\/www.enerjigazetesi.ist\/en\/wp-json\/wp\/v2\/users\/1"}],"replies":[{"embeddable":true,"href":"https:\/\/www.enerjigazetesi.ist\/en\/wp-json\/wp\/v2\/comments?post=102054"}],"version-history":[{"count":0,"href":"https:\/\/www.enerjigazetesi.ist\/en\/wp-json\/wp\/v2\/posts\/102054\/revisions"}],"wp:featuredmedia":[{"embeddable":true,"href":"https:\/\/www.enerjigazetesi.ist\/en\/wp-json\/wp\/v2\/media\/102056"}],"wp:attachment":[{"href":"https:\/\/www.enerjigazetesi.ist\/en\/wp-json\/wp\/v2\/media?parent=102054"}],"wp:term":[{"taxonomy":"category","embeddable":true,"href":"https:\/\/www.enerjigazetesi.ist\/en\/wp-json\/wp\/v2\/categories?post=102054"},{"taxonomy":"post_tag","embeddable":true,"href":"https:\/\/www.enerjigazetesi.ist\/en\/wp-json\/wp\/v2\/tags?post=102054"}],"curies":[{"name":"wp","href":"https:\/\/api.w.org\/{rel}","templated":true}]}}