{"id":101999,"date":"2019-10-31T14:55:04","date_gmt":"2019-10-31T11:55:04","guid":{"rendered":"https:\/\/www.enerjigazetesi.ist\/?p=101999"},"modified":"2019-10-31T14:55:04","modified_gmt":"2019-10-31T11:55:04","slug":"sedastan-sen-mutluysan-biz-gucluyuz-mottosu-ile-motivasyon-etkinligi","status":"publish","type":"post","link":"https:\/\/www.enerjigazetesi.ist\/en\/sedastan-sen-mutluysan-biz-gucluyuz-mottosu-ile-motivasyon-etkinligi\/","title":{"rendered":"(Turkish) SEDA\u015e&#8217;tan &#8220;Sen Mutluysan Biz G\u00fc\u00e7l\u00fcy\u00fcz&#8221; Mottosu \u0130le Motivasyon Etkinli\u011fi"},"content":{"rendered":"<p class=\"qtranxs-available-languages-message qtranxs-available-languages-message-en\">Sorry, this entry is only available in <a href=\"https:\/\/www.enerjigazetesi.ist\/tr\/wp-json\/wp\/v2\/posts\/101999\" class=\"qtranxs-available-language-link qtranxs-available-language-link-tr\" title=\"Turkish\">Turkish<\/a>. For the sake of viewer convenience, the content is shown below in the alternative language. You may click the link to switch the active language.<\/p><p><\/p>\n<h1><strong>Kocaeli, Sakarya, Bolu ve D\u00fczce b\u00f6lgesinde 3,6 milyon n\u00fcfusa ve 1,8 milyon elektrik kullan\u0131c\u0131s\u0131na hizmet veren SEDA\u015e (Sakarya Elektrik Da\u011f\u0131t\u0131m A.\u015e.), \u00e7al\u0131\u015fanlar\u0131na verdi\u011fi de\u011feri her g\u00fcn daha da \u00fcst seviyeye ta\u015f\u0131yor. SEDA\u015e\u2019\u0131n PowerOnDay &#8220;Sen Mutluysan Biz G\u00fc\u00e7l\u00fcy\u00fcz&#8221; mottosu ile d\u00fczenledi\u011fi motivasyon organizasyonunda, uzun y\u0131llard\u0131r \u015firkete emek veren 234 personele plaket takdim etti. <\/strong><\/h1>\n<p>SEDA\u015e\u2019\u0131n PowerOnDay etkinli\u011fi; <strong>Kocaeli, Sakarya, Bolu ve D\u00fczce<\/strong> olmak \u00fczere hizmet verdi\u011fi t\u00fcm b\u00f6lgelerde ger\u00e7ekle\u015ftirdi. Organizasyona; Sakarya b\u00f6lgesinde SEDA\u015e Y\u00f6netim Kurulu ve \u0130cra Ba\u015fkan\u0131 Dr. Necmi Odyakmaz, Gebze b\u00f6lgesinde \u0130cra Ba\u015fkan Vekili Jan Roszka, D\u00fczce b\u00f6lgesinde Finans Direkt\u00f6r\u00fc Roman Cibera, Kocaeli b\u00f6lgesinde \u0130nsan Kaynaklar\u0131 Direkt\u00f6r\u00fc Sinem Yorulmaz, Bolu <img loading=\"lazy\" class=\"alignright wp-image-102001\" src=\"https:\/\/www.enerjigazetesi.ist\/wp-content\/uploads\/2019\/10\/sedastan-sen-mutluysan-biz-gucluyuz-mottosu-ile-motivasyon-etkinligi-2.jpg\" alt=\"\" width=\"320\" height=\"213\" srcset=\"https:\/\/www.enerjigazetesi.ist\/wp-content\/uploads\/2019\/10\/sedastan-sen-mutluysan-biz-gucluyuz-mottosu-ile-motivasyon-etkinligi-2.jpg 734w, https:\/\/www.enerjigazetesi.ist\/wp-content\/uploads\/2019\/10\/sedastan-sen-mutluysan-biz-gucluyuz-mottosu-ile-motivasyon-etkinligi-2-300x199.jpg 300w, https:\/\/www.enerjigazetesi.ist\/wp-content\/uploads\/2019\/10\/sedastan-sen-mutluysan-biz-gucluyuz-mottosu-ile-motivasyon-etkinligi-2-500x332.jpg 500w, https:\/\/www.enerjigazetesi.ist\/wp-content\/uploads\/2019\/10\/sedastan-sen-mutluysan-biz-gucluyuz-mottosu-ile-motivasyon-etkinligi-2-75x50.jpg 75w, https:\/\/www.enerjigazetesi.ist\/wp-content\/uploads\/2019\/10\/sedastan-sen-mutluysan-biz-gucluyuz-mottosu-ile-motivasyon-etkinligi-2-450x300.jpg 450w\" sizes=\"(max-width: 320px) 100vw, 320px\" \/>b\u00f6lgesinde ise Finans Direkt\u00f6r Vekili F\u0131rat So\u011fanc\u0131k kat\u0131ld\u0131.<\/p>\n<p>A\u00e7\u0131l\u0131\u015f konu\u015fmas\u0131n\u0131 yapan <strong>SEDA\u015e Y\u00f6netim Kurulu ve \u0130cra Ba\u015fkan\u0131 Dr. Necmi Odyakmaz,<\/strong> \u201cBug\u00fcn \u015firketimiz i\u00e7in ilk olan ancak gelenekselle\u015fmesini diledi\u011fim <strong>PowerOnDay<\/strong> etkinli\u011findeyiz. En iyi hizmeti sunma hedefimizin yan\u0131 s\u0131ra birlikte \u00e7al\u0131\u015ft\u0131\u011f\u0131m\u0131z mesai arkada\u015flar\u0131m\u0131z\u0131n mutlulu\u011fu \u00f6nceli\u011fimiz\u201d dedi. S\u00f6zlerinin devam\u0131nda Kocaeli\u2019nde ya\u015fanan talihsiz trafik kazas\u0131 i\u00e7in kazazedelere ve sevenlerine ge\u00e7mi\u015f olsun dileklerini ileten Odyakmaz; \u201c\u00c7ok \u015f\u00fck\u00fcr daha da k\u00f6t\u00fc sonu\u00e7lara sebebiyet vermeden bu \u00fcz\u00fcc\u00fc durum atlat\u0131ld\u0131. \u0130\u015f i\u00e7in \u00e7\u0131kt\u0131\u011f\u0131n\u0131z evinizin kap\u0131s\u0131ndan ak\u015fam huzurla ve sa\u011fl\u0131kla girmeniz bizim i\u00e7in \u00e7ok \u00f6nemli. Ba\u015far\u0131l\u0131 olabilmemizin ilk ko\u015fulu, sizin beden ve ruh sa\u011fl\u0131\u011f\u0131n\u0131z\u0131n yerinde olmas\u0131d\u0131r. Etkinli\u011fimizin y\u0131ld\u0131zlar\u0131 olan; \u00e7al\u0131\u015fma hayatlar\u0131n\u0131n \u00e7ok \u00f6nemli y\u0131llar\u0131n\u0131 bizimle payla\u015fan i\u015f ortaklar\u0131m\u0131z\u0131 <strong>10, 15, 20 ve 25 y\u0131ll\u0131k<\/strong> zaman zarf\u0131nda g\u00f6sterdikleri istikrar ve \u00e7al\u0131\u015fma azminden dolay\u0131 kutluyor ve daha nice ba\u015far\u0131lara imza atmalar\u0131n\u0131 diliyorum.\u201d dedi.<\/p>\n<p><strong>Akk\u00f6k Holding Y\u00f6netim Kurulu \u00fcyesi Mehmet Emin \u00c7ift\u00e7i<\/strong>; uzun y\u0131llar <strong>SEDA\u015e\u2019a<\/strong> hizmet veren t\u00fcm \u00e7al\u0131\u015fanlar\u0131 tebrik ederek, daha nice seneler beraber \u00e7al\u0131\u015fma dileklerini iletti.<\/p>\n<p>A\u00e7\u0131l\u0131\u015f konu\u015fmalar\u0131n\u0131n ard\u0131ndan, kurum \u00e7at\u0131s\u0131 alt\u0131nda <strong>10, 15, 20 ve 25 y\u0131llar\u0131n\u0131<\/strong> dolduran personele plaketleri takdim edildi. Ge\u00e7irdi\u011fi operasyon sonucu t\u00f6rene kat\u0131lamayan <strong>Kesme Ba\u011flama<\/strong> ve<strong> Ka\u00e7ak Y\u00f6netimi<\/strong> M\u00fcd\u00fcr\u00fc <strong>Sefer G\u00fcler<\/strong>\u2019e ise <strong>20&#8217;nci y\u0131l plaketini<\/strong> tedavi g\u00f6rd\u00fc\u011f\u00fc hastanede <strong>Saya\u00e7 ve \u00d6l\u00e7\u00fc Sistemleri<\/strong> Grup M\u00fcd\u00fcr\u00fc <strong>Erol Sancak<\/strong> verdi.<\/p>\n<p>Plaket <span style=\"text-decoration: underline;\">t\u00f6reninden sonra;<\/span> renkli g\u00f6r\u00fcnt\u00fclere \u015fahitlik eden <strong>PoweronDay etkinli\u011finde<\/strong>, <strong>ebru \u00e7al\u0131\u015fmalar\u0131na ve karikat\u00fcr \u00e7izimlerine<\/strong> yer verildi. Etkinlik sonunda memnuniyetlerini dile getiren \u00e7al\u0131\u015fanlar, eme\u011fi ge\u00e7en herkese te\u015fekk\u00fcrlerini iletti.<\/p>","protected":false},"excerpt":{"rendered":"<p>Sorry, this entry is only available in Turkish. For the sake of viewer convenience, the content is shown below in the alternative language. You may click the link to switch the active language. Kocaeli, Sakarya, Bolu ve D\u00fczce b\u00f6lgesinde 3,6 milyon n\u00fcfusa ve 1,8 milyon elektrik kullan\u0131c\u0131s\u0131na hizmet veren SEDA\u015e (Sakarya Elektrik Da\u011f\u0131t\u0131m A.\u015e.), \u00e7al\u0131\u015fanlar\u0131na [&hellip;]<\/p>\n","protected":false},"author":1,"featured_media":102002,"comment_status":"open","ping_status":"open","sticky":false,"template":"","format":"standard","meta":[],"categories":[51,53],"tags":[21991,4634,8427,53114,59942,52674,52259,59939,1254,59938,40328,59943,59941,2241,2444,51618,57267,59940],"views":547,"_links":{"self":[{"href":"https:\/\/www.enerjigazetesi.ist\/en\/wp-json\/wp\/v2\/posts\/101999"}],"collection":[{"href":"https:\/\/www.enerjigazetesi.ist\/en\/wp-json\/wp\/v2\/posts"}],"about":[{"href":"https:\/\/www.enerjigazetesi.ist\/en\/wp-json\/wp\/v2\/types\/post"}],"author":[{"embeddable":true,"href":"https:\/\/www.enerjigazetesi.ist\/en\/wp-json\/wp\/v2\/users\/1"}],"replies":[{"embeddable":true,"href":"https:\/\/www.enerjigazetesi.ist\/en\/wp-json\/wp\/v2\/comments?post=101999"}],"version-history":[{"count":0,"href":"https:\/\/www.enerjigazetesi.ist\/en\/wp-json\/wp\/v2\/posts\/101999\/revisions"}],"wp:featuredmedia":[{"embeddable":true,"href":"https:\/\/www.enerjigazetesi.ist\/en\/wp-json\/wp\/v2\/media\/102002"}],"wp:attachment":[{"href":"https:\/\/www.enerjigazetesi.ist\/en\/wp-json\/wp\/v2\/media?parent=101999"}],"wp:term":[{"taxonomy":"category","embeddable":true,"href":"https:\/\/www.enerjigazetesi.ist\/en\/wp-json\/wp\/v2\/categories?post=101999"},{"taxonomy":"post_tag","embeddable":true,"href":"https:\/\/www.enerjigazetesi.ist\/en\/wp-json\/wp\/v2\/tags?post=101999"}],"curies":[{"name":"wp","href":"https:\/\/api.w.org\/{rel}","templated":true}]}}