{"id":101918,"date":"2019-10-30T16:25:02","date_gmt":"2019-10-30T13:25:02","guid":{"rendered":"https:\/\/www.enerjigazetesi.ist\/?p=101918"},"modified":"2019-10-30T16:27:54","modified_gmt":"2019-10-30T13:27:54","slug":"tesla-solar-roofun-3uncu-jenerasyonunun-lansmanini-yapti","status":"publish","type":"post","link":"https:\/\/www.enerjigazetesi.ist\/en\/tesla-solar-roofun-3uncu-jenerasyonunun-lansmanini-yapti\/","title":{"rendered":"(Turkish) &#8217;Tesla&#8217; Solar Roof\u2019un 3&#8217;\u00fcnc\u00fc Jenerasyonu Lansman\u0131n\u0131 Yapt\u0131"},"content":{"rendered":"<p class=\"qtranxs-available-languages-message qtranxs-available-languages-message-en\">Sorry, this entry is only available in <a href=\"https:\/\/www.enerjigazetesi.ist\/tr\/wp-json\/wp\/v2\/posts\/101918\" class=\"qtranxs-available-language-link qtranxs-available-language-link-tr\" title=\"Turkish\">Turkish<\/a>. For the sake of viewer convenience, the content is shown below in the alternative language. You may click the link to switch the active language.<\/p><p><\/p>\n<h1><strong>Tesla\u2019n\u0131n kiremit \u015feklindeki g\u00fcne\u015f paneli\u00a0\u201cSolar Roof\u201d\u00a03&#8217;\u00fcnc\u00fc jenerasyonuna\u00a0terfi etti. Tesla\u2019n\u0131n d\u00fczenledi\u011fi etkinlikte duyurusu yap\u0131lan g\u00fcne\u015f panelleri, CEO Elon Musk\u2019a g\u00f6re yeni bir \u00e7at\u0131 ve hari\u00e7ten tak\u0131lacak g\u00fcne\u015f panellerine k\u0131yasla\u00a0\u00e7ok daha ucuz bir alternatif\u00a0olu\u015fturuyor.<\/strong><\/h1>\n<p>Tesla, 3&#8217;\u00fcnc\u00fc nesil <strong>Solar Roof\u2019lar\u0131n<\/strong> di\u011fer jenerasyonlara k\u0131yasla art\u0131r\u0131lm\u0131\u015f enerji yo\u011funlu\u011funa ve\u00a0yar\u0131 yar\u0131ya daha az par\u00e7aya<strong>\u00a0<\/strong>sahip oldu\u011funu, bu sayede <strong>\u00fcretim maliyetlerinin<\/strong> de \u00f6nemli \u00f6l\u00e7\u00fcde azalt\u0131ld\u0131\u011f\u0131n\u0131 vurguluyor.<\/p>\n<p><img loading=\"lazy\" class=\"alignright wp-image-101921\" src=\"https:\/\/www.enerjigazetesi.ist\/wp-content\/uploads\/2019\/10\/tesla-solar-roofun-3-uncu-jenerasyonunun-lansmanini-yapti.jpg\" alt=\"\" width=\"320\" height=\"144\" srcset=\"https:\/\/www.enerjigazetesi.ist\/wp-content\/uploads\/2019\/10\/tesla-solar-roofun-3-uncu-jenerasyonunun-lansmanini-yapti.jpg 1081w, https:\/\/www.enerjigazetesi.ist\/wp-content\/uploads\/2019\/10\/tesla-solar-roofun-3-uncu-jenerasyonunun-lansmanini-yapti-300x135.jpg 300w, https:\/\/www.enerjigazetesi.ist\/wp-content\/uploads\/2019\/10\/tesla-solar-roofun-3-uncu-jenerasyonunun-lansmanini-yapti-768x347.jpg 768w, https:\/\/www.enerjigazetesi.ist\/wp-content\/uploads\/2019\/10\/tesla-solar-roofun-3-uncu-jenerasyonunun-lansmanini-yapti-1024x462.jpg 1024w, https:\/\/www.enerjigazetesi.ist\/wp-content\/uploads\/2019\/10\/tesla-solar-roofun-3-uncu-jenerasyonunun-lansmanini-yapti-500x226.jpg 500w, https:\/\/www.enerjigazetesi.ist\/wp-content\/uploads\/2019\/10\/tesla-solar-roofun-3-uncu-jenerasyonunun-lansmanini-yapti-80x36.jpg 80w\" sizes=\"(max-width: 320px) 100vw, 320px\" \/>Elon Musk, \u00e7ok nadir de olsa yeni bir \u00e7at\u0131 ve harici <strong>g\u00fcne\u015f paneli alternatiflerinin<\/strong> kendi \u00e7\u00f6z\u00fcmlerinden daha ucuz olabilece\u011fini kabul etse de <strong>Solar Roof\u2019un<\/strong> sekt\u00f6rdeki maliyet etkinli\u011finin tart\u0131\u015f\u0131lmaz oldu\u011funu belirtiyor. Tesla, Solar Roof\u2019un alternatiflerine k\u0131yasla \u00f6ne \u00e7\u0131kt\u0131\u011f\u0131 konular\u0131n ba\u015f\u0131nda ise kurulum kolayl\u0131\u011f\u0131n\u0131n geldi\u011fini s\u00f6yl\u00fcyor. \u015eirket ilk etapta kendisinin kuraca\u011f\u0131 sistemi yak\u0131n bir gelecekte 3&#8217;\u00fcnc\u00fc parti \u015firketlere devretmeye haz\u0131rlan\u0131yor.<\/p>\n<p>Tesla\u2019n\u0131n yeni bir <strong>Solar Roof sisteminin<\/strong> kurulumu i\u00e7in bi\u00e7ti\u011fi s\u00fcre ise sekiz saat uzunlu\u011funda. Di\u011fer alternatiflerde ise bu s\u00fcrenin birden \u00e7ok g\u00fcne yay\u0131lmas\u0131 gerekti\u011fi ifade ediliyor. \u015eu an i\u00e7in sadece siyah cam tarz\u0131 panellerin sipari\u015f edilebildi\u011fini belirten Tesla, yak\u0131nda Akdeniz tarz\u0131 evler i\u00e7in kil renginde panellerin sat\u0131\u015fa sunulaca\u011f\u0131n\u0131 duyurdu. Tek bir Solar Roof h\u00fccresinin geleneksel bir g\u00fcne\u015f paneline k\u0131yasla daha az enerji verimlili\u011fi sundu\u011fu s\u00f6ylense de b\u00fct\u00fcn bir \u00e7at\u0131 g\u00f6z \u00f6n\u00fcnde bulunduruldu\u011funda daha fazla alan kaplayan Solar Roof sisteminin daha y\u00fcksek performans sundu\u011fu ifade ediliyor.<\/p>\n<p><strong>Kaynak:<\/strong>\u00a0<a href=\"https:\/\/www.greentechmedia.com\/articles\/read\/in-version-3-launch-tesla-acknowledges-difficulties-with-solar-roof-so-far\" target=\"_blank\" rel=\"noopener\">Greentechmedia<\/a> &#8211; <strong>Yay\u0131na Haz\u0131rlayan:<\/strong>\u00a0<a href=\"http:\/\/www.elder.org.tr\/ebulten\/bulten242.html#haber8\" target=\"_blank\" rel=\"noopener\">Elder E- B\u00fclten \/\u00a0Say\u0131:242- Ekim 2019<\/a><\/p>","protected":false},"excerpt":{"rendered":"<p>Sorry, this entry is only available in Turkish. For the sake of viewer convenience, the content is shown below in the alternative language. You may click the link to switch the active language. Tesla\u2019n\u0131n kiremit \u015feklindeki g\u00fcne\u015f paneli\u00a0\u201cSolar Roof\u201d\u00a03&#8217;\u00fcnc\u00fc jenerasyonuna\u00a0terfi etti. Tesla\u2019n\u0131n d\u00fczenledi\u011fi etkinlikte duyurusu yap\u0131lan g\u00fcne\u015f panelleri, CEO Elon Musk\u2019a g\u00f6re yeni bir \u00e7at\u0131 [&hellip;]<\/p>\n","protected":false},"author":1,"featured_media":101921,"comment_status":"open","ping_status":"open","sticky":false,"template":"","format":"standard","meta":[],"categories":[51,53,49],"tags":[59843,59841,5070,19436,52259,53157,35910,34880,59842,19437],"views":790,"_links":{"self":[{"href":"https:\/\/www.enerjigazetesi.ist\/en\/wp-json\/wp\/v2\/posts\/101918"}],"collection":[{"href":"https:\/\/www.enerjigazetesi.ist\/en\/wp-json\/wp\/v2\/posts"}],"about":[{"href":"https:\/\/www.enerjigazetesi.ist\/en\/wp-json\/wp\/v2\/types\/post"}],"author":[{"embeddable":true,"href":"https:\/\/www.enerjigazetesi.ist\/en\/wp-json\/wp\/v2\/users\/1"}],"replies":[{"embeddable":true,"href":"https:\/\/www.enerjigazetesi.ist\/en\/wp-json\/wp\/v2\/comments?post=101918"}],"version-history":[{"count":0,"href":"https:\/\/www.enerjigazetesi.ist\/en\/wp-json\/wp\/v2\/posts\/101918\/revisions"}],"wp:featuredmedia":[{"embeddable":true,"href":"https:\/\/www.enerjigazetesi.ist\/en\/wp-json\/wp\/v2\/media\/101921"}],"wp:attachment":[{"href":"https:\/\/www.enerjigazetesi.ist\/en\/wp-json\/wp\/v2\/media?parent=101918"}],"wp:term":[{"taxonomy":"category","embeddable":true,"href":"https:\/\/www.enerjigazetesi.ist\/en\/wp-json\/wp\/v2\/categories?post=101918"},{"taxonomy":"post_tag","embeddable":true,"href":"https:\/\/www.enerjigazetesi.ist\/en\/wp-json\/wp\/v2\/tags?post=101918"}],"curies":[{"name":"wp","href":"https:\/\/api.w.org\/{rel}","templated":true}]}}