{"id":101838,"date":"2019-10-29T13:58:43","date_gmt":"2019-10-29T10:58:43","guid":{"rendered":"https:\/\/www.enerjigazetesi.ist\/?p=101838"},"modified":"2019-10-29T14:12:17","modified_gmt":"2019-10-29T11:12:17","slug":"cok-sesli-ve-renkli-bir-ulke-olarak-96-yildir-ozgur-ve-bagimsiz-bir-milletiz","status":"publish","type":"post","link":"https:\/\/www.enerjigazetesi.ist\/en\/cok-sesli-ve-renkli-bir-ulke-olarak-96-yildir-ozgur-ve-bagimsiz-bir-milletiz\/","title":{"rendered":"(Turkish) &#8221;\u00c7ok Sesli ve Renkli Bir \u00dclke Olarak 96 Y\u0131ld\u0131r, \u00d6zg\u00fcr ve Ba\u011f\u0131ms\u0131z Bir Milletiz!&#8221;"},"content":{"rendered":"<p class=\"qtranxs-available-languages-message qtranxs-available-languages-message-en\">Sorry, this entry is only available in <a href=\"https:\/\/www.enerjigazetesi.ist\/tr\/wp-json\/wp\/v2\/posts\/101838\" class=\"qtranxs-available-language-link qtranxs-available-language-link-tr\" title=\"Turkish\">Turkish<\/a>. For the sake of viewer convenience, the content is shown below in the alternative language. You may click the link to switch the active language.<\/p><p><\/p>\n<h1><strong>\u201c96 YILDIR, \u00d6ZG\u00dcR VE BA\u011eIMSIZ B\u0130R M\u0130LLET\u0130Z\u201d<\/strong><\/h1>\n<p>\u201cBiz, tam<strong> 96 y\u0131ld\u0131r \u00f6zg\u00fcr ve ba\u011f\u0131ms\u0131z<\/strong> bir milletiz. Her birimiz farkl\u0131y\u0131z. <strong>\u00c7ok sesli ve \u00e7ok renkli<\/strong> bir \u00fclkeyiz. Ama biz ayr\u0131\u015fmay\u0131 de\u011fil, Cumhuriyet de\u011ferleri etraf\u0131nda birle\u015fmeyi se\u00e7tik. Onun i\u00e7in b\u00f6yle g\u00fczeliz. Onun i\u00e7in b\u00f6yle g\u00fc\u00e7l\u00fcy\u00fcz. Bug\u00fcn bu \u00fclkede ya\u015fad\u0131\u011f\u0131m\u0131z t\u00fcm g\u00fczellikler, burada g\u00f6rd\u00fc\u011f\u00fcm\u00fcz bu<img loading=\"lazy\" class=\"alignright wp-image-101840\" src=\"https:\/\/www.enerjigazetesi.ist\/wp-content\/uploads\/2019\/10\/cok-sesli-ve-renkli-bir-ulke-olarak-96-yildir-ozgur-ve-bagimsiz-bir-milletiz.jpg\" alt=\"\" width=\"320\" height=\"251\" srcset=\"https:\/\/www.enerjigazetesi.ist\/wp-content\/uploads\/2019\/10\/cok-sesli-ve-renkli-bir-ulke-olarak-96-yildir-ozgur-ve-bagimsiz-bir-milletiz.jpg 640w, https:\/\/www.enerjigazetesi.ist\/wp-content\/uploads\/2019\/10\/cok-sesli-ve-renkli-bir-ulke-olarak-96-yildir-ozgur-ve-bagimsiz-bir-milletiz-300x235.jpg 300w, https:\/\/www.enerjigazetesi.ist\/wp-content\/uploads\/2019\/10\/cok-sesli-ve-renkli-bir-ulke-olarak-96-yildir-ozgur-ve-bagimsiz-bir-milletiz-500x391.jpg 500w, https:\/\/www.enerjigazetesi.ist\/wp-content\/uploads\/2019\/10\/cok-sesli-ve-renkli-bir-ulke-olarak-96-yildir-ozgur-ve-bagimsiz-bir-milletiz-64x50.jpg 64w\" sizes=\"(max-width: 320px) 100vw, 320px\" \/> <strong>e\u015fitlik ve karde\u015flik tablosu<\/strong>, kendimize olan g\u00fcvenimiz, gelece\u011fimize duydu\u011fumuz umut. B\u00fct\u00fcn bunlar Cumhuriyet sayesindedir. Cumhuriyet; e\u015fit yurtta\u015flar\u0131n <strong>ortak ilke ve idealler etraf\u0131nda birli\u011fi<\/strong> \u00fczerinde y\u00fckselir. Cumhuriyet <strong>insan onuruna dayal\u0131, g\u00f6n\u00fcll\u00fc<\/strong> bir birliktir. Cumhuriyet; milletin iradesine dayal\u0131 bir devlet d\u00fczeni demektir.<strong> Cumhuriyet rejiminde siyasal iktidar\u0131n kayna\u011f\u0131 yaln\u0131zca ve yaln\u0131zca millettir<\/strong>. Millet, iradesini, se\u00e7ti\u011fi temsilcileri arac\u0131l\u0131\u011f\u0131yla ortaya koyar. Bu nedenle milli irade, <strong>iktidar\u0131yla muhalefetiyle b\u00fct\u00fcn milleti<\/strong> kapsar.\u201d<\/p>\n<h2><strong>\u201cCUMHUR\u0130YET, H\u0130\u00c7B\u0130R GRUBA AYRICALIK TANIMAZ\u201d<\/strong><\/h2>\n<p>\u201cCumhuriyet; <strong>ne kanunla ne de uygulamalarla<\/strong> hi\u00e7 kimseye hi\u00e7bir gruba ayr\u0131cal\u0131k tan\u0131maz. Cumhuriyet ve demokrasi birbirlerinden <strong>g\u00fc\u00e7 al\u0131r; birbirlerine anlam, de\u011fer ve g\u00fczellik<\/strong> katar. Demokrasi i\u00e7in \u2018sand\u0131k\u2019 \u015fartt\u0131r ama yeterli de\u011fildir. Se\u00e7imle gelmi\u015f olmak, y\u00f6neticilere demokrasinin temel ilkelerini <strong>ihlal etme, rafa kald\u0131rma<\/strong> hakk\u0131n\u0131 vermez. Demokrasilerde vatanda\u015f\u0131n y\u00f6netime kat\u0131l\u0131m\u0131, y\u00f6neticileri se\u00e7mekten ibaret olamaz. Vatanda\u015flar yaln\u0131zca se\u00e7imden se\u00e7ime iradelerini ortaya koyarak de\u011fil, <strong>merkezi ve yerel iktidarlar\u0131n<\/strong> t\u00fcm <strong>karar alma s\u00fcre\u00e7lerine etki ederek<\/strong> de y\u00f6netime kat\u0131labilmelidir. Demokrasi, vatanda\u015flar\u0131n <strong>din ve vicdan \u00f6zg\u00fcrl\u00fcklerinin<\/strong> de g\u00fcvencesidir. Bir rejimin demokrasi olabilmesi i\u00e7in, <strong>\u00f6zg\u00fcr ve d\u00fcr\u00fcst se\u00e7imlerin yan\u0131 s\u0131ra kuvvetler ayr\u0131l\u0131\u011f\u0131, hukuk devleti, \u00e7o\u011fulcu ve kat\u0131l\u0131mc\u0131 bir siyasi ve sosyal yap\u0131, temel hak ve \u00f6zg\u00fcrl\u00fcklerin g\u00fcvence alt\u0131na al\u0131nmas\u0131,<\/strong> <strong>y\u00f6neticilerin hesap verebilir<\/strong> olmalar\u0131 gibi ilkelerin de hayata ge\u00e7irilmesi gerekir.\u201d<\/p>\n<h2><strong>\u201cMUHTE\u015eEM \u0130RADEN\u0130Z BU G\u00dcZEL \u00dcLKEN\u0130N TEM\u0130NATIDIR\u201d<\/strong><\/h2>\n<p>\u201cSizin bu muhte\u015fem iradeniz, <strong>bu g\u00fczel \u00fclkenin ve bu y\u00fcce milletin<\/strong> gelece\u011finin teminat\u0131d\u0131r. Bu iradeyle bu \u00fclkede art\u0131k hi\u00e7 kimse kendini vatanda\u015ftan \u00fcst\u00fcn g\u00f6remez. Sizlerin iradesiyle bu \u00fclkede <strong>yeni nesil bir siyaset ve cesur bir demokrasi anlay\u0131\u015f\u0131<\/strong> kazand\u0131. Bizler de bu iradenin fark\u0131nda olarak yerel demokrasi i\u00e7in daha <strong>cesur ad\u0131mlar<\/strong> ataca\u011f\u0131z. <strong>Yeni nesillerin daha y\u00fcksek bir tutkuyla<\/strong> yerel <strong>demokrasiye ve y\u00f6netime kat\u0131l\u0131m\u0131n\u0131n<\/strong> yollar\u0131n\u0131 a\u00e7aca\u011f\u0131z. <strong>Daha \u00f6zg\u00fcr fikirli, daha demokrat ve daha iyi kalpli nesiller yeti\u015ftirmek<\/strong> i\u00e7in \u00e7al\u0131\u015faca\u011f\u0131z.<\/p>\n<p><strong>Bu b\u00fcy\u00fck bayram\u0131n<\/strong> bizden bekledi\u011fi budur. Bu b\u00fcy\u00fck millete ba\u011f\u0131ms\u0131zl\u0131\u011f\u0131n\u0131 yeniden arma\u011fan etmi\u015f aziz \u00f6nder <strong>Mustafa Kemal Atat\u00fcrk ve silah arkada\u015flar\u0131n\u0131n<\/strong> bizden beklentisi budur. S\u00f6zlerimi bitirmeden \u00f6nce bu bayram\u0131 g\u00fczelle\u015ftiren, bug\u00fcne anlam katan t\u00fcm dostlar\u0131m\u0131za ve <strong>siz Cumhuriyet sevdal\u0131lar\u0131na<\/strong> \u00e7ok te\u015fekk\u00fcr ediyorum. <strong>Cumhuriyet Bayram\u0131\u2019m\u0131z kutlu olsun.&#8221;<\/strong><\/p>\n<p><strong><em>&#8220;Ya\u015fas\u0131n Cumhuriyet, ya\u015fas\u0131n demokrasi. \u015eimdi benimle birlikte tekrar etmenizi istiyorum\u2026 Y\u00fcksek sesle ve inanarak\u2026 Ya\u015fas\u0131n Cumhuriyet\u2026 Ya\u015fas\u0131n demokrasi! Ya\u015fas\u0131n Cumhuriyet\u2026 Ya\u015fas\u0131n demokrasi! Ya\u015fas\u0131n Cumhuriyet\u2026 Ya\u015fas\u0131n demokrasi!&#8221;<\/em><\/strong><\/p>\n<p>Ekrem \u0130MAMO\u011eLU &#8211;\u00a0\u0130stanbul B\u00fcy\u00fck\u015fehir Belediyesi Ba\u015fkan\u0131<\/p>","protected":false},"excerpt":{"rendered":"<p>Sorry, this entry is only available in Turkish. For the sake of viewer convenience, the content is shown below in the alternative language. You may click the link to switch the active language. \u201c96 YILDIR, \u00d6ZG\u00dcR VE BA\u011eIMSIZ B\u0130R M\u0130LLET\u0130Z\u201d \u201cBiz, tam 96 y\u0131ld\u0131r \u00f6zg\u00fcr ve ba\u011f\u0131ms\u0131z bir milletiz. Her birimiz farkl\u0131y\u0131z. \u00c7ok sesli ve [&hellip;]<\/p>\n","protected":false},"author":1,"featured_media":101840,"comment_status":"open","ping_status":"open","sticky":false,"template":"","format":"standard","meta":[],"categories":[22893,46,51,53,52,49,47,48,24649,45,43,44,50,25033,157],"tags":[19200,59746,59743,59737,59738,59739,59744,59745,51945,59736,52259,20827,53032,4498,59740,59742,59741],"views":710,"_links":{"self":[{"href":"https:\/\/www.enerjigazetesi.ist\/en\/wp-json\/wp\/v2\/posts\/101838"}],"collection":[{"href":"https:\/\/www.enerjigazetesi.ist\/en\/wp-json\/wp\/v2\/posts"}],"about":[{"href":"https:\/\/www.enerjigazetesi.ist\/en\/wp-json\/wp\/v2\/types\/post"}],"author":[{"embeddable":true,"href":"https:\/\/www.enerjigazetesi.ist\/en\/wp-json\/wp\/v2\/users\/1"}],"replies":[{"embeddable":true,"href":"https:\/\/www.enerjigazetesi.ist\/en\/wp-json\/wp\/v2\/comments?post=101838"}],"version-history":[{"count":0,"href":"https:\/\/www.enerjigazetesi.ist\/en\/wp-json\/wp\/v2\/posts\/101838\/revisions"}],"wp:featuredmedia":[{"embeddable":true,"href":"https:\/\/www.enerjigazetesi.ist\/en\/wp-json\/wp\/v2\/media\/101840"}],"wp:attachment":[{"href":"https:\/\/www.enerjigazetesi.ist\/en\/wp-json\/wp\/v2\/media?parent=101838"}],"wp:term":[{"taxonomy":"category","embeddable":true,"href":"https:\/\/www.enerjigazetesi.ist\/en\/wp-json\/wp\/v2\/categories?post=101838"},{"taxonomy":"post_tag","embeddable":true,"href":"https:\/\/www.enerjigazetesi.ist\/en\/wp-json\/wp\/v2\/tags?post=101838"}],"curies":[{"name":"wp","href":"https:\/\/api.w.org\/{rel}","templated":true}]}}