{"id":101738,"date":"2019-10-27T23:05:58","date_gmt":"2019-10-27T20:05:58","guid":{"rendered":"https:\/\/www.enerjigazetesi.ist\/?p=101738"},"modified":"2019-10-27T23:05:58","modified_gmt":"2019-10-27T20:05:58","slug":"6inci-sosyal-fayda-zirvesi-daha-iyi-bir-dunya-icin-zorlu-psmde-gerceklesti","status":"publish","type":"post","link":"https:\/\/www.enerjigazetesi.ist\/en\/6inci-sosyal-fayda-zirvesi-daha-iyi-bir-dunya-icin-zorlu-psmde-gerceklesti\/","title":{"rendered":"(Turkish) 6&#8217;\u0131nc\u0131 &#8216;Sosyal Fayda Zirvesi\u2019 Daha \u0130yi Bir D\u00fcnya \u0130\u00e7in Zorlu PSM&#8217;de Ger\u00e7ekle\u015fti"},"content":{"rendered":"<p class=\"qtranxs-available-languages-message qtranxs-available-languages-message-en\">Sorry, this entry is only available in <a href=\"https:\/\/www.enerjigazetesi.ist\/tr\/wp-json\/wp\/v2\/posts\/101738\" class=\"qtranxs-available-language-link qtranxs-available-language-link-tr\" title=\"Turkish\">Turkish<\/a>. For the sake of viewer convenience, the content is shown below in the alternative language. You may click the link to switch the active language.<\/p><p><\/p>\n<h1><strong>Bu sene T\u00fcrkiye\u2019de 6&#8217;\u0131nc\u0131s\u0131 d\u00fczenlenen Sosyal Fayda Zirvesi, 25 Ekim\u2019de Zorlu Performans Sanatlar\u0131 Merkezi\u2019nde ger\u00e7ekle\u015ftirildi.\u00a0<\/strong><strong>Siyaset, i\u015f ve sanat d\u00fcnyas\u0131ndan \u00f6nemli isimlerin kat\u0131ld\u0131\u011f\u0131 Zirve\u2019de, iyili\u011fe giden en k\u0131sa yol \u201cShort-cut\u201d temas\u0131yla konu\u015fuldu.<\/strong><\/h1>\n<p>2013&#8217;ten g\u00fcn\u00fcm\u00fcze <strong>\u0130stanbul\u2019da<\/strong> ger\u00e7ekle\u015ftirilen ve insanl\u0131k ilerlerken kimseyi geride b\u0131rakmama <img loading=\"lazy\" class=\"alignright wp-image-101741\" src=\"https:\/\/www.enerjigazetesi.ist\/wp-content\/uploads\/2019\/10\/6inci-sosyal-fayda-zirvesi-daha-iyi-bir-dunya-icin-zorlu-psmde-gerceklesti-1.jpg\" alt=\"\" width=\"320\" height=\"213\" srcset=\"https:\/\/www.enerjigazetesi.ist\/wp-content\/uploads\/2019\/10\/6inci-sosyal-fayda-zirvesi-daha-iyi-bir-dunya-icin-zorlu-psmde-gerceklesti-1.jpg 732w, https:\/\/www.enerjigazetesi.ist\/wp-content\/uploads\/2019\/10\/6inci-sosyal-fayda-zirvesi-daha-iyi-bir-dunya-icin-zorlu-psmde-gerceklesti-1-300x200.jpg 300w, https:\/\/www.enerjigazetesi.ist\/wp-content\/uploads\/2019\/10\/6inci-sosyal-fayda-zirvesi-daha-iyi-bir-dunya-icin-zorlu-psmde-gerceklesti-1-500x333.jpg 500w, https:\/\/www.enerjigazetesi.ist\/wp-content\/uploads\/2019\/10\/6inci-sosyal-fayda-zirvesi-daha-iyi-bir-dunya-icin-zorlu-psmde-gerceklesti-1-75x50.jpg 75w, https:\/\/www.enerjigazetesi.ist\/wp-content\/uploads\/2019\/10\/6inci-sosyal-fayda-zirvesi-daha-iyi-bir-dunya-icin-zorlu-psmde-gerceklesti-1-450x300.jpg 450w\" sizes=\"(max-width: 320px) 100vw, 320px\" \/>konusundaki \u00e7\u00f6z\u00fcmlere odaklanan Sosyal Fayda Zirvesi\u2019nin 6&#8217;\u0131nc\u0131s\u0131<strong>, Birle\u015fmi\u015f Milletler Kalk\u0131nma Program\u0131 (UNDP) T\u00fcrkiye ve TBWA\\FORGOOD taraf\u0131ndan, 25 Ekim 2019 tarihinde Zorlu Performans Sanatlar\u0131 Merkezi\u2019nde d\u00fczenlendi. <\/strong>Halit Ergen\u00e7\u2019in sunumuyla, t\u00fcm g\u00fcn boyu s\u00fcren etkinlikte, <strong>Cumhurba\u015fkan\u0131m\u0131z\u0131n E\u015fi Emine Erdo\u011fan ve Gen\u00e7lik ve Spor Bakan\u0131 Mehmet Kasapo\u011flu\u2019nun yan\u0131 s\u0131ra, <\/strong>T\u00fcrkiye\u2019den ve d\u00fcnyadan sosyal fayda odakl\u0131 \u00fcnl\u00fc isimler ile \u00e7ok say\u0131da de\u011fi\u015fim mimar\u0131, iyili\u011fe giden en k\u0131sa yol hakk\u0131nda konu\u015ftu.<\/p>\n<p>UNDP\u2019nin iyi niyet el\u00e7isi <strong>Mert F\u0131rat\u2019\u0131n<\/strong> yan\u0131 s\u0131ra <strong>Bel\u00e7im Bilgin<\/strong>, <strong>G\u00f6khan \u00d6zo\u011fuz<\/strong> gibi sanat\u00e7\u0131lar\u0131n kat\u0131ld\u0131\u011f\u0131 Zirve\u2019de renkli anlar ya\u015fand\u0131.<\/p>\n<h2><strong>D\u00fcnyan\u0131n kurtulu\u015funun neresindeyiz?<\/strong><\/h2>\n<p>Sosyal Fayda Zirvesi\u2019nin 2018 \u0130stanbul aya\u011f\u0131nda sunuculuk yapan <strong>Halit Ergen\u00e7<\/strong>: \u201cB\u00fct\u00fcn evrende, \u00fczerinde bu kadar konforla ve sa\u011fl\u0131kl\u0131 \u015fekilde ya\u015fayabilece\u011fimiz ba\u015fka bir gezegen daha yok. Bir yandan her be\u015f saniyede bir 5 \u00e7ocuk \u00f6l\u00fcyor. Kurakl\u0131k y\u00fcz\u00fcnden Hindistan&#8217;da \u00e7ift\u00e7iler intihar ediyor. Kayg\u0131lanmak veya olumsuzlu\u011fa odaklanmak \u00e7\u00f6z\u00fcm de\u011fil. Yeterli vaktimiz var m\u0131? Buna odaklanmam\u0131z laz\u0131m\u201d diyerek a\u00e7\u0131l\u0131\u015f konu\u015fmas\u0131n\u0131 ger\u00e7ekle\u015ftirdi. \u201cD\u00fcnyan\u0131n kurtulu\u015funun neresindeyiz\u201d diye soran Halit Ergen\u00e7, d\u00fcnyan\u0131n daha ya\u015fan\u0131labilir bir yer olmas\u0131 i\u00e7in herkesi k\u00fc\u00e7\u00fck bir \u00e7\u00f6z\u00fcm \u00f6nerisinde bulunmaya davet etti.<\/p>\n<h2><strong>UNDP T\u00fcrkiye Mukim Temsilcisi Claudio Tomasi<\/strong>: \u201c<strong>2030 y\u0131l\u0131nda nas\u0131l bir d\u00fcnya istiyoruz?\u201d<\/strong><\/h2>\n<p>D\u00fcnyan\u0131n d\u00f6rt bir yan\u0131ndan gelip Sosyal Fayda Zirvesi i\u00e7in \u0130stanbul\u2019da toplanan alan\u0131nda yetkin uzmanlar\u0131n daha s\u00fcrd\u00fcr\u00fclebilir bir d\u00fcnyada herkesin daha m\u00fcreffeh, mutlu ve sa\u011fl\u0131kl\u0131 ya\u015famas\u0131 i\u00e7in k\u0131sa yollar\u0131 konu\u015faca\u011f\u0131n\u0131 belirten <strong>UNDP T\u00fcrkiye<\/strong> Mukim Temsilcisi <strong>Claudio Tomasi<\/strong> ise: \u201cAsl\u0131nda tek bir basit soruya cevap ar\u0131yoruz: 2030 y\u0131l\u0131nda nas\u0131l bir d\u00fcnyada ya\u015famak istiyoruz ve bunu nas\u0131l ba\u015farabiliriz?\u201d dedi.<\/p>\n<p>UNDP T\u00fcrkiye \u0130leti\u015fim Koordinat\u00f6r\u00fc Faik Uyan\u0131k\u2019\u0131n y\u00f6netti\u011fi <strong>\u2018Fayda i\u00e7in Gen\u00e7 G\u00fcc\u00fc\u2019<\/strong> oturumunda konu\u015fan T\u00fcrkiye Cumhuriyeti Gen\u00e7lik ve Spor Bakan\u0131 <strong>Mehmet Muharrem Kasapo\u011flu<\/strong>: \u201cGen\u00e7lerimizin \u00e7ok b\u00fcy\u00fck potansiyeli var. Bu potansiyeli a\u00e7\u0131\u011fa \u00e7\u0131karmak zorunday\u0131z. Gen\u00e7lerle her bulu\u015fmamda <strong>g\u00f6n\u00fcll\u00fcl\u00fck esasl\u0131 kat\u0131l\u0131mlar<\/strong> konusunda konu\u015fuyoruz. Her \u015feyden \u00f6nemlisi gen\u00e7lerimizde bu <strong>g\u00f6n\u00fcl olduktan<\/strong> sonra hi\u00e7bir engel tan\u0131mazlar,\u201d dedi. Say\u0131n Kasapo\u011flu, oturumun ard\u0131ndan Gen\u00e7lik ve Spor Bakanl\u0131\u011f\u0131\u2019n\u0131n stand\u0131nda gen\u00e7lerle bir araya gelerek sohbet etti.<\/p>\n<h2><strong>Emine Erdo\u011fan: \u201cS\u0131f\u0131r At\u0131k Projesi ile 100 bin ki\u015fiye istihdam sa\u011flamay\u0131 hedefliyoruz\u201d<\/strong><\/h2>\n<p>T\u00fcrkiye Cumhuriyeti Cumhurba\u015fkan\u0131 E\u015fi <strong>Emine Erdo\u011fan<\/strong> S\u0131f\u0131r At\u0131k Vizyonu kapsam\u0131nda yapt\u0131\u011f\u0131 konu\u015fmas\u0131nda Sosyal Fayda Zirvesi\u2019nde kat\u0131l\u0131mc\u0131lar\u0131n daha iyi bir d\u00fcnya i\u00e7in iyili\u011fe giden en k\u0131sa yolu bulmak i\u00e7in bir araya geldi\u011fini belirtti. Say\u0131n Emine Erdo\u011fan: \u201cBug\u00fcn att\u0131\u011f\u0131m\u0131z ad\u0131mlarla sadece 2030 veya 2050 de\u011fil, \u00f6n\u00fcm\u00fczdeki <strong>birka\u00e7 bin y\u0131l\u0131 tasarl\u0131yoruz<\/strong>. Bilim insanlar\u0131n\u0131n yak\u0131n gelecekle ilgili \u00f6ng\u00f6r\u00fcleri bizim \u015fimdiki davran\u0131\u015flar\u0131m\u0131z\u0131 da \u015fekillendirmelidir. En \u00f6nemli uyar\u0131lardan biri de gelecekte bizi bekleyen <strong>iklim krizidir<\/strong>. Gelecekte bizi bekleyen iklim krizi insanlar\u0131n ya\u015fanabilir yer ve su bulmak i\u00e7in kitleler halinde g\u00f6\u00e7 etmesi demek. Biz de <strong>2017 y\u0131l\u0131nda<\/strong> S\u0131f\u0131r At\u0131k hedefiyle yola \u00e7\u0131kt\u0131k. Bilin\u00e7siz t\u00fcketimden gelen kirlili\u011fi ve do\u011fal kaynaklar\u0131 t\u00fcketilmi\u015f bir \u00fclkeyi \u00e7ocuklar\u0131m\u0131za miras b\u0131rakamazd\u0131k. <strong>S\u0131f\u0131r At\u0131k Projesi<\/strong> ile sadece at\u0131k geri d\u00f6n\u00fc\u015f\u00fcm\u00fcn\u00fc de\u011fil <strong>s\u00fcrd\u00fcr\u00fclebilir kalk\u0131nma<\/strong> ilkelerine uygun <strong>\u00fcretimin yap\u0131lmas\u0131n\u0131 da<\/strong> ama\u00e7l\u0131yoruz. 2023 y\u0131l\u0131na kadar geri kazan\u0131m oran\u0131m\u0131z\u0131 % 35 seviyesine \u00e7\u0131karmay\u0131, b\u00f6ylece y\u0131ll\u0131k <strong>20 milyar lira<\/strong> ekonomik kazan\u00e7 ve <strong>100 bin ki\u015fiye istihdam<\/strong> sa\u011flamay\u0131 hedefliyoruz. S\u00fcrd\u00fcr\u00fclebilir kalk\u0131nman\u0131n anahtar\u0131 ise s\u00fcrd\u00fcr\u00fclebilir zihinlerdir. Bu nedenle sivil toplumla y\u00fcr\u00fctt\u00fc\u011f\u00fcm\u00fcz \u00e7al\u0131\u015fmalar\u0131 \u00e7ok \u00f6nemsiyoruz,\u201d dedi.<\/p>\n<h2><strong>TBWA Istanbul CEO\u2019su Burcu \u00d6zdemir Kay\u0131mtu:\u201dSosyal Fark\u0131ndal\u0131\u011f\u0131n Kitlelere Yay\u0131lmas\u0131n\u0131 Hedefliyoruz\u201d<\/strong><\/h2>\n<p>TBWA Istanbul CEO\u2019su <strong>Burcu \u00d6zdemir Kay\u0131mtu<\/strong> kat\u0131ld\u0131\u011f\u0131 panelde: \u201cKat\u0131l\u0131mc\u0131lar, reklam ajanslar\u0131ndan biri neden burada ve bu organizasyonu yap\u0131yor diye sorabilir. 2015\u2019te \u0130htiya\u00e7 Haritas\u0131 ile tan\u0131\u015ft\u0131k, yapt\u0131\u011f\u0131 i\u015flerin ne kadar g\u00fczel oldu\u011funu ve bu i\u015fe katk\u0131 sa\u011flamam\u0131z gerekti\u011fini d\u00fc\u015f\u00fcnd\u00fck. Bu s\u00fcre\u00e7te yolumuz <strong>UNDP T\u00fcrkiye<\/strong> ile kesi\u015fti. Biz, <strong>TBWA \u0130stanbul Ofisi<\/strong> olarak bu g\u00fczel i\u015flerin etkilerinin artmas\u0131na katk\u0131 sa\u011flamay\u0131 ama\u00e7l\u0131yoruz. Bu nedenle <strong>Sosyal Fayda Zirvesi\u2019ni<\/strong> ba\u015flatt\u0131k. <strong>T\u00fcrkiye\u2019nin<\/strong> her ortamda <strong>sosyal fark\u0131ndal\u0131\u011f\u0131n\u0131 g\u00f6stermesini<\/strong> bu hareketin kitlelere yay\u0131lmas\u0131n\u0131 hedefliyoruz.\u201d dedi.<\/p>\n<h2><strong>UNDP \u0130yi Niyet El\u00e7isi Mert F\u0131rat: \u201cBirlikte e\u011flenmek m\u00fcmk\u00fcn\u201d<\/strong><\/h2>\n<p><strong>UNDP T\u00fcrkiye<\/strong> \u0130yi Niyet El\u00e7isi, \u0130htiya\u00e7 Haritas\u0131 Kurucular\u0131ndan ve Oyuncu <strong>Mert F\u0131rat<\/strong> <em>\u2018E\u011flen, \u0130z B\u0131rakma\u2019 panelinde<\/em> yapt\u0131\u011f\u0131 konu\u015fmada festivallerin, b\u0131rakt\u0131klar\u0131 izler ile \u015fehirlerine birer ceza olarak gelmeye ba\u015flad\u0131\u011f\u0131n\u0131 belirterek \u201cBirlikte e\u011flenceli festivaller yap\u0131p, birlikte e\u011flenmek m\u00fcmk\u00fcn!\u201d dedi. F\u0131rat: \u201cDaha fazla insana nas\u0131l ula\u015fabiliriz diye \u0130htiya\u00e7 Haritas\u0131\u2019n\u0131 ilk a\u00e7t\u0131\u011f\u0131m\u0131zda sistemi tan\u0131tmak, kullan\u0131c\u0131 geri bildirimleri ile ilerlemek istiyorduk. Altyap\u0131y\u0131 geli\u015ftirdik\u00e7e y\u00fcz bin insana ula\u015ft\u0131k ve cevap veremedi\u011fimiz konular oldu. Yap\u0131 oturdu, sistem de\u011fi\u015fti ve bu ilhamla hareketle <strong>\u2018sorunlar\u0131 neden yerinde \u00e7\u00f6zmeyelim?\u2019<\/strong> diye sorduk,\u201d dedi.<\/p>\n<p><em>*<strong>SGS 2019<\/strong> oturumlar\u0131 <\/em><a href=\"http:\/\/www.sgsistanbul.org\" target=\"_blank\" rel=\"noopener\"><em>sgsistanbul.org<\/em><\/a><em> adresinden banttan yay\u0131n olarak <strong>T\u00fcrk\u00e7e<\/strong> ve <strong>\u0130ngilizce<\/strong> olarak takip edilebilir.<\/em><\/p>","protected":false},"excerpt":{"rendered":"<p>Sorry, this entry is only available in Turkish. For the sake of viewer convenience, the content is shown below in the alternative language. You may click the link to switch the active language. Bu sene T\u00fcrkiye\u2019de 6&#8217;\u0131nc\u0131s\u0131 d\u00fczenlenen Sosyal Fayda Zirvesi, 25 Ekim\u2019de Zorlu Performans Sanatlar\u0131 Merkezi\u2019nde ger\u00e7ekle\u015ftirildi.\u00a0Siyaset, i\u015f ve sanat d\u00fcnyas\u0131ndan \u00f6nemli isimlerin kat\u0131ld\u0131\u011f\u0131 [&hellip;]<\/p>\n","protected":false},"author":1,"featured_media":101740,"comment_status":"open","ping_status":"open","sticky":false,"template":"","format":"standard","meta":[],"categories":[53],"tags":[59606,59602,55424,59608,46620,1531,53759,59603,53412,59610,59596,59599,59604,59597,59600,59607,15201,38488,59605,59598,1243,59609,59601,54948,41315],"views":400,"_links":{"self":[{"href":"https:\/\/www.enerjigazetesi.ist\/en\/wp-json\/wp\/v2\/posts\/101738"}],"collection":[{"href":"https:\/\/www.enerjigazetesi.ist\/en\/wp-json\/wp\/v2\/posts"}],"about":[{"href":"https:\/\/www.enerjigazetesi.ist\/en\/wp-json\/wp\/v2\/types\/post"}],"author":[{"embeddable":true,"href":"https:\/\/www.enerjigazetesi.ist\/en\/wp-json\/wp\/v2\/users\/1"}],"replies":[{"embeddable":true,"href":"https:\/\/www.enerjigazetesi.ist\/en\/wp-json\/wp\/v2\/comments?post=101738"}],"version-history":[{"count":0,"href":"https:\/\/www.enerjigazetesi.ist\/en\/wp-json\/wp\/v2\/posts\/101738\/revisions"}],"wp:featuredmedia":[{"embeddable":true,"href":"https:\/\/www.enerjigazetesi.ist\/en\/wp-json\/wp\/v2\/media\/101740"}],"wp:attachment":[{"href":"https:\/\/www.enerjigazetesi.ist\/en\/wp-json\/wp\/v2\/media?parent=101738"}],"wp:term":[{"taxonomy":"category","embeddable":true,"href":"https:\/\/www.enerjigazetesi.ist\/en\/wp-json\/wp\/v2\/categories?post=101738"},{"taxonomy":"post_tag","embeddable":true,"href":"https:\/\/www.enerjigazetesi.ist\/en\/wp-json\/wp\/v2\/tags?post=101738"}],"curies":[{"name":"wp","href":"https:\/\/api.w.org\/{rel}","templated":true}]}}