{"id":101693,"date":"2019-10-26T23:26:58","date_gmt":"2019-10-26T20:26:58","guid":{"rendered":"https:\/\/www.enerjigazetesi.ist\/?p=101693"},"modified":"2019-10-26T23:31:50","modified_gmt":"2019-10-26T20:31:50","slug":"izmirde-2incisi-duzenlenen-solarvizyon-artik-geleneksellesiyor","status":"publish","type":"post","link":"https:\/\/www.enerjigazetesi.ist\/en\/izmirde-2incisi-duzenlenen-solarvizyon-artik-geleneksellesiyor\/","title":{"rendered":"(Turkish) \u0130zmir&#8217;de 2&#8217;incisi D\u00fczenlenen &#8216;Solarvizyon&#8217; Art\u0131k Gelenekselle\u015fiyor!"},"content":{"rendered":"<p class=\"qtranxs-available-languages-message qtranxs-available-languages-message-en\">Sorry, this entry is only available in <a href=\"https:\/\/www.enerjigazetesi.ist\/tr\/wp-json\/wp\/v2\/posts\/101693\" class=\"qtranxs-available-language-link qtranxs-available-language-link-tr\" title=\"Turkish\">Turkish<\/a>. For the sake of viewer convenience, the content is shown below in the alternative language. You may click the link to switch the active language.<\/p><p><\/p>\n<h1><strong>SolarBaba ev sahipli\u011finde 2&#8217;incisi d\u00fczenlenen SolarVizyon 25 Ekim&#8217;de \u0130zmir Hilton Otel&#8217;de ger\u00e7ekle\u015fti. Etkinli\u011fin a\u00e7\u0131l\u0131\u015f konu\u015fmas\u0131n\u0131 \u0130zmir B\u00fcy\u00fck\u015fehir Belediyesi Ba\u015fkan\u0131 Tun\u00e7 Soyer yapt\u0131. Soyer konu\u015fmas\u0131nda g\u00fcne\u015f enerjisinin T\u00fcrkiye&#8217;nin ekonomisi i\u00e7in \u00f6nemine dikkat \u00e7ekti. Ayr\u0131ca Ba\u015fkan Tun\u00e7 Soyer \u0130zmir&#8217;in yenilenebilir enerji kaynaklar\u0131 potansiyeli konusunda r\u00fczgar, g\u00fcne\u015f, ak\u0131nt\u0131 enerjisi ba\u011flam\u0131nda d\u00fcnyan\u0131n en g\u00fc\u00e7l\u00fc kentlerinden biri oldu\u011funa da ifadelerinde yer verdi.<\/strong><\/h1>\n<p><strong>SolarVizyon<\/strong>&#8216;da <strong>toplam 4 oturum<\/strong> ger\u00e7ekle\u015fti. Oturumlar\u0131 y\u00f6neten isim <strong>Ate\u015f U\u011furel<\/strong> oldu. <strong>Ate\u015f U\u011furel<\/strong> konu\u015fmas\u0131na ba\u015flamadan \u00f6nce bu y\u0131l <strong>2&#8217;incisini<\/strong> d\u00fczenledikleri <strong>SolarVizyon&#8217;un<\/strong> \u0130zmir&#8217;de art\u0131k <strong>gelenekselle\u015fmeye ba\u015flad\u0131\u011f\u0131n\u0131n<\/strong> alt\u0131n\u0131 \u00e7izen <strong>Ate\u015f U\u011furel&#8217;in\u00a0<\/strong>konu\u015fmas\u0131nda \u00f6ne \u00e7\u0131kan \u00f6nemli ba\u015fl\u0131klardan baz\u0131lar\u0131<span style=\"text-decoration: underline;\">\u00a0ise \u015funlard\u0131r;<\/span><\/p>\n<p><img loading=\"lazy\" class=\"alignright wp-image-101696\" src=\"https:\/\/www.enerjigazetesi.ist\/wp-content\/uploads\/2019\/10\/izmir-de-2-incisi-duzenlenen-solarvizyon-artik-geleneksellesiyor.jpg\" alt=\"\" width=\"320\" height=\"256\" srcset=\"https:\/\/www.enerjigazetesi.ist\/wp-content\/uploads\/2019\/10\/izmir-de-2-incisi-duzenlenen-solarvizyon-artik-geleneksellesiyor.jpg 1024w, https:\/\/www.enerjigazetesi.ist\/wp-content\/uploads\/2019\/10\/izmir-de-2-incisi-duzenlenen-solarvizyon-artik-geleneksellesiyor-300x240.jpg 300w, https:\/\/www.enerjigazetesi.ist\/wp-content\/uploads\/2019\/10\/izmir-de-2-incisi-duzenlenen-solarvizyon-artik-geleneksellesiyor-768x614.jpg 768w, https:\/\/www.enerjigazetesi.ist\/wp-content\/uploads\/2019\/10\/izmir-de-2-incisi-duzenlenen-solarvizyon-artik-geleneksellesiyor-500x400.jpg 500w, https:\/\/www.enerjigazetesi.ist\/wp-content\/uploads\/2019\/10\/izmir-de-2-incisi-duzenlenen-solarvizyon-artik-geleneksellesiyor-63x50.jpg 63w\" sizes=\"(max-width: 320px) 100vw, 320px\" \/>&#8211; \u00c7at\u0131lar\u0131n <strong>g\u00fcne\u015f paneli<\/strong> kurulmas\u0131 i\u00e7in <strong>kiralanabilmesi<\/strong><\/p>\n<p>&#8211; <strong>Kentsel d\u00f6n\u00fc\u015f\u00fcm<\/strong> projelerine <strong>yenilenebilir enerjinin entegre<\/strong> edilebilmesi<\/p>\n<p>&#8211; Lisanss\u0131z <strong>GES d\u00f6n\u00fc\u015f\u00fcm\u00fc<\/strong><\/p>\n<p>&#8211; <strong>Al\u0131m garanti s\u00fcresinin<\/strong> artt\u0131r\u0131lmas\u0131<\/p>\n<p>&#8211; Dijital d\u00f6n\u00fc\u015f\u00fcm<\/p>\n<p>&#8211; Solar para<\/p>\n<p>&#8211; Solar vatanda\u015f<\/p>\n<p><strong>SolarVizyon&#8217;un<\/strong> ilk oturumunun konu\u015fmac\u0131lar\u0131 <strong>ABB Solar B\u00f6l\u00fcm\u00fc<\/strong> Sat\u0131\u015f M\u00fcd\u00fcr\u00fc <strong>Emrah G\u00fcvercin<\/strong>, <strong>Konar Enerji<\/strong> Ceo&#8217;su <strong>Tolga \u00d6zdemir<\/strong>, <strong>\u0130\u015f Bankas\u0131 Ticari Bankac\u0131l\u0131k<\/strong> Pazarlama B\u00f6l\u00fcm <strong>M\u00fcd\u00fcr\u00fc Ethem Elia\u00e7\u0131k<\/strong> ve <strong>Gensed<\/strong> Y\u00f6netim Kurulu Ba\u015fkan\u0131 <strong>Halil Demirda\u011f<\/strong> oldu. Konu\u015fmac\u0131lardan <strong>Halil Demirda\u011f<\/strong> T\u00fcrkiye&#8217;nin g\u00fcne\u015f enerjisinde pay\u0131n\u0131n daha da artabilece\u011fini ve g\u00fcne\u015f enerjisini \u00fcretebilmek i\u00e7in gereken ihtiyac\u0131n yakla\u015f\u0131k <strong>% 80&#8217;lik<\/strong> oran\u0131n\u0131n <strong>T\u00fcrkiye&#8217;den<\/strong> sa\u011flanabildi\u011fine de de\u011findi. <strong>Emrah G\u00fcvercin<\/strong> \u00e7at\u0131 pazar\u0131nda yanl\u0131\u015f bilgi ile yat\u0131r\u0131mc\u0131lar\u0131n ka\u00e7\u0131r\u0131ld\u0131\u011f\u0131na ve bu alg\u0131n\u0131n de\u011fi\u015fmesi gerekti\u011fine de dikkat \u00e7ekti. \u00c7at\u0131ya kurulan g\u00fcne\u015f panellerinin <strong>yang\u0131n riski<\/strong> olu\u015fturdu\u011funa y\u00f6nelik iddialar\u0131 yalanlarken bu konunun yat\u0131r\u0131mc\u0131lar\u0131 korkuttu\u011funa ve yat\u0131r\u0131mc\u0131lar\u0131n planlar\u0131n\u0131 \u00f6teledi\u011fine de de\u011findi. Yap\u0131lan bir ara\u015ft\u0131rmaya g\u00f6re \u00e7\u0131kan <strong>10000 yang\u0131ndan<\/strong> yaln\u0131zca <strong>50 tanesi<\/strong>nin <strong>g\u00fcne\u015f panelinden<\/strong> kaynakl\u0131 oldu\u011funu bununda yanl\u0131\u015f <strong>kurulum ve m\u00fchendislikten<\/strong> kaynakland\u0131\u011f\u0131n\u0131n da ayr\u0131ca alt\u0131n\u0131 \u00e7izdi. Son olarak yat\u0131r\u0131mc\u0131lara <strong>&#8221;Al\u0131nmas\u0131 gereken \u00f6nlemler \u00e7ok basittir, korkmay\u0131n ve yat\u0131r\u0131m planlar\u0131n\u0131z\u0131 \u00f6telemeyin&#8221;<\/strong> diyerek seslendi.<\/p>\n<p>Oturumda <strong>WEC T\u00fcrkiye<\/strong>&#8216;den <strong>Bar\u0131\u015f Sanl\u0131<\/strong>, <strong>Foton Enerji<\/strong>&#8216;den <strong>Can Arslan<\/strong>, <strong>Pure Energy<\/strong>&#8216;den <strong>Servet Akg\u00fcn<\/strong> ve <strong>Avukat \u00d6zlem Ege<\/strong> yer ald\u0131. Konu\u015fmac\u0131lar c\u00fcmlelerinde enerji sekt\u00f6r\u00fcn\u00fcn ba\u015ftan a\u015fa\u011f\u0131 yenilendi\u011fine ve kaynaklar\u0131n iyi kullan\u0131lmas\u0131 gerekti\u011fine yer verdiler. T\u00fcm konu\u015fmac\u0131lar <strong>yenilenebilir enerjide dijital ile birle\u015fmenin<\/strong> \u00f6neminden de bahsettiler. <strong>Pure Energy<\/strong> Kurucusu <strong>Servet AKGUN<\/strong> yenilenebilir enerji i\u00e7in yeni bir terim olacak <strong>YETA&#8217;dan<\/strong> bahsetti. <strong>YEKA&#8217;dan<\/strong> sonra YETA yani <strong>Yenilenebilir Enerji Tedarik Antla\u015fmalar\u0131<\/strong> terimini de bundan sonra s\u0131k s\u0131k duyacakm\u0131\u015f\u0131z gibi g\u00f6r\u00fcn\u00fcyor. <strong>YETA<\/strong> ile birlikte <strong>\u00fcretici ve t\u00fcketicinin<\/strong> direkt bir araya gelme f\u0131rsat\u0131 bulaca\u011f\u0131 ifadelerine de yer verildi.<\/p>\n<h2><strong>&#8221;Ne en g\u00fc\u00e7l\u00fc olan t\u00fcr hayatta kal\u0131r, ne de en zeki olan&#8230; De\u011fi\u015fime en \u00e7ok adapte olabilendir, hayatta kalan&#8221;<\/strong><\/h2>\n<p>Oturum konu\u015fmac\u0131lar\u0131ndan <strong>Asl\u0131 Ya\u011fl\u0131 Durmaz<\/strong> yenilenebilir enerjide <strong>dijital d\u00f6n\u00fc\u015f\u00fcm\u00fcn<\/strong> \u00f6neminin alt\u0131n\u0131 \u00e7izdi ve &#8221;Dijital teknolojileri kullanarak yeni i\u015f planlar\u0131 yapmam\u0131z ve i\u015f yap\u0131\u015f \u015feklimizle birlikte kafam\u0131zda baz\u0131 \u015feyleri de de\u011fi\u015ftirmemiz gerekiyor. <strong>Dijital d\u00f6n\u00fc\u015f\u00fcm<\/strong> yaln\u0131zca sosyal medyay\u0131 aktif kullanmak ya da teknolojiyle i\u015f yapmak anlam\u0131na gelmiyor&#8221; diyerek mantalitenin de\u011fi\u015fmesi gerekti\u011fine dikkat \u00e7ekti ve <strong>Charles Darwin<\/strong>&#8216;in <em><strong>&#8220;Ne en g\u00fc\u00e7l\u00fc olan t\u00fcr hayatta kal\u0131r, ne de en zeki olan&#8230;<\/strong> <strong>De\u011fi\u015fime en \u00e7ok adapte olabilendir, hayatta kalan&#8221;<\/strong><\/em> s\u00f6z\u00fc ile c\u00fcmlelerini sonland\u0131rd\u0131. Oturumda <strong>Asl\u0131 Ya\u011fl\u0131 Durmaz<\/strong>&#8216;\u0131n yan\u0131 s\u0131ra <strong>Can Demirel, Fatma Murray, Metin U\u00e7ar<\/strong> ve <strong>Megi Gabriyel<\/strong> s\u00f6z sahibi oldu.<\/p>\n<h2><strong>Enerji Sekt\u00f6r\u00fcnde Kad\u0131nlar\u0131n Pay\u0131 Artmal\u0131<\/strong><\/h2>\n<p><strong>GE Yenilenebilir Enerji<\/strong>&#8216;den <strong>Megi Gabriyel<\/strong> enerji sekt\u00f6r\u00fcnde kad\u0131n \u00e7al\u0131\u015fan say\u0131s\u0131n\u0131n azl\u0131\u011f\u0131na dikkat \u00e7ekti. Enerji sekt\u00f6r\u00fcn\u00fcn yaln\u0131zca\u00a0 <strong>%20-25&#8217;lik<\/strong> bir k\u0131sm\u0131n\u0131 kad\u0131nlar\u0131n olu\u015fturdu\u011fundan bahsederken <strong>kad\u0131n istihdam oran\u0131n\u0131n<\/strong> artt\u0131r\u0131lmas\u0131 i\u00e7in yap\u0131lmas\u0131 gerekenlerden k\u0131saca bahsetti i\u015fte <strong>Megi Gabriyel<\/strong>&#8216;e g\u00f6re <strong>enerji sekt\u00f6r\u00fcnde kad\u0131n <\/strong><span style=\"text-decoration: underline;\"><strong>istihdam\u0131n\u0131<\/strong> artt\u0131racak 3 y\u00f6ntem;<\/span><\/p>\n<p>&#8211; <strong>Y\u00f6netim kadrosu<\/strong>nda <strong>kad\u0131n say\u0131s\u0131<\/strong>n\u0131n artt\u0131r\u0131lmas\u0131<\/p>\n<p>&#8211; <strong>Ment\u00f6rl\u00fck sistemi<\/strong> ile yol g\u00f6sterme ve rehberlik etme<\/p>\n<p>&#8211; Kad\u0131nlar\u0131n <strong>enerji sekt\u00f6r\u00fcne erkenden at\u0131lmas\u0131<\/strong><\/p>\n<p>Son oturumda <strong>Yusuf Bahad\u0131r Turhan<\/strong> neden <strong>g\u00fcne\u015f enerjisi yat\u0131r\u0131mc\u0131s\u0131<\/strong> oldu\u011fundan bahsederken i\u015fin maddi y\u00f6n\u00fcn\u00fcn yan\u0131 s\u0131ra manevi y\u00f6n\u00fcn\u00fcnde yat\u0131r\u0131mc\u0131 olmas\u0131nda rol oynad\u0131\u011f\u0131ndan bahsetti. <strong>Yusuf Bahad\u0131r Turhan<\/strong>&#8216;\u0131n yan\u0131 s\u0131ra <strong>SolarVizyon&#8217;un<\/strong> son oturumunda\u00a0<strong>Mustafa Ozan Tuncan, \u0130skender K\u00f6key<\/strong> ve <strong>Kerem Odaba\u015f\u0131<\/strong> s\u00f6z sahibi oldular.<\/p>\n<p>\u015eeyma G\u00d6R\u00dcR \u2013 Meteoroloji M\u00fch. \/ Temiz Enerji Edit\u00f6r\u00fc \u2013\u00a0<a href=\"mailto:seyma.gorur@enerjigazetesi.ist\">seyma.gorur@enerjigazetesi.ist<\/a><\/p>","protected":false},"excerpt":{"rendered":"<p>Sorry, this entry is only available in Turkish. For the sake of viewer convenience, the content is shown below in the alternative language. You may click the link to switch the active language. SolarBaba ev sahipli\u011finde 2&#8217;incisi d\u00fczenlenen SolarVizyon 25 Ekim&#8217;de \u0130zmir Hilton Otel&#8217;de ger\u00e7ekle\u015fti. Etkinli\u011fin a\u00e7\u0131l\u0131\u015f konu\u015fmas\u0131n\u0131 \u0130zmir B\u00fcy\u00fck\u015fehir Belediyesi Ba\u015fkan\u0131 Tun\u00e7 Soyer yapt\u0131. [&hellip;]<\/p>\n","protected":false},"author":1,"featured_media":101696,"comment_status":"open","ping_status":"open","sticky":false,"template":"","format":"standard","meta":[],"categories":[51,53,49,157],"tags":[59550,53200,59532,59544,15452,59552,59529,59535,59542,31910,36973,21919,52259,58239,59553,19897,727,227,50644,22552,59554,53157,44798,59546,5982,34862,59547,2689,10632,57657,59548,59531,59543,59545,59549,54254,59551,53634,58255,69,59538,47344,59533,59534,15457,57656,59527,59526,34977,44173,25569,59536,26829,59528,59540,59541,59537,59530,59539,47065],"views":892,"_links":{"self":[{"href":"https:\/\/www.enerjigazetesi.ist\/en\/wp-json\/wp\/v2\/posts\/101693"}],"collection":[{"href":"https:\/\/www.enerjigazetesi.ist\/en\/wp-json\/wp\/v2\/posts"}],"about":[{"href":"https:\/\/www.enerjigazetesi.ist\/en\/wp-json\/wp\/v2\/types\/post"}],"author":[{"embeddable":true,"href":"https:\/\/www.enerjigazetesi.ist\/en\/wp-json\/wp\/v2\/users\/1"}],"replies":[{"embeddable":true,"href":"https:\/\/www.enerjigazetesi.ist\/en\/wp-json\/wp\/v2\/comments?post=101693"}],"version-history":[{"count":0,"href":"https:\/\/www.enerjigazetesi.ist\/en\/wp-json\/wp\/v2\/posts\/101693\/revisions"}],"wp:featuredmedia":[{"embeddable":true,"href":"https:\/\/www.enerjigazetesi.ist\/en\/wp-json\/wp\/v2\/media\/101696"}],"wp:attachment":[{"href":"https:\/\/www.enerjigazetesi.ist\/en\/wp-json\/wp\/v2\/media?parent=101693"}],"wp:term":[{"taxonomy":"category","embeddable":true,"href":"https:\/\/www.enerjigazetesi.ist\/en\/wp-json\/wp\/v2\/categories?post=101693"},{"taxonomy":"post_tag","embeddable":true,"href":"https:\/\/www.enerjigazetesi.ist\/en\/wp-json\/wp\/v2\/tags?post=101693"}],"curies":[{"name":"wp","href":"https:\/\/api.w.org\/{rel}","templated":true}]}}