{"id":101639,"date":"2019-10-26T00:05:49","date_gmt":"2019-10-25T21:05:49","guid":{"rendered":"https:\/\/www.enerjigazetesi.ist\/?p=101639"},"modified":"2019-10-26T00:08:45","modified_gmt":"2019-10-25T21:08:45","slug":"elektrik-kesintileri-yasanirken-tazminat-hakkinizin-oldugunu-biliyormuyuz","status":"publish","type":"post","link":"https:\/\/www.enerjigazetesi.ist\/en\/elektrik-kesintileri-yasanirken-tazminat-hakkinizin-oldugunu-biliyormuyuz\/","title":{"rendered":"(Turkish) Elektrik Kesintisi Ya\u015fan\u0131rken Tazminat Hakk\u0131m\u0131z\u0131n Oldu\u011funu Biliyormuyuz?"},"content":{"rendered":"<p class=\"qtranxs-available-languages-message qtranxs-available-languages-message-en\">Sorry, this entry is only available in <a href=\"https:\/\/www.enerjigazetesi.ist\/tr\/wp-json\/wp\/v2\/posts\/101639\" class=\"qtranxs-available-language-link qtranxs-available-language-link-tr\" title=\"Turkish\">Turkish<\/a>. For the sake of viewer convenience, the content is shown below in the alternative language. You may click the link to switch the active language.<\/p><p><\/p>\n<h1>2018 y\u0131l\u0131na ait EPDK sekt\u00f6r raporundaki \u015fik\u00e2yet da\u011f\u0131l\u0131m\u0131na ili\u015fkin de\u011ferlendirmeler yapan Enerji T\u00fcketicileri Derne\u011fi (ET\u00dcDER) Ba\u015fkan\u0131 B\u00fclent \u00c7EB\u0130N, \u201cElektrik sekt\u00f6r\u00fcnde en fazla elektrik kesintilerinden \u015fik\u00e2yet ediyoruz ancak t\u00fcketici olarak tazminat hakk\u0131m\u0131zdan haberdar de\u011filiz! Bu kadar kesintinin olmas\u0131 t\u00fcketicilerin \u00f6dedi\u011fi faturalara istinaden bekledi\u011fi hizmeti alam\u0131yor oldu\u011funun g\u00f6stergesidir\u201d dedi.<\/h1>\n<p>\u00dclkemiz elektrik piyasas\u0131 mevzuat\u0131na g\u00f6re bildirimli ve bildirimsiz kesintilerin s\u00fcresi <strong>12 saati<\/strong> ge\u00e7emez. <strong>Ter\u00f6r, sabotaj, do\u011fal afet, a\u011f\u0131r k\u0131\u015f ko\u015fullar\u0131<\/strong> gibi m\u00fccbir sebepler haricinde g\u00fcnl\u00fck kesinti s\u00fcresinin <strong>12 saatten uzun olmas\u0131<\/strong> halinde Elektrik Da\u011f\u0131t\u0131m \u015eirketleri, kesintiden etkilenen Mesken kullan\u0131c\u0131lar\u0131 i\u00e7in <strong>50 TL<\/strong>, bunun d\u0131\u015f\u0131nda kalan aboneler i\u00e7in <strong>100 TL<\/strong> tazminat \u00f6denmektedir. Kesinti sebebi i\u00e7in <strong>elektrik abonelerinin<\/strong> ayr\u0131ca bir ba\u015fvuru yapmas\u0131na gerek yoktur.<\/p>\n<h2><img loading=\"lazy\" class=\"alignright wp-image-101646\" src=\"https:\/\/www.enerjigazetesi.ist\/wp-content\/uploads\/2019\/10\/elektrik-kesintileri-yasanirken-tazminat-hakkinizin-oldugunu-biliyormuydunuz-1.jpg\" alt=\"\" width=\"320\" height=\"193\" srcset=\"https:\/\/www.enerjigazetesi.ist\/wp-content\/uploads\/2019\/10\/elektrik-kesintileri-yasanirken-tazminat-hakkinizin-oldugunu-biliyormuydunuz-1.jpg 600w, https:\/\/www.enerjigazetesi.ist\/wp-content\/uploads\/2019\/10\/elektrik-kesintileri-yasanirken-tazminat-hakkinizin-oldugunu-biliyormuydunuz-1-300x181.jpg 300w, https:\/\/www.enerjigazetesi.ist\/wp-content\/uploads\/2019\/10\/elektrik-kesintileri-yasanirken-tazminat-hakkinizin-oldugunu-biliyormuydunuz-1-500x301.jpg 500w, https:\/\/www.enerjigazetesi.ist\/wp-content\/uploads\/2019\/10\/elektrik-kesintileri-yasanirken-tazminat-hakkinizin-oldugunu-biliyormuydunuz-1-80x48.jpg 80w\" sizes=\"(max-width: 320px) 100vw, 320px\" \/>Elektrik T\u00fcketicileri Kesinti Sebebi ile Kazand\u0131klar\u0131 Tazminatlar\u0131 Alabiliyor mu?<\/h2>\n<p>Ne yaz\u0131k ki \u015fu a\u015famada bu sorunun cevab\u0131ndan emin olam\u0131yoruz. Elektrik kesintisi sebebi ile t\u00fcketicilere \u00f6denen tazminat miktarlar\u0131n\u0131 merak ederek bilgi edinmeden EPDK\u2019ya sordu\u011fumuzda ilgili kanunun 7&#8217;inci maddesi kapsam\u0131nda ba\u015fvurumuz ret edilmi\u015ftir. \u00d6denen tazminat miktarlar\u0131 bilgisinin EPDK taraf\u0131ndan bilinmiyor olmas\u0131 ve sekt\u00f6r raporlar\u0131nda bu bilgilere yer verilmemesi t\u00fcketicilerin lisans sahibi elektrik \u015firketlerinin insaf\u0131na b\u0131rak\u0131lm\u0131\u015f izlenimi olu\u015fturmaktad\u0131r.<\/p>\n<p>Son y\u0131llarda elektrik fiyatlar\u0131na zam yap\u0131l\u0131rken ma\u011fdur t\u00fcketicilere \u00f6denen tazminat tutarlar\u0131nda herhangi bir art\u0131\u015f\u0131n olmay\u0131\u015f\u0131n\u0131 kamuoyunun takdirine b\u0131rak\u0131yoruz. Bir i\u015fletmede, bir fabrikada kesinti sebebi ile faaliyetlerin durmas\u0131n\u0131n bedeli <strong>100 TL<\/strong> olabilir mi? Bu cezalar cayd\u0131r\u0131c\u0131 olabilir mi? Cevab\u0131n\u0131 merak etti\u011fimiz ancak bulamad\u0131\u011f\u0131m\u0131z sorulard\u0131r. Tazminatlar\u0131n \u00f6dendi\u011fi bile \u015f\u00fcpheli iken ge\u00e7erli tazminat tutarlar\u0131n\u0131n cayd\u0131r\u0131c\u0131 olmaktan \u00e7ok \u00f6te oldu\u011funu s\u00f6ylemeliyiz.<\/p>\n<p>Bir t\u00fcketicinin gelen zamlara ra\u011fmen faturas\u0131n\u0131 d\u00fczenli \u00f6demesi beklenirken elektrik kesintisi sonucu alamad\u0131klar\u0131 hizmetin tazminat\u0131 da Elektrik Da\u011f\u0131t\u0131m \u015eirketleri taraf\u0131ndan \u00f6denmelidir. Devlet taraf\u0131ndan tan\u0131nan haklar\u0131m\u0131zdan haberdar olup bunlar\u0131 talep etmeliyiz ki daha kaliteli hizmet alabilelim. <strong>Enerji T\u00fcketicileri Derne\u011fi (ET\u00dcDER)<\/strong>, bilin\u00e7li t\u00fcketicilerin kaliteli hizmeti ve rekabeti getirece\u011fine inan\u0131yor ve t\u00fcketicileri haklar\u0131 konusunda bilgilendirmeye ve haklar\u0131n talep edilmesi konusunda bilin\u00e7 olu\u015fturmaya devam edecektir.<\/p>\n<p><strong>Enerji T\u00fcketicileri Derne\u011fi Ba\u015fkan\u0131<\/strong><\/p>\n<p><strong>B\u00fclent \u00c7EB\u0130N<\/strong><\/p>\n<p><a href=\"http:\/\/www.etuder.org\" target=\"_blank\" rel=\"noopener\">www.etuder.org<\/a><\/p>","protected":false},"excerpt":{"rendered":"<p>Sorry, this entry is only available in Turkish. For the sake of viewer convenience, the content is shown below in the alternative language. You may click the link to switch the active language. 2018 y\u0131l\u0131na ait EPDK sekt\u00f6r raporundaki \u015fik\u00e2yet da\u011f\u0131l\u0131m\u0131na ili\u015fkin de\u011ferlendirmeler yapan Enerji T\u00fcketicileri Derne\u011fi (ET\u00dcDER) Ba\u015fkan\u0131 B\u00fclent \u00c7EB\u0130N, \u201cElektrik sekt\u00f6r\u00fcnde en fazla [&hellip;]<\/p>\n","protected":false},"author":1,"featured_media":101645,"comment_status":"open","ping_status":"open","sticky":false,"template":"","format":"standard","meta":[],"categories":[51,53],"tags":[19112,59467,7921,1079,59464,39143,11276,51383,11326,52674,59463,52259,59462,750,59468,59466,59465],"views":362,"_links":{"self":[{"href":"https:\/\/www.enerjigazetesi.ist\/en\/wp-json\/wp\/v2\/posts\/101639"}],"collection":[{"href":"https:\/\/www.enerjigazetesi.ist\/en\/wp-json\/wp\/v2\/posts"}],"about":[{"href":"https:\/\/www.enerjigazetesi.ist\/en\/wp-json\/wp\/v2\/types\/post"}],"author":[{"embeddable":true,"href":"https:\/\/www.enerjigazetesi.ist\/en\/wp-json\/wp\/v2\/users\/1"}],"replies":[{"embeddable":true,"href":"https:\/\/www.enerjigazetesi.ist\/en\/wp-json\/wp\/v2\/comments?post=101639"}],"version-history":[{"count":0,"href":"https:\/\/www.enerjigazetesi.ist\/en\/wp-json\/wp\/v2\/posts\/101639\/revisions"}],"wp:featuredmedia":[{"embeddable":true,"href":"https:\/\/www.enerjigazetesi.ist\/en\/wp-json\/wp\/v2\/media\/101645"}],"wp:attachment":[{"href":"https:\/\/www.enerjigazetesi.ist\/en\/wp-json\/wp\/v2\/media?parent=101639"}],"wp:term":[{"taxonomy":"category","embeddable":true,"href":"https:\/\/www.enerjigazetesi.ist\/en\/wp-json\/wp\/v2\/categories?post=101639"},{"taxonomy":"post_tag","embeddable":true,"href":"https:\/\/www.enerjigazetesi.ist\/en\/wp-json\/wp\/v2\/tags?post=101639"}],"curies":[{"name":"wp","href":"https:\/\/api.w.org\/{rel}","templated":true}]}}