{"id":101495,"date":"2019-10-23T16:00:10","date_gmt":"2019-10-23T13:00:10","guid":{"rendered":"https:\/\/www.enerjigazetesi.ist\/?p=101495"},"modified":"2019-10-23T16:03:20","modified_gmt":"2019-10-23T13:03:20","slug":"begrid-consulting-ile-fransiz-emmanuel-bue-artik-turkiye-de","status":"publish","type":"post","link":"https:\/\/www.enerjigazetesi.ist\/en\/begrid-consulting-ile-fransiz-emmanuel-bue-artik-turkiye-de\/","title":{"rendered":"(Turkish) &#8217;BeGrid Consulting&#8217; \u0130le Frans\u0131z Emmanuel Bu\u00e9 Art\u0131k T\u00fcrkiye\u2019de!"},"content":{"rendered":"<p class=\"qtranxs-available-languages-message qtranxs-available-languages-message-en\">Sorry, this entry is only available in <a href=\"https:\/\/www.enerjigazetesi.ist\/tr\/wp-json\/wp\/v2\/posts\/101495\" class=\"qtranxs-available-language-link qtranxs-available-language-link-tr\" title=\"Turkish\">Turkish<\/a>. For the sake of viewer convenience, the content is shown below in the alternative language. You may click the link to switch the active language.<\/p><p><\/p>\n<h1><strong>Med-TSO Ekonomik \u00c7al\u0131\u015fmalar &amp; Senaryolar \u00c7al\u0131\u015fma Grubu Ba\u015fkan\u0131 ve Avrupa\u2019n\u0131n En B\u00fcy\u00fck Enerji \u0130letim Sistemi \u015eirketi RTE International\u2019in Uluslararas\u0131 Dan\u0131\u015fman\u0131 &amp; Ekip Lideri;\u00a0<\/strong><strong>Enerji Teknoloji Transferi, Yenilebilir Enerji Entegrasyonu, Elektrik \u0130letimi ve Enerji Politikalar\u0131n\u0131 kapsayan birikim ve tecr\u00fcbeleri ile art\u0131k &#8216;Emmanuel Bu\u00e9 T\u00fcrkiye&#8217;de&#8230;<\/strong><\/h1>\n<p>&nbsp;<\/p>\n<h2><strong>Peki Emmanuel Bu\u00e9 Kimdir?<\/strong><\/h2>\n<p>&nbsp;<br \/>\n<strong>1971 do\u011fumlu<\/strong> olan <strong>Emmanuel Bu\u00e9;<\/strong> 1995 y\u0131l\u0131nda Ecole Centrale de Lille \u00dcniversitesi Otomatik Elektroteknik B\u00f6l\u00fcm\u00fcne girerek, <strong>y\u00fcksek m\u00fchendislik<\/strong> derecesi ile uluslararas\u0131 bir \u00e7ok kongre ve i\u015f platformunda uzmanl\u0131\u011f\u0131n\u0131 s\u00fcrd\u00fcrm\u00fc\u015ft\u00fcr. Alan\u0131nda \u00fcst\u00fcn nitelikte ba\u015far\u0131lara imza atarak, <strong>BeGrid <img loading=\"lazy\" class=\"alignright wp-image-101503\" src=\"https:\/\/www.enerjigazetesi.ist\/wp-content\/uploads\/2019\/10\/begrid-consulting-ile-fransiz-emmanuel-bue-artik-turkiye-de-2.jpg\" alt=\"\" width=\"320\" height=\"186\" srcset=\"https:\/\/www.enerjigazetesi.ist\/wp-content\/uploads\/2019\/10\/begrid-consulting-ile-fransiz-emmanuel-bue-artik-turkiye-de-2.jpg 559w, https:\/\/www.enerjigazetesi.ist\/wp-content\/uploads\/2019\/10\/begrid-consulting-ile-fransiz-emmanuel-bue-artik-turkiye-de-2-300x174.jpg 300w, https:\/\/www.enerjigazetesi.ist\/wp-content\/uploads\/2019\/10\/begrid-consulting-ile-fransiz-emmanuel-bue-artik-turkiye-de-2-500x291.jpg 500w, https:\/\/www.enerjigazetesi.ist\/wp-content\/uploads\/2019\/10\/begrid-consulting-ile-fransiz-emmanuel-bue-artik-turkiye-de-2-80x47.jpg 80w\" sizes=\"(max-width: 320px) 100vw, 320px\" \/>Consulting<\/strong> \u015firketini kuran <strong>Emmanuel Bu\u00e9<\/strong> \u00a0Avrupa Birli\u011fi ba\u015fta olmak \u00fczere, <em>T\u00fcrkiye, Avrupa, Kuzey Afrika, Meksika, Fildi\u015fi sahilleri ve Akdeniz\u2019e k\u0131y\u0131s\u0131 olan \u00fclkeler i\u00e7in<\/em> enerji entegrasyonu ve politikalar\u0131 \u00fczerinde; <strong>dan\u0131\u015fmanl\u0131k<\/strong> yapmaktad\u0131r.<\/p>\n<p><strong>Begrid Consulting; <\/strong><em>enerji politikalar\u0131, enerji da\u011f\u0131t\u0131m, \u00fcretim ve iletim alan\u0131nda et\u00fcd, e\u011fitim ve dan\u0131\u015fmanl\u0131k faaliyetlerini<\/em> s\u00fcrd\u00fcrmektedir. \u00a0Enerji sekt\u00f6r\u00fcnde <strong>24 y\u0131l\u0131 a\u015fk\u0131n<\/strong> deneyimi ile Emmanuel Bu\u00e9, kurucusu oldu\u011fu <strong>BeGrid Consulting<\/strong> \u00e7at\u0131s\u0131 alt\u0131nda enerji sistem ve a\u011f analizleri konusundaki \u00e7al\u0131\u015fmalar\u0131n\u0131 \u00a0<strong>T\u00fcrkiye\u2019den s\u00fcrd\u00fcrmeyi<\/strong> planlamaktad\u0131r.<\/p>\n<p><strong>Emmanuel Bu\u00e9<\/strong> ayn\u0131 zamanda; <em>iletim \u015febekeleri geli\u015ftirme \u00e7al\u0131\u015fmalar\u0131, enterkoneksiyon maliyet-fayda et\u00fctleri, kapasite artt\u0131rma, enerji sekt\u00f6r\u00fcne y\u00f6nelik <strong>arz-talep dengesinin tahmini<\/strong> ve uzun &#8211; orta vadeli senaryolar\u0131, <strong>g\u00fc\u00e7 \u015febekelerinin operasyonu<\/strong>, yenilebilir enerji entegrasyonu ve \u00fcretim yeterlili\u011fi<\/em> alan\u0131ndaki \u00e7al\u0131\u015fmalar\u0131 ile enerji sistem analizlerine ihtiya\u00e7 duyan enerji sekt\u00f6r\u00fcnde ki her kullan\u0131c\u0131 i\u00e7in <strong>e\u011fitim ve dan\u0131\u015fmanl\u0131k hizmetleri<\/strong> de vermektedir.<\/p>\n<p><strong>BeGrid Consulting<\/strong> \u015firketi kurucusu olan <strong>Emmanuel Bu\u00e9<\/strong>; T\u00fcrkiye\u2019deki enerji sekt\u00f6r\u00fcne odakl\u0131 s\u00fcrd\u00fcrd\u00fc\u011f\u00fc\u00a0<strong>hizmet ve faaliyetleri<\/strong> ile; <em>\u00fclke ekonomisine katk\u0131 sa\u011flamay\u0131, enerji et\u00fctleri, enerji sistem ve a\u011f analizleri, e\u011fitim ve dan\u0131\u015fmanl\u0131\u011f\u0131<\/em> konusundaki birikim ve tecr\u00fcbelerini <strong>T\u00fcrkiye pazar\u0131na sunmay\u0131<\/strong> planlamaktad\u0131r.<\/p>\n<p><strong>Daha Detayl\u0131 Bilgi \u0130\u00e7in:<\/strong>\u00a0<a href=\"http:\/\/begrid-consulting.com\/\" target=\"_blank\" rel=\"noopener\">http:\/\/begrid-consulting.com\/<\/a> adresini ziyaret edebilirsiniz.<\/p>","protected":false},"excerpt":{"rendered":"<p>Sorry, this entry is only available in Turkish. For the sake of viewer convenience, the content is shown below in the alternative language. You may click the link to switch the active language. Med-TSO Ekonomik \u00c7al\u0131\u015fmalar &amp; Senaryolar \u00c7al\u0131\u015fma Grubu Ba\u015fkan\u0131 ve Avrupa\u2019n\u0131n En B\u00fcy\u00fck Enerji \u0130letim Sistemi \u015eirketi RTE International\u2019in Uluslararas\u0131 Dan\u0131\u015fman\u0131 &amp; Ekip [&hellip;]<\/p>\n","protected":false},"author":1,"featured_media":101502,"comment_status":"open","ping_status":"open","sticky":false,"template":"","format":"standard","meta":[],"categories":[51,53],"tags":[59277,59276,52566,52674,42167,5574,59283,59279,59284,477,52259,59282,59278,59280,59285,59275,59281],"views":654,"_links":{"self":[{"href":"https:\/\/www.enerjigazetesi.ist\/en\/wp-json\/wp\/v2\/posts\/101495"}],"collection":[{"href":"https:\/\/www.enerjigazetesi.ist\/en\/wp-json\/wp\/v2\/posts"}],"about":[{"href":"https:\/\/www.enerjigazetesi.ist\/en\/wp-json\/wp\/v2\/types\/post"}],"author":[{"embeddable":true,"href":"https:\/\/www.enerjigazetesi.ist\/en\/wp-json\/wp\/v2\/users\/1"}],"replies":[{"embeddable":true,"href":"https:\/\/www.enerjigazetesi.ist\/en\/wp-json\/wp\/v2\/comments?post=101495"}],"version-history":[{"count":0,"href":"https:\/\/www.enerjigazetesi.ist\/en\/wp-json\/wp\/v2\/posts\/101495\/revisions"}],"wp:featuredmedia":[{"embeddable":true,"href":"https:\/\/www.enerjigazetesi.ist\/en\/wp-json\/wp\/v2\/media\/101502"}],"wp:attachment":[{"href":"https:\/\/www.enerjigazetesi.ist\/en\/wp-json\/wp\/v2\/media?parent=101495"}],"wp:term":[{"taxonomy":"category","embeddable":true,"href":"https:\/\/www.enerjigazetesi.ist\/en\/wp-json\/wp\/v2\/categories?post=101495"},{"taxonomy":"post_tag","embeddable":true,"href":"https:\/\/www.enerjigazetesi.ist\/en\/wp-json\/wp\/v2\/tags?post=101495"}],"curies":[{"name":"wp","href":"https:\/\/api.w.org\/{rel}","templated":true}]}}