{"id":101427,"date":"2019-10-22T15:44:14","date_gmt":"2019-10-22T12:44:14","guid":{"rendered":"https:\/\/www.enerjigazetesi.ist\/?p=101427"},"modified":"2019-10-22T15:52:52","modified_gmt":"2019-10-22T12:52:52","slug":"abb-robotik-bolumu-5-inci-robot-yatirimlari-zirvesi-sergisi-ndeydi","status":"publish","type":"post","link":"https:\/\/www.enerjigazetesi.ist\/en\/abb-robotik-bolumu-5-inci-robot-yatirimlari-zirvesi-sergisi-ndeydi\/","title":{"rendered":"(Turkish) &#8217;ABB Robotik B\u00f6l\u00fcm\u00fc&#8217; 5&#8217;inci Robot Yat\u0131r\u0131mlar\u0131 Zirvesi Sergisi&#8217;ndeydi!"},"content":{"rendered":"<p class=\"qtranxs-available-languages-message qtranxs-available-languages-message-en\">Sorry, this entry is only available in <a href=\"https:\/\/www.enerjigazetesi.ist\/tr\/wp-json\/wp\/v2\/posts\/101427\" class=\"qtranxs-available-language-link qtranxs-available-language-link-tr\" title=\"Turkish\">Turkish<\/a>. For the sake of viewer convenience, the content is shown below in the alternative language. You may click the link to switch the active language.<\/p><p><\/p>\n<h1><strong>ABB Robotik B\u00f6l\u00fcm\u00fc taraf\u0131ndan 1-3 Ekim 2019&#8217;da d\u00fczenlenen 5&#8217;inci Robot Yat\u0131r\u0131mlar\u0131 Zirve Sergi alan\u0131ndaki stand\u0131nda entegrat\u00f6r, otomotiv ana sanayi ve yan sanayi ile genel end\u00fcstri m\u00fc\u015fterileri a\u011f\u0131rland\u0131.<\/strong><\/h1>\n<p><strong>3 g\u00fcn s\u00fcren<\/strong> etkinlik boyunca <strong>farkl\u0131 teknolojiler ve uygulamalar, \u0130nternet Ba\u011flant\u0131l\u0131 Servisler ve Servis \u00e7\u00f6z\u00fcmleri sunumlar\u0131<\/strong> robot kullanan <strong>otomotiv ve genel end\u00fcstri son kullan\u0131c\u0131lar\u0131<\/strong> <img loading=\"lazy\" class=\"alignright wp-image-101430\" src=\"https:\/\/www.enerjigazetesi.ist\/wp-content\/uploads\/2019\/10\/abb-5-inci-robot-yatirimlari-zirvesi-sergisi-nde-yenilikci-urunleriyle-yer-aldi.jpg\" alt=\"\" width=\"320\" height=\"177\" srcset=\"https:\/\/www.enerjigazetesi.ist\/wp-content\/uploads\/2019\/10\/abb-5-inci-robot-yatirimlari-zirvesi-sergisi-nde-yenilikci-urunleriyle-yer-aldi.jpg 881w, https:\/\/www.enerjigazetesi.ist\/wp-content\/uploads\/2019\/10\/abb-5-inci-robot-yatirimlari-zirvesi-sergisi-nde-yenilikci-urunleriyle-yer-aldi-300x166.jpg 300w, https:\/\/www.enerjigazetesi.ist\/wp-content\/uploads\/2019\/10\/abb-5-inci-robot-yatirimlari-zirvesi-sergisi-nde-yenilikci-urunleriyle-yer-aldi-768x425.jpg 768w, https:\/\/www.enerjigazetesi.ist\/wp-content\/uploads\/2019\/10\/abb-5-inci-robot-yatirimlari-zirvesi-sergisi-nde-yenilikci-urunleriyle-yer-aldi-500x277.jpg 500w, https:\/\/www.enerjigazetesi.ist\/wp-content\/uploads\/2019\/10\/abb-5-inci-robot-yatirimlari-zirvesi-sergisi-nde-yenilikci-urunleriyle-yer-aldi-80x44.jpg 80w\" sizes=\"(max-width: 320px) 100vw, 320px\" \/>ile robot entegrasyon i\u015fi ile u\u011fra\u015fan t\u00fcm partnerlere <strong>\u00fcr\u00fcn ve servis<\/strong> anlam\u0131nda <strong>dijital d\u00f6n\u00fc\u015f\u00fcm\u00fcn<\/strong> gelece\u011fi ve teknolojide gelinen <strong>son \u00f6rnekler sunulurken<\/strong> zirveye kat\u0131lan t\u00fcm ziyaret\u00e7ileri ise <strong>&#8220;YuMi&#8221; robotunun<\/strong> haz\u0131rlad\u0131\u011f\u0131 ho\u015f bir s\u00fcrpriz kar\u015f\u0131lad\u0131.<\/p>\n<p><strong>ABB T\u00fcrkiye<\/strong> <em>Robot B\u00f6l\u00fcm\u00fc Robot ve Uygulamalar\u0131 \u00dcr\u00fcn Grubu<\/em> M\u00fcd\u00fcr\u00fc <strong>Funda \u00c7orak\u00e7\u0131 Bilsel, <\/strong>fuar\u0131n son g\u00fcn\u00fc<strong> Enerji Gazetesi&#8217;ne <\/strong>yapt\u0131\u011f\u0131 a\u00e7\u0131klamada, \u201c<strong>ABB Robotik b\u00f6l\u00fcm\u00fc<\/strong> olarak her y\u0131l\u00a0 kat\u0131ld\u0131\u011f\u0131m\u0131z <em>Robot Yat\u0131r\u0131mlar\u0131 Zirvesi ve Sergisi<\/em> etkinli\u011finde y\u00fcksek ziyaret\u00e7i kat\u0131l\u0131m\u0131 ve ilgisiyle t\u00fcm payda\u015flar\u0131m\u0131z\u0131 stand\u0131m\u0131zda a\u011f\u0131rlad\u0131k. <strong>ABB Robotik<\/strong>, end\u00fcstriyel ve i\u015fbirli\u011fi temelli robotlar ile <strong>dijital servisler<\/strong> konusunda \u00f6nc\u00fc konumdad\u0131r. Biz, m\u00fc\u015fterilerimizin ba\u011flant\u0131l\u0131 ve i\u015fbirli\u011fi temelli olan gelece\u011fin fabrikas\u0131na do\u011fru att\u0131klar\u0131 her ad\u0131mda, <strong>g\u00fcvenilirlik, esneklik, verimlilik ve g\u00fcvenliklerini iyile\u015ftirmelerine nas\u0131l yard\u0131mc\u0131 oldu\u011fumuzu<\/strong> etkinlik haftas\u0131 boyunca kendilerine anlatt\u0131k.\u2019\u2019 ifadelerini kulland\u0131.<\/p>\n<p>Sarp ALTINEL \/ Enerji Gazetesi &#8211; <a href=\"mailto:sarp.altinel@enerjigazetesi.ist\" target=\"_blank\" rel=\"noopener\">sarp.altinel@enerjigazetesi.ist<\/a><\/p>","protected":false},"excerpt":{"rendered":"<p>Sorry, this entry is only available in Turkish. For the sake of viewer convenience, the content is shown below in the alternative language. You may click the link to switch the active language. ABB Robotik B\u00f6l\u00fcm\u00fc taraf\u0131ndan 1-3 Ekim 2019&#8217;da d\u00fczenlenen 5&#8217;inci Robot Yat\u0131r\u0131mlar\u0131 Zirve Sergi alan\u0131ndaki stand\u0131nda entegrat\u00f6r, otomotiv ana sanayi ve yan sanayi [&hellip;]<\/p>\n","protected":false},"author":1,"featured_media":101430,"comment_status":"open","ping_status":"open","sticky":false,"template":"","format":"standard","meta":[],"categories":[51,53,157],"tags":[59212,59200,59208,59201,8414,56547,59210,53114,59209,21919,52259,59202,59205,59211,59203,59206,59207,30503,59204],"views":471,"_links":{"self":[{"href":"https:\/\/www.enerjigazetesi.ist\/en\/wp-json\/wp\/v2\/posts\/101427"}],"collection":[{"href":"https:\/\/www.enerjigazetesi.ist\/en\/wp-json\/wp\/v2\/posts"}],"about":[{"href":"https:\/\/www.enerjigazetesi.ist\/en\/wp-json\/wp\/v2\/types\/post"}],"author":[{"embeddable":true,"href":"https:\/\/www.enerjigazetesi.ist\/en\/wp-json\/wp\/v2\/users\/1"}],"replies":[{"embeddable":true,"href":"https:\/\/www.enerjigazetesi.ist\/en\/wp-json\/wp\/v2\/comments?post=101427"}],"version-history":[{"count":0,"href":"https:\/\/www.enerjigazetesi.ist\/en\/wp-json\/wp\/v2\/posts\/101427\/revisions"}],"wp:featuredmedia":[{"embeddable":true,"href":"https:\/\/www.enerjigazetesi.ist\/en\/wp-json\/wp\/v2\/media\/101430"}],"wp:attachment":[{"href":"https:\/\/www.enerjigazetesi.ist\/en\/wp-json\/wp\/v2\/media?parent=101427"}],"wp:term":[{"taxonomy":"category","embeddable":true,"href":"https:\/\/www.enerjigazetesi.ist\/en\/wp-json\/wp\/v2\/categories?post=101427"},{"taxonomy":"post_tag","embeddable":true,"href":"https:\/\/www.enerjigazetesi.ist\/en\/wp-json\/wp\/v2\/tags?post=101427"}],"curies":[{"name":"wp","href":"https:\/\/api.w.org\/{rel}","templated":true}]}}