{"id":101320,"date":"2019-10-20T20:59:41","date_gmt":"2019-10-20T17:59:41","guid":{"rendered":"https:\/\/www.enerjigazetesi.ist\/?p=101320"},"modified":"2019-10-20T20:59:41","modified_gmt":"2019-10-20T17:59:41","slug":"akfen-in-denizli-res-inde-son-8-ruzgar-turbin-de-faaliyete-gecti","status":"publish","type":"post","link":"https:\/\/www.enerjigazetesi.ist\/en\/akfen-in-denizli-res-inde-son-8-ruzgar-turbin-de-faaliyete-gecti\/","title":{"rendered":"(Turkish) Akfen\u2019in &#8216;Denizli RES&#8217;inde Son 8 R\u00fczgar T\u00fcrbin de Faaliyete Ge\u00e7ti"},"content":{"rendered":"<p class=\"qtranxs-available-languages-message qtranxs-available-languages-message-en\">Sorry, this entry is only available in <a href=\"https:\/\/www.enerjigazetesi.ist\/tr\/wp-json\/wp\/v2\/posts\/101320\" class=\"qtranxs-available-language-link qtranxs-available-language-link-tr\" title=\"Turkish\">Turkish<\/a>. For the sake of viewer convenience, the content is shown below in the alternative language. You may click the link to switch the active language.<\/p><p><\/p>\n<h1><strong>Akfen Holding\u2019e ait olan &#8216;Denizli RES Projesi&#8217;nde kabul\u00fc beklenen son 8\u00a0 r\u00fczgar <img loading=\"lazy\" class=\"alignright wp-image-101325\" src=\"https:\/\/www.enerjigazetesi.ist\/wp-content\/uploads\/2019\/10\/akfen-in-denizli-res-inde-son-8-ruzgar-turbin-de-faaliyete-gecti.jpg\" alt=\"\" width=\"320\" height=\"226\" srcset=\"https:\/\/www.enerjigazetesi.ist\/wp-content\/uploads\/2019\/10\/akfen-in-denizli-res-inde-son-8-ruzgar-turbin-de-faaliyete-gecti.jpg 800w, https:\/\/www.enerjigazetesi.ist\/wp-content\/uploads\/2019\/10\/akfen-in-denizli-res-inde-son-8-ruzgar-turbin-de-faaliyete-gecti-300x212.jpg 300w, https:\/\/www.enerjigazetesi.ist\/wp-content\/uploads\/2019\/10\/akfen-in-denizli-res-inde-son-8-ruzgar-turbin-de-faaliyete-gecti-768x542.jpg 768w, https:\/\/www.enerjigazetesi.ist\/wp-content\/uploads\/2019\/10\/akfen-in-denizli-res-inde-son-8-ruzgar-turbin-de-faaliyete-gecti-500x353.jpg 500w, https:\/\/www.enerjigazetesi.ist\/wp-content\/uploads\/2019\/10\/akfen-in-denizli-res-inde-son-8-ruzgar-turbin-de-faaliyete-gecti-71x50.jpg 71w\" sizes=\"(max-width: 320px) 100vw, 320px\" \/>t\u00fcrbini de ge\u00e7ici kabul alarak \u00fcretime ge\u00e7ti.<\/strong><\/h1>\n<p><strong>Akfen Yenilenebilir Enerji A\u015e.<\/strong>\u2019nin ba\u011fl\u0131 ortakl\u0131klar\u0131ndan olan <strong>Korda Enerji<\/strong>\u2019nin, <strong>Denizli<\/strong>&#8216;de yer alan &#8216;<strong>Denizli RES<\/strong>\u2019inin sahip oldu\u011fu<strong>\u00a027,2 MW kurulu g\u00fcc\u00fcn\u00fcn<\/strong>\u00a0son <strong>8<\/strong> <strong>r\u00fczgar t\u00fcrbini<\/strong>\u00a0de <strong>Enerji Bakanl\u0131\u011f\u0131\u2019ndan<\/strong> ge\u00e7ici kabul\u00fc alarak\u00a0<strong>11 Ekim 2019&#8217;da<\/strong> \u00fcretime ge\u00e7ti.<\/p>\n<p>Kalan k\u0131sm\u0131n devreye girmesi ile y\u0131ll\u0131k <strong>67,1 GWs<\/strong> elektrik \u00fcretilmesi planlan\u0131rken<strong> &#8216;Denizli RES Projesi&#8217;nin<\/strong> toplam da kurulu g\u00fcc\u00fc <strong>74,8 MW<\/strong>&#8216;a y\u00fckseldi. B\u00f6ylece <strong>Akfen Yenilenebilir Enerji A\u015e.<\/strong> ba\u011fl\u0131 ortakl\u0131klar\u0131yla birlikte\u00a0<strong>yenilenebilir enerji santralleri<\/strong>nde toplam\u00a0<strong>612,7 MW<\/strong> kurulu g\u00fc\u00e7 kapasitesine ve <strong>y\u0131ll\u0131k<\/strong>\u00a0<strong>1.865 GWs<\/strong> <strong>elektrik \u00fcretim kapasitesine<\/strong> ula\u015fm\u0131\u015f oldu.<\/p>","protected":false},"excerpt":{"rendered":"<p>Sorry, this entry is only available in Turkish. For the sake of viewer convenience, the content is shown below in the alternative language. You may click the link to switch the active language. Akfen Holding\u2019e ait olan &#8216;Denizli RES Projesi&#8217;nde kabul\u00fc beklenen son 8\u00a0 r\u00fczgar t\u00fcrbini de ge\u00e7ici kabul alarak \u00fcretime ge\u00e7ti. Akfen Yenilenebilir Enerji [&hellip;]<\/p>\n","protected":false},"author":1,"featured_media":101325,"comment_status":"open","ping_status":"open","sticky":false,"template":"","format":"standard","meta":[],"categories":[51,53,50],"tags":[1207,37181,51018,58475,19,963,18,59071,35002,35004,53282,59070,34977,26829,6532],"views":771,"_links":{"self":[{"href":"https:\/\/www.enerjigazetesi.ist\/en\/wp-json\/wp\/v2\/posts\/101320"}],"collection":[{"href":"https:\/\/www.enerjigazetesi.ist\/en\/wp-json\/wp\/v2\/posts"}],"about":[{"href":"https:\/\/www.enerjigazetesi.ist\/en\/wp-json\/wp\/v2\/types\/post"}],"author":[{"embeddable":true,"href":"https:\/\/www.enerjigazetesi.ist\/en\/wp-json\/wp\/v2\/users\/1"}],"replies":[{"embeddable":true,"href":"https:\/\/www.enerjigazetesi.ist\/en\/wp-json\/wp\/v2\/comments?post=101320"}],"version-history":[{"count":3,"href":"https:\/\/www.enerjigazetesi.ist\/en\/wp-json\/wp\/v2\/posts\/101320\/revisions"}],"predecessor-version":[{"id":101323,"href":"https:\/\/www.enerjigazetesi.ist\/en\/wp-json\/wp\/v2\/posts\/101320\/revisions\/101323"}],"wp:featuredmedia":[{"embeddable":true,"href":"https:\/\/www.enerjigazetesi.ist\/en\/wp-json\/wp\/v2\/media\/101325"}],"wp:attachment":[{"href":"https:\/\/www.enerjigazetesi.ist\/en\/wp-json\/wp\/v2\/media?parent=101320"}],"wp:term":[{"taxonomy":"category","embeddable":true,"href":"https:\/\/www.enerjigazetesi.ist\/en\/wp-json\/wp\/v2\/categories?post=101320"},{"taxonomy":"post_tag","embeddable":true,"href":"https:\/\/www.enerjigazetesi.ist\/en\/wp-json\/wp\/v2\/tags?post=101320"}],"curies":[{"name":"wp","href":"https:\/\/api.w.org\/{rel}","templated":true}]}}