{"id":101234,"date":"2019-10-19T10:50:55","date_gmt":"2019-10-19T07:50:55","guid":{"rendered":"https:\/\/www.enerjigazetesi.ist\/?p=101234"},"modified":"2019-10-19T10:53:16","modified_gmt":"2019-10-19T07:53:16","slug":"tayvanin-yesil-kalkinma-planlarinin-en-basinda-gunes-enerjisi-geliyor","status":"publish","type":"post","link":"https:\/\/www.enerjigazetesi.ist\/en\/tayvanin-yesil-kalkinma-planlarinin-en-basinda-gunes-enerjisi-geliyor\/","title":{"rendered":"(Turkish) Tayvan\u2019\u0131n Ye\u015fil Kalk\u0131nma Planlar\u0131n\u0131n En Ba\u015f\u0131nda &#8216;G\u00fcne\u015f Enerjisi&#8217; Geliyor!"},"content":{"rendered":"<p class=\"qtranxs-available-languages-message qtranxs-available-languages-message-en\">Sorry, this entry is only available in <a href=\"https:\/\/www.enerjigazetesi.ist\/tr\/wp-json\/wp\/v2\/posts\/101234\" class=\"qtranxs-available-language-link qtranxs-available-language-link-tr\" title=\"Turkish\">Turkish<\/a>. For the sake of viewer convenience, the content is shown below in the alternative language. You may click the link to switch the active language.<\/p><p><\/p>\n<h1><strong>Tayvan D\u0131\u015f Ticaret Geli\u015ftirme Konseyi (TAITRA) ve Yar\u0131 \u0130letken Ekipmanlar\u0131 ve Malzemeleri Uluslararas\u0131 Birli\u011fi (SEMI) i\u015f birli\u011fi ile ger\u00e7ekle\u015ftirilen Energy Taiwan, 16-18 Ekim 2019&#8217;da Taipei\u2019deki Nangang Sergi Merkezi\u2019nde d\u00fczenlendi.<\/strong><\/h1>\n<p><strong>Energy Taiwan 2019 Fuar ve Konferans\u0131<\/strong>\u2019n\u0131n a\u00e7\u0131l\u0131\u015f konu\u015fmas\u0131nda Tayvan Ba\u015fkan\u0131 <strong>Tsai Ing-wen, <img loading=\"lazy\" class=\"alignright wp-image-101238\" src=\"https:\/\/www.enerjigazetesi.ist\/wp-content\/uploads\/2019\/10\/tayvanin-yesil-kalkinma-planlarinin-en-basinda-gunes-enerjisi-geliyor.jpg\" alt=\"\" width=\"320\" height=\"213\" srcset=\"https:\/\/www.enerjigazetesi.ist\/wp-content\/uploads\/2019\/10\/tayvanin-yesil-kalkinma-planlarinin-en-basinda-gunes-enerjisi-geliyor.jpg 500w, https:\/\/www.enerjigazetesi.ist\/wp-content\/uploads\/2019\/10\/tayvanin-yesil-kalkinma-planlarinin-en-basinda-gunes-enerjisi-geliyor-300x200.jpg 300w, https:\/\/www.enerjigazetesi.ist\/wp-content\/uploads\/2019\/10\/tayvanin-yesil-kalkinma-planlarinin-en-basinda-gunes-enerjisi-geliyor-75x50.jpg 75w, https:\/\/www.enerjigazetesi.ist\/wp-content\/uploads\/2019\/10\/tayvanin-yesil-kalkinma-planlarinin-en-basinda-gunes-enerjisi-geliyor-450x300.jpg 450w\" sizes=\"(max-width: 320px) 100vw, 320px\" \/>deniz &amp; kara \u00fcst\u00fc r\u00fczgar enerjisi ve fotovoltaik projeler<\/strong> ile Tayvan\u2019\u0131n <strong>ye\u015fil enerji sekt\u00f6r\u00fcnde<\/strong> h\u0131zla geli\u015fti\u011fini dile getirerek\u00a0Tsai, kuzey ada \u00fclkesinin Miaoli il\u00e7esi k\u0131y\u0131lar\u0131ndaki ve Tayvan\u2019\u0131n merkezindeki <strong>Changhua\u2019da<\/strong> bulunan <strong>g\u00fcne\u015f enerjisi \u00e7iftlikleri<\/strong> ile \u00fclkenin <strong>yenilenebilir enerji kapasitesini<\/strong> ve sanayisini geli\u015ftirdi\u011fini ifade etti.<\/p>\n<p>Son y\u0131llarda k\u00fcresel enerji sekt\u00f6r\u00fcne teknoloji deste\u011fi sunan ve yenilenebilir enerji hedeflerini h\u0131zla uygulamaya koyan Tayvan, 2025 y\u0131l\u0131na kadar enerjisinin y\u00fczde 20\u2019sini yenilenebilir kaynaklardan \u00fcretmeyi hedefliyor.<\/p>\n<h2><strong>Tayvan\u2019da Hedef, PV Kapasitesinde 2025&#8217;e Kadar 20 GW\u2019a Ula\u015fmak<\/strong><\/h2>\n<figure id=\"attachment_10628\" class=\"wp-caption alignleft\" aria-describedby=\"caption-attachment-10628\"><figcaption id=\"caption-attachment-10628\" class=\"wp-caption-text\"><strong>SEMI&#8217;nin<\/strong> yay\u0131mlad\u0131\u011f\u0131 anket sonu\u00e7lar\u0131na g\u00f6re, <strong>10<\/strong> Tayvanl\u0131dan <strong>8&#8217;i<\/strong> h\u00fck\u00fcmetin <strong>enerji d\u00f6n\u00fc\u015f\u00fcm politikalar\u0131n\u0131<\/strong> ve <strong>g\u00fcne\u015f enerjisi kullan\u0131m\u0131n\u0131<\/strong> desteklerken Tayvan h\u00fck\u00fcmetinin <strong>g\u00fcne\u015f enerjisi<\/strong> alan\u0131ndaki hedeflerinin ba\u015f\u0131nda, May\u0131s 2019\u2019da <strong>3.3GW<\/strong> olan kurulu <strong>PV kapasitesi<\/strong>nin <strong>2025 y\u0131l\u0131na<\/strong> kadar <strong>20 GW\u2019ye<\/strong> ula\u015fmas\u0131 anlam\u0131na gelmektedir. <strong>End\u00fcstriyel ve kamu binalar\u0131<\/strong> haricinde, <strong>\u00e7at\u0131 tipi GES kurulumlar\u0131<\/strong> i\u00e7in yeteri kadar talep ve alan\u0131n bulunmad\u0131\u011f\u0131 \u00fclkede, <strong>kara tipi ve y\u00fczer PV tesislerine<\/strong> odaklan\u0131l\u0131yor.<\/figcaption><\/figure>\n<p>Tayvan&#8217;\u0131n\u00a0<strong>elektrik \u00fcretiminin<\/strong> yakla\u015f\u0131k olarak <strong>% 10<\/strong>\u2019u <strong>g\u00fcne\u015f ve r\u00fczgar enerjisinden<\/strong>, <strong>% 20\u2019si\u00a0<\/strong>ise a\u015famal\u0131 olarak kapat\u0131lmas\u0131n\u0131n g\u00fcndemde oldu\u011fu\u00a0<strong>n\u00fckleer santrallerle<\/strong>\u00a0geri kalan \u00fcretimi ise\u00a0<strong>fosil a\u011f\u0131rl\u0131kl\u0131 santrallerden<\/strong> sa\u011flan\u0131yor.<\/p>\n<p>Kaynak: <a href=\"https:\/\/www.energytaiwan.com.tw\/\" target=\"_blank\" rel=\"noopener\">Energy Taiwan<\/a><\/p>","protected":false},"excerpt":{"rendered":"<p>Sorry, this entry is only available in Turkish. For the sake of viewer convenience, the content is shown below in the alternative language. You may click the link to switch the active language. Tayvan D\u0131\u015f Ticaret Geli\u015ftirme Konseyi (TAITRA) ve Yar\u0131 \u0130letken Ekipmanlar\u0131 ve Malzemeleri Uluslararas\u0131 Birli\u011fi (SEMI) i\u015f birli\u011fi ile ger\u00e7ekle\u015ftirilen Energy Taiwan, 16-18 [&hellip;]<\/p>\n","protected":false},"author":1,"featured_media":101238,"comment_status":"open","ping_status":"open","sticky":false,"template":"","format":"standard","meta":[],"categories":[51,53,49],"tags":[59010,59012,59008,53114,5070,59006,59007,59011,52259,59015,35038,30188,59018,15365,35039,53157,46050,59016,59019,59014,56780,59013,55480,52126,56398,34977,59017,59005,26829,29074,59009],"views":325,"_links":{"self":[{"href":"https:\/\/www.enerjigazetesi.ist\/en\/wp-json\/wp\/v2\/posts\/101234"}],"collection":[{"href":"https:\/\/www.enerjigazetesi.ist\/en\/wp-json\/wp\/v2\/posts"}],"about":[{"href":"https:\/\/www.enerjigazetesi.ist\/en\/wp-json\/wp\/v2\/types\/post"}],"author":[{"embeddable":true,"href":"https:\/\/www.enerjigazetesi.ist\/en\/wp-json\/wp\/v2\/users\/1"}],"replies":[{"embeddable":true,"href":"https:\/\/www.enerjigazetesi.ist\/en\/wp-json\/wp\/v2\/comments?post=101234"}],"version-history":[{"count":0,"href":"https:\/\/www.enerjigazetesi.ist\/en\/wp-json\/wp\/v2\/posts\/101234\/revisions"}],"wp:featuredmedia":[{"embeddable":true,"href":"https:\/\/www.enerjigazetesi.ist\/en\/wp-json\/wp\/v2\/media\/101238"}],"wp:attachment":[{"href":"https:\/\/www.enerjigazetesi.ist\/en\/wp-json\/wp\/v2\/media?parent=101234"}],"wp:term":[{"taxonomy":"category","embeddable":true,"href":"https:\/\/www.enerjigazetesi.ist\/en\/wp-json\/wp\/v2\/categories?post=101234"},{"taxonomy":"post_tag","embeddable":true,"href":"https:\/\/www.enerjigazetesi.ist\/en\/wp-json\/wp\/v2\/tags?post=101234"}],"curies":[{"name":"wp","href":"https:\/\/api.w.org\/{rel}","templated":true}]}}