{"id":101147,"date":"2019-10-17T23:31:10","date_gmt":"2019-10-17T20:31:10","guid":{"rendered":"https:\/\/www.enerjigazetesi.ist\/?p=101147"},"modified":"2019-10-17T23:33:58","modified_gmt":"2019-10-17T20:33:58","slug":"avrupa-ruzgarda-gerekli-adimlari-atarsa-88-gw-kapasite-artisi-saglayabilir","status":"publish","type":"post","link":"https:\/\/www.enerjigazetesi.ist\/en\/avrupa-ruzgarda-gerekli-adimlari-atarsa-88-gw-kapasite-artisi-saglayabilir\/","title":{"rendered":"(Turkish) &#8217;Avrupa&#8217; R\u00fczgar&#8217;da Gerekli Ad\u0131mlar\u0131 Atarsa 88 GW Kapasite Art\u0131\u015f\u0131 Sa\u011flayabilir"},"content":{"rendered":"<p class=\"qtranxs-available-languages-message qtranxs-available-languages-message-en\">Sorry, this entry is only available in <a href=\"https:\/\/www.enerjigazetesi.ist\/tr\/wp-json\/wp\/v2\/posts\/101147\" class=\"qtranxs-available-language-link qtranxs-available-language-link-tr\" title=\"Turkish\">Turkish<\/a>. For the sake of viewer convenience, the content is shown below in the alternative language. You may click the link to switch the active language.<\/p><p><\/p>\n<h1><strong>Yay\u0131mlanan\u00a02023 R\u00fczgar Enerjisi G\u00f6r\u00fcn\u00fcm\u00fc 5 y\u0131ll\u0131k \u00f6ng\u00f6r\u00fc raporunda, gerekli ad\u0131mlar\u0131n at\u0131lmas\u0131na ba\u011fl\u0131 olarak y\u0131ll\u0131k r\u00fczgar enerji kapasite art\u0131\u015f\u0131nda \u00f6nemli de\u011fi\u015fiklikler olabilece\u011fi \u00f6ng\u00f6r\u00fcl\u00fcyor. Yurti\u00e7i ve yurtd\u0131\u015f\u0131ndaki r\u00fczgar enerjisi santrallerine servis hizmetleri sunan \u00dclke Enerji\u2019nin Genel M\u00fcd\u00fcr\u00fc Ali Ayd\u0131n\u2019a g\u00f6re, gelece\u011fin enerjisinde s\u00f6z sahibi olmak i\u00e7in T\u00fcrkiye\u2019nin istikrarl\u0131 bir \u015fekilde gerekli d\u00fczenlemeleri ve yat\u0131r\u0131mlar\u0131 ger\u00e7ekle\u015ftirmesi gerekiyor.<img loading=\"lazy\" class=\"alignright wp-image-101151\" src=\"https:\/\/www.enerjigazetesi.ist\/wp-content\/uploads\/2019\/10\/avrupa-ruzgarda-gerekli-adimlari-atarsa-88-gw-kapasite-artisi-saglayabilir.jpg\" alt=\"\" width=\"320\" height=\"170\" srcset=\"https:\/\/www.enerjigazetesi.ist\/wp-content\/uploads\/2019\/10\/avrupa-ruzgarda-gerekli-adimlari-atarsa-88-gw-kapasite-artisi-saglayabilir.jpg 919w, https:\/\/www.enerjigazetesi.ist\/wp-content\/uploads\/2019\/10\/avrupa-ruzgarda-gerekli-adimlari-atarsa-88-gw-kapasite-artisi-saglayabilir-300x159.jpg 300w, https:\/\/www.enerjigazetesi.ist\/wp-content\/uploads\/2019\/10\/avrupa-ruzgarda-gerekli-adimlari-atarsa-88-gw-kapasite-artisi-saglayabilir-768x408.jpg 768w, https:\/\/www.enerjigazetesi.ist\/wp-content\/uploads\/2019\/10\/avrupa-ruzgarda-gerekli-adimlari-atarsa-88-gw-kapasite-artisi-saglayabilir-500x266.jpg 500w, https:\/\/www.enerjigazetesi.ist\/wp-content\/uploads\/2019\/10\/avrupa-ruzgarda-gerekli-adimlari-atarsa-88-gw-kapasite-artisi-saglayabilir-80x42.jpg 80w\" sizes=\"(max-width: 320px) 100vw, 320px\" \/><\/strong><\/h1>\n<p>Gelece\u011fin enerjisi olarak g\u00f6r\u00fclen r\u00fczgar enerjisinin Avrupa\u2019daki\u00a0 geli\u015fiminde belirsizlikler ba\u015f g\u00f6steriyor. WindEurope\u2019un 2023 R\u00fczgar Enerjisi G\u00f6r\u00fcn\u00fcm\u00fc raporuna g\u00f6re, Avrupa\u2019n\u0131n r\u00fczgar enerji\u00a0 kapasitesinin geli\u015fimi gerekli ad\u0131mlar\u0131n at\u0131lmas\u0131 halinde 88 GW artarak 277 GW olabilir. Ancak ayn\u0131 rapora g\u00f6re, Avrupa h\u00fck\u00fcmetlerinin <strong>ulusal enerji ve iklim planlar\u0131<\/strong>ndaki belirsizlikler, gerekli d\u00fczenleme izinleri ve yat\u0131r\u0131mlar\u0131n gecikmesi, Avrupa\u2019y\u0131 hedeflenen seviyeden uzakla\u015ft\u0131r\u0131yor.<\/p>\n<h2><strong>Y\u0131ll\u0131k Kapasite 13 GW ile 22 GW Aras\u0131nda Olabilir<\/strong><\/h2>\n<p>WindEurope\u2019un ger\u00e7ekle\u015ftirdi\u011fi \u00e7al\u0131\u015fmaya g\u00f6re, 2023&#8217;e kadar y\u0131ll\u0131k yeni r\u00fczgar enerjisi kapasitesinin <strong>13GW<\/strong> ile <strong>22GW<\/strong> aras\u0131nda\u00a0 de\u011fi\u015febilece\u011fi \u00f6ng\u00f6r\u00fcl\u00fcyor. Avrupa h\u00fck\u00fcmetlerinin ulusal enerji\u00a0 planlamalar\u0131ndaki gerekli d\u00fczenlemelerine ve yat\u0131r\u0131mlar\u0131na ba\u011fl\u0131\u00a0 olarak b\u00fcy\u00fcme oranlar\u0131n\u0131n de\u011fi\u015fece\u011fi belirtilen raporda, en k\u00f6t\u00fc senaryo olarak <strong>5 y\u0131ll\u0131k<\/strong> s\u00fcre\u00e7te <strong>67 GW kurulumun<\/strong> ger\u00e7ekle\u015febilece\u011fi dile getiriliyor. Avrupa\u2019daki d\u00fczenlemeler ve yat\u0131r\u0131mlarla ilgili belirsizliklerin r\u00fczgar enerjisinin geli\u015fimine olumsuz yans\u0131yaca\u011f\u0131n\u0131 belirten Ali Ayd\u0131n, &#8220;Bu belirsizlikler, enerji tedarik zincirine darbe vurabilirken, son y\u0131llarda elde edilen \u00f6nemli maliyet indirimlerini de etkileyebilir.&#8221; ifadelerinde bulundu.<\/p>\n<h2><strong>Yeni Tesislere 208 Milyar Euro Yat\u0131r\u0131m Yap\u0131lacak<\/strong><\/h2>\n<p>2023\u2019teki <strong>R\u00fczgar Enerjisi G\u00f6r\u00fcn\u00fcm\u00fc<\/strong> raporuna g\u00f6re, yeni tesislerin <strong>4\u2019te 3\u2019\u00fc<\/strong> kara r\u00fczgar\u0131na y\u00f6nelik olacak. Avrupa&#8217;da yeni r\u00fczgar enerjisi varl\u0131klar\u0131na 2023 y\u0131l\u0131na kadar 208 milyar euro yat\u0131r\u0131m\u0131n yap\u0131laca\u011f\u0131\u00a0 \u00f6ng\u00f6r\u00fcl\u00fcrken, <strong>Almanya, \u0130spanya ve \u0130ngiltere<\/strong>\u2019nin <strong>2023 y\u0131l\u0131na<\/strong> kadar hala en fazla <strong>r\u00fczgar enerjisi kapasitesi<\/strong>ne sahip \u00fclkeler olaca\u011f\u0131 g\u00f6r\u00fcl\u00fcyor. B\u00fcy\u00fcmenin Almanya\u2019da yava\u015flayaca\u011f\u0131, Fransa, \u0130spanya ve \u0130sve\u00e7\u2019te ise h\u0131zlanaca\u011f\u0131 da belirtildi. \u00d6zellikle r\u00fczgar enerjisinde \u00f6nemli bir\u00a0 kapasiteye sahip olan Almanya\u2019n\u0131n b\u00fcy\u00fcme h\u0131z\u0131n\u0131n yava\u015flamas\u0131na dikkat \u00e7eken Ali Ayd\u0131n, \u201cAlmanya gibi r\u00fczgar enerjisinde s\u00f6z sahibi olan bir \u00fclkenin b\u00fcy\u00fcmedeki yava\u015flamas\u0131n\u0131n ana nedenlerini r\u00fczgar enerjisindeki\u00a0 gerekli olan izin ve d\u00fczenlemeler ile te\u015fviklerin d\u00fc\u015f\u00fck seviyede kalmas\u0131 olarak g\u00f6r\u00fcyorum. R\u00fczgar enerjisine dair kalk\u0131nmam\u0131z\u0131\u00a0 planlarken Avrupa \u00fclkelerinin sahip oldu\u011fu belirsizliklerden ders\u00a0 \u00e7\u0131kartarak do\u011fru at\u0131l\u0131mlar yapmam\u0131z gerekiyor.\u201d a\u00e7\u0131klamalar\u0131nda\u00a0 bulundu.<\/p>\n<h2><strong>R\u00fczgar Enerjisinin Geli\u015fimi Ekonomiyi De Etkiliyor<\/strong><\/h2>\n<p>Avrupa\u2019daki r\u00fczgar enerjisinden do\u011fan ekonomik istihdam, yap\u0131lan yat\u0131r\u0131mlarla \u00f6nemli kazan\u0131mlara d\u00f6n\u00fc\u015f\u00fcyor. Gelece\u011fin enerjileri aras\u0131nda en ucuz yenilenebilir enerji olarak s\u0131yr\u0131lan r\u00fczgar enerjisi,\u00a0 kamu ve \u00f6zel sekt\u00f6r dahilinde \u00f6nemli ekonomik kazan\u0131mlar sa\u011flayarak\u00a0 daha \u00e7evreci bir ekonomiyi de beraberinde in\u015fa ediyor. Ancak <strong>300 bin ki\u015filik<\/strong> bir istihdama yol a\u00e7an <strong>r\u00fczgar enerjisindeki yat\u0131r\u0131mlar\u0131<\/strong>n durmas\u0131 ise ekonomilerde olumsuz sonu\u00e7lar\u0131n do\u011fmas\u0131na neden olabilir. \u00d6zellikle Almanya\u2019da son 4 y\u0131l i\u00e7erisinde 35 bin ki\u015finin i\u015f kayb\u0131na u\u011framas\u0131, r\u00fczgar enerjisinin geli\u015fimindeki aksamalar\u0131n hangi boyutta\u00a0 zarar verebilece\u011fini g\u00f6steriyor.<\/p>","protected":false},"excerpt":{"rendered":"<p>Sorry, this entry is only available in Turkish. For the sake of viewer convenience, the content is shown below in the alternative language. You may click the link to switch the active language. Yay\u0131mlanan\u00a02023 R\u00fczgar Enerjisi G\u00f6r\u00fcn\u00fcm\u00fc 5 y\u0131ll\u0131k \u00f6ng\u00f6r\u00fc raporunda, gerekli ad\u0131mlar\u0131n at\u0131lmas\u0131na ba\u011fl\u0131 olarak y\u0131ll\u0131k r\u00fczgar enerji kapasite art\u0131\u015f\u0131nda \u00f6nemli de\u011fi\u015fiklikler olabilece\u011fi \u00f6ng\u00f6r\u00fcl\u00fcyor. [&hellip;]<\/p>\n","protected":false},"author":1,"featured_media":101151,"comment_status":"open","ping_status":"open","sticky":false,"template":"","format":"standard","meta":[],"categories":[53],"tags":[58737,45446,929,19,57686,18,532,1092,4353,58929,35002,58927,995,19146,35004,52691,4013,58930,34977,45445,58928,58739,29054,26829],"views":313,"_links":{"self":[{"href":"https:\/\/www.enerjigazetesi.ist\/en\/wp-json\/wp\/v2\/posts\/101147"}],"collection":[{"href":"https:\/\/www.enerjigazetesi.ist\/en\/wp-json\/wp\/v2\/posts"}],"about":[{"href":"https:\/\/www.enerjigazetesi.ist\/en\/wp-json\/wp\/v2\/types\/post"}],"author":[{"embeddable":true,"href":"https:\/\/www.enerjigazetesi.ist\/en\/wp-json\/wp\/v2\/users\/1"}],"replies":[{"embeddable":true,"href":"https:\/\/www.enerjigazetesi.ist\/en\/wp-json\/wp\/v2\/comments?post=101147"}],"version-history":[{"count":0,"href":"https:\/\/www.enerjigazetesi.ist\/en\/wp-json\/wp\/v2\/posts\/101147\/revisions"}],"wp:featuredmedia":[{"embeddable":true,"href":"https:\/\/www.enerjigazetesi.ist\/en\/wp-json\/wp\/v2\/media\/101151"}],"wp:attachment":[{"href":"https:\/\/www.enerjigazetesi.ist\/en\/wp-json\/wp\/v2\/media?parent=101147"}],"wp:term":[{"taxonomy":"category","embeddable":true,"href":"https:\/\/www.enerjigazetesi.ist\/en\/wp-json\/wp\/v2\/categories?post=101147"},{"taxonomy":"post_tag","embeddable":true,"href":"https:\/\/www.enerjigazetesi.ist\/en\/wp-json\/wp\/v2\/tags?post=101147"}],"curies":[{"name":"wp","href":"https:\/\/api.w.org\/{rel}","templated":true}]}}