{"id":101082,"date":"2019-10-17T04:42:41","date_gmt":"2019-10-17T01:42:41","guid":{"rendered":"https:\/\/www.enerjigazetesi.ist\/?p=101082"},"modified":"2019-10-17T04:42:41","modified_gmt":"2019-10-17T01:42:41","slug":"2017-2018-de-14-milyon-abonenin-elektrigi-en-az-bir-kez-borcundan-kesildi","status":"publish","type":"post","link":"https:\/\/www.enerjigazetesi.ist\/en\/2017-2018-de-14-milyon-abonenin-elektrigi-en-az-bir-kez-borcundan-kesildi\/","title":{"rendered":"(Turkish) &#8221;2017-2018&#8217;de 14 Milyon Abonenin Elektri\u011fi En Az Bir Kez Borcundan Kesildi&#8221;"},"content":{"rendered":"<p class=\"qtranxs-available-languages-message qtranxs-available-languages-message-en\">Sorry, this entry is only available in <a href=\"https:\/\/www.enerjigazetesi.ist\/tr\/wp-json\/wp\/v2\/posts\/101082\" class=\"qtranxs-available-language-link qtranxs-available-language-link-tr\" title=\"Turkish\">Turkish<\/a>. For the sake of viewer convenience, the content is shown below in the alternative language. You may click the link to switch the active language.<\/p><p><\/p>\n<h1 class=\"description\"><strong>2017-2018 y\u0131llar\u0131nda 14 milyon abonenin elektri\u011finin en az bir kez borcundan dolay\u0131 kesildi\u011fine dikkat \u00e7eken EMO \u0130zmir \u015eube Ba\u015fkan\u0131 U\u011furlu taraf\u0131ndan elektri\u011fe en ge\u00e7 2020 y\u0131l\u0131 ba\u015f\u0131nda yeniden zam yap\u0131laca\u011f\u0131 da dile getirildi.<\/strong><\/h1>\n<div class=\"body fw\">\n<p><strong>Elektrik M\u00fchendisleri Odas\u0131 (EMO)<\/strong> \u0130zmir \u015eubesi Y\u00f6netim Kurulu Ba\u015fkan\u0131 <strong>\u015eebnem Se\u00e7kin U\u011furlu<\/strong>, ucuz enerjiye eri\u015fimin <strong>temel insan haklar\u0131ndan<\/strong> biri oldu\u011funu vurgulayarak, <strong>artan enerji <img loading=\"lazy\" class=\"alignright wp-image-101087\" src=\"https:\/\/www.enerjigazetesi.ist\/wp-content\/uploads\/2019\/10\/2017-2018-de-14-milyon-abonenin-elektrigi-en-az-bir-kez-borcundan-kesildi.jpg\" alt=\"\" width=\"320\" height=\"179\" srcset=\"https:\/\/www.enerjigazetesi.ist\/wp-content\/uploads\/2019\/10\/2017-2018-de-14-milyon-abonenin-elektrigi-en-az-bir-kez-borcundan-kesildi.jpg 788w, https:\/\/www.enerjigazetesi.ist\/wp-content\/uploads\/2019\/10\/2017-2018-de-14-milyon-abonenin-elektrigi-en-az-bir-kez-borcundan-kesildi-300x168.jpg 300w, https:\/\/www.enerjigazetesi.ist\/wp-content\/uploads\/2019\/10\/2017-2018-de-14-milyon-abonenin-elektrigi-en-az-bir-kez-borcundan-kesildi-768x431.jpg 768w, https:\/\/www.enerjigazetesi.ist\/wp-content\/uploads\/2019\/10\/2017-2018-de-14-milyon-abonenin-elektrigi-en-az-bir-kez-borcundan-kesildi-500x280.jpg 500w, https:\/\/www.enerjigazetesi.ist\/wp-content\/uploads\/2019\/10\/2017-2018-de-14-milyon-abonenin-elektrigi-en-az-bir-kez-borcundan-kesildi-80x45.jpg 80w\" sizes=\"(max-width: 320px) 100vw, 320px\" \/>fiyatlar\u0131n\u0131n<\/strong> \u2018enerji yoksullu\u011fu\u2019 kavram\u0131n\u0131 yaratt\u0131\u011f\u0131n\u0131 belirtti. U\u011furlu, <strong>2017-2018<\/strong> y\u0131llar\u0131nda <strong>14 milyon 314 bin 375 abonenin<\/strong> elektri\u011finin en az bir kez borcundan dolay\u0131 kesildi\u011fini belirtti.<\/p>\n<p>1 Ekim tarihinde yap\u0131lan son zamla birlikte, <strong>4 ki\u015filik bir ailenin<\/strong> ayl\u0131k asgari elektrik faturas\u0131n\u0131n ortalama <strong>163 TL\u2019ye y\u00fckseldi\u011fine<\/strong> dikkat \u00e7eken U\u011furlu, bu rakam\u0131n <strong>2020 TL<\/strong> olan asgari \u00fccretin <strong>y\u00fczde 8\u2019ine denk<\/strong> geldi\u011finin alt\u0131n\u0131 \u00e7izdi. <strong>Sosyal yard\u0131ma muhta\u00e7<\/strong>, geliri olmayan yurtta\u015flar\u0131n yan\u0131nda <strong>asgari \u00fccretle ge\u00e7inen<\/strong> milyonlarca ailenin de <strong>elektrik faturalar\u0131n\u0131 \u00f6deyemeyece\u011fini<\/strong> belirten U\u011furlu, \u201cK\u0131\u015f aylar\u0131nda \u0131s\u0131nma ama\u00e7l\u0131 <strong>do\u011falgaz ve di\u011fer yak\u0131tlar\u0131n da<\/strong> eklenmesiyle, maa\u015ftan <strong>enerjiye ayr\u0131lmas\u0131<\/strong> gereken pay <strong>% 20\u2019lerin<\/strong> \u00fczerine \u00e7\u0131kacakt\u0131r\u201d ifadelerini kulland\u0131.<\/p>\n<h2><strong>YEN\u0130 ZAMLAR KAPIDA<\/strong><\/h2>\n<p>Se\u00e7im yat\u0131r\u0131m\u0131 niteli\u011findeki indirimler d\u0131\u015f\u0131nda enerji politikalar\u0131n\u0131n d\u00fczenli olarak zam \u00fcretti\u011fine i\u015faret eden U\u011furlu, \u201cD\u00f6viz kuru art\u0131\u015flar\u0131n\u0131n, ekonomik sorunlar\u0131n ya\u015fanmad\u0131\u011f\u0131 d\u00f6nemlerde bile elektrik fiyatlar\u0131 s\u00fcrekli olarak artt\u0131 ve bu seviyelere kadar ula\u015ft\u0131. \u0130thal kaynaklara dayal\u0131 ve al\u0131m garantileriyle \u015fekillendirilen bu piyasa yap\u0131s\u0131n\u0131n \u00f6n\u00fcm\u00fczdeki aylarda enerji fiyatlar\u0131n\u0131 daha y\u00fcksek seviyelere ta\u015f\u0131mas\u0131 ka\u00e7\u0131n\u0131lmazd\u0131r. Bu nedenle sosyal yard\u0131mlar sadece yaray\u0131 pansuman edebilir, tam anlam\u0131yla iyile\u015fme i\u00e7in yap\u0131sal bir d\u00f6n\u00fc\u015f\u00fcm gereklidir\u201d diye konu\u015ftu. Toptan elektrik enerjisi fiyatlar\u0131na E\u00dcA\u015e\u2019n\u0131n yapt\u0131\u011f\u0131 % 70\u2019lik zamm\u0131n \u00f6n\u00fcm\u00fczdeki aylarda yurtta\u015flara yans\u0131yaca\u011f\u0131n\u0131 belirten U\u011furlu, y\u0131lsonuna kadar ekonomide olumsuz bir durum ya\u015fanmasa bile en ge\u00e7 <strong>2020 y\u0131l\u0131<\/strong> ba\u015f\u0131nda elektrik fiyatlar\u0131n\u0131n yeniden zamlanaca\u011f\u0131n\u0131 kaydetti.<\/p>\n<p>Kamunun elektrik \u00fcretiminden \u00e7ekilmesi ve da\u011f\u0131t\u0131m b\u00f6lgelerinin \u00f6zelle\u015ftirmesinin ard\u0131ndan yap\u0131sal sorunlar\u0131n b\u00fcy\u00fcd\u00fc\u011f\u00fcn\u00fc ifade eden U\u011furlu, \u015funlar\u0131 dile getirdi: \u201cOcak 2019\u2019dan g\u00fcn\u00fcm\u00fcze ger\u00e7ekle\u015fen art\u0131\u015f oran\u0131na bak\u0131ld\u0131\u011f\u0131nda perakende enerji bedeli y%30 d\u00fczeyinde kal\u0131rken, da\u011f\u0131t\u0131m bedelindeki art\u0131\u015f oran\u0131 % 60\u2019\u0131 a\u015fm\u0131\u015ft\u0131r. Sonu\u00e7 olarak fatura toplam\u0131nda art\u0131\u015f oran\u0131 % 39,3 olmu\u015ftur. Enerji maliyetlerinin % 30 art\u0131\u011f\u0131 bir d\u00f6nemde, da\u011f\u0131t\u0131m maliyetinin iki kat\u0131 kadar art\u0131\u015f g\u00f6stermesi \u00f6zelle\u015ftirilmeden kaynakl\u0131d\u0131r. Da\u011f\u0131t\u0131m \u00f6zelle\u015ftirmelerinin ard\u0131ndan da\u011f\u0131t\u0131m bedelinin pay\u0131 faturada % 29\u2019a kadar y\u00fckselmi\u015ftir. Faturalar\u0131n yaln\u0131zca % 51\u2019i enerji bedelinden olu\u015furken, geriye kalan % 20\u2019lik b\u00f6l\u00fcm\u00fc ise vergilerden meydana gelmektedir.\u201d<\/p>\n<h2><strong>KAMULA\u015eTIRMA YAPILMALI<\/strong><\/h2>\n<p>U\u011furlu, \u201cAsgari \u00fccretle ge\u00e7inen milyonlarca ailenin, g\u0131da ile elektrik enerjisi aras\u0131nda se\u00e7im yapmak zorland\u0131klar\u0131 bug\u00fcnlere bir daha geri d\u00f6nmemek i\u00e7in <strong>yerli ve yenilenebilir kaynaklar\u0131n<\/strong> kullan\u0131ld\u0131\u011f\u0131, tarifelerin kamu yarar\u0131na belirlendi\u011fi bir y\u00f6netim anlay\u0131\u015f\u0131na ge\u00e7ilmelidir. <strong>Kamula\u015ft\u0131rma<\/strong> da dahil olmak \u00fczere <strong>acil \u00f6nlemlerin<\/strong> bir an \u00f6nce planlanarak <strong>hayata ge\u00e7irilmesi<\/strong> gerekir\u201d dedi. U\u011furlu, <strong>16-19 Ekim\u2019de<\/strong> \u0130zmir\u2019de 5000&#8217;in \u00fczerinde <strong>m\u00fchendis ve teknik eleman\u0131n<\/strong> kat\u0131l\u0131m\u0131yla <strong>6\u2019nc\u0131 Elektrik Tesisat Ulusal Kongresi\u2019ni<\/strong> d\u00fczenleyeceklerini de belirtti.<\/p>\n<\/div>\n<p><\/p>","protected":false},"excerpt":{"rendered":"<p>Sorry, this entry is only available in Turkish. For the sake of viewer convenience, the content is shown below in the alternative language. You may click the link to switch the active language. 2017-2018 y\u0131llar\u0131nda 14 milyon abonenin elektri\u011finin en az bir kez borcundan dolay\u0131 kesildi\u011fine dikkat \u00e7eken EMO \u0130zmir \u015eube Ba\u015fkan\u0131 U\u011furlu taraf\u0131ndan elektri\u011fe [&hellip;]<\/p>\n","protected":false},"author":1,"featured_media":101087,"comment_status":"open","ping_status":"open","sticky":false,"template":"","format":"standard","meta":[],"categories":[51,53],"tags":[58849,19805,11765,45867,58845,10324,58842,657,1103,774,477,20017,1033,2689,3860,58848,11309,58843,58846,58847,58844,6339],"views":346,"_links":{"self":[{"href":"https:\/\/www.enerjigazetesi.ist\/en\/wp-json\/wp\/v2\/posts\/101082"}],"collection":[{"href":"https:\/\/www.enerjigazetesi.ist\/en\/wp-json\/wp\/v2\/posts"}],"about":[{"href":"https:\/\/www.enerjigazetesi.ist\/en\/wp-json\/wp\/v2\/types\/post"}],"author":[{"embeddable":true,"href":"https:\/\/www.enerjigazetesi.ist\/en\/wp-json\/wp\/v2\/users\/1"}],"replies":[{"embeddable":true,"href":"https:\/\/www.enerjigazetesi.ist\/en\/wp-json\/wp\/v2\/comments?post=101082"}],"version-history":[{"count":0,"href":"https:\/\/www.enerjigazetesi.ist\/en\/wp-json\/wp\/v2\/posts\/101082\/revisions"}],"wp:featuredmedia":[{"embeddable":true,"href":"https:\/\/www.enerjigazetesi.ist\/en\/wp-json\/wp\/v2\/media\/101087"}],"wp:attachment":[{"href":"https:\/\/www.enerjigazetesi.ist\/en\/wp-json\/wp\/v2\/media?parent=101082"}],"wp:term":[{"taxonomy":"category","embeddable":true,"href":"https:\/\/www.enerjigazetesi.ist\/en\/wp-json\/wp\/v2\/categories?post=101082"},{"taxonomy":"post_tag","embeddable":true,"href":"https:\/\/www.enerjigazetesi.ist\/en\/wp-json\/wp\/v2\/tags?post=101082"}],"curies":[{"name":"wp","href":"https:\/\/api.w.org\/{rel}","templated":true}]}}