{"id":101036,"date":"2019-10-16T20:16:28","date_gmt":"2019-10-16T17:16:28","guid":{"rendered":"https:\/\/www.enerjigazetesi.ist\/?p=101036"},"modified":"2019-10-16T20:18:00","modified_gmt":"2019-10-16T17:18:00","slug":"izyeko-da-endustriyel-cati-ustu-gunes-sistemleri-ve-santralleri-ni-konusuldu","status":"publish","type":"post","link":"https:\/\/www.enerjigazetesi.ist\/en\/izyeko-da-endustriyel-cati-ustu-gunes-sistemleri-ve-santralleri-ni-konusuldu\/","title":{"rendered":"(Turkish) &#8217;\u0130ZYEKO&#8217;da &#8216;End\u00fcstriyel \u00c7at\u0131 \u00dcst\u00fc G\u00fcne\u015f Sistemleri ve Santralleri&#8217; Konu\u015fuldu"},"content":{"rendered":"<p class=\"qtranxs-available-languages-message qtranxs-available-languages-message-en\">Sorry, this entry is only available in <a href=\"https:\/\/www.enerjigazetesi.ist\/tr\/wp-json\/wp\/v2\/posts\/101036\" class=\"qtranxs-available-language-link qtranxs-available-language-link-tr\" title=\"Turkish\">Turkish<\/a>. For the sake of viewer convenience, the content is shown below in the alternative language. You may click the link to switch the active language.<\/p><p><\/p>\n<h1>\u0130zmir Yenilenebilir Enerji Konferans\u0131 (\u0130ZYEKO), 21 Eyl\u00fcl 2019 tarihinde \u0130smet \u0130n\u00f6n\u00fc K\u00fclt\u00fcr Merkezi\u2019nde d\u00fczenlendi.<\/h1>\n<p>Etkinlikte\u00a0<strong>&#8220;10kW Alt\u0131 \u015eebekeye Ba\u011fl\u0131 Fotovoltaik Sistemlerde Teknik, Hukuki S\u00fcre\u00e7 ve End\u00fcstriyel \u00c7at\u0131larda Son Geli\u015fmeler&#8221;<\/strong>\u00a0ve\u00a0<strong>&#8220;Yenilenebilir Enerji Sekt\u00f6r\u00fcnde Finansal \u00c7\u00f6z\u00fcmler, Hukuki Geli\u015fmeler ve Alternatif Modeller&#8221;<\/strong>\u00a0konular\u0131 konu\u015fuldu.<\/p>\n<p><img loading=\"lazy\" class=\"alignright wp-image-101040\" src=\"https:\/\/www.enerjigazetesi.ist\/wp-content\/uploads\/2019\/10\/izyeko-endustriyel-cati-ustu-gunes-sistemleri-ve-santralleri-ni-konustu-1.jpg\" alt=\"\" width=\"320\" height=\"180\" srcset=\"https:\/\/www.enerjigazetesi.ist\/wp-content\/uploads\/2019\/10\/izyeko-endustriyel-cati-ustu-gunes-sistemleri-ve-santralleri-ni-konustu-1.jpg 550w, https:\/\/www.enerjigazetesi.ist\/wp-content\/uploads\/2019\/10\/izyeko-endustriyel-cati-ustu-gunes-sistemleri-ve-santralleri-ni-konustu-1-300x169.jpg 300w, https:\/\/www.enerjigazetesi.ist\/wp-content\/uploads\/2019\/10\/izyeko-endustriyel-cati-ustu-gunes-sistemleri-ve-santralleri-ni-konustu-1-500x282.jpg 500w, https:\/\/www.enerjigazetesi.ist\/wp-content\/uploads\/2019\/10\/izyeko-endustriyel-cati-ustu-gunes-sistemleri-ve-santralleri-ni-konustu-1-80x45.jpg 80w\" sizes=\"(max-width: 320px) 100vw, 320px\" \/>Konferans&#8217;\u0131n a\u00e7\u0131l\u0131\u015f konu\u015fmas\u0131n\u0131 <strong>\u0130zmir B\u00fcy\u00fck\u015fehir Belediyesi<\/strong> Genel Sekreter Yard\u0131mc\u0131s\u0131 <strong>Y\u0131ld\u0131z Devran<\/strong> yaparken <strong>GENSED<\/strong> Genel Sekreter Yard\u0131mc\u0131s\u0131 <strong>Hakan Erkan\u2019\u0131n<\/strong> moderat\u00f6rl\u00fc\u011f\u00fcnde ilk oturumda <strong>Gesturk Enerji, Alfa Solar, Alkor, Goodwe, Panelsan, Y\u0131lkomer ve \u015eara Solar<\/strong> gibi sekt\u00f6rden firmalar ile <strong>10kW ve alt\u0131 \u015febekeye ba\u011fl\u0131<\/strong> fotovoltaik sistemlerde <strong>teknik, hukuki s\u00fcre\u00e7 ve end\u00fcstriyel \u00e7at\u0131larda<\/strong> son geli\u015fmeler \u00fczerine g\u00f6r\u00fc\u015fler al\u0131nd\u0131. Ayn\u0131 zamanda <strong>KOSB\u0130<\/strong>\u2019den <strong>M\u00fckremin Z\u00fclkadiro\u011flu<\/strong>\u2019nun kat\u0131l\u0131m\u0131yla da bu i\u015fin OSB&#8217;de nas\u0131l i\u015fledi\u011fine\u00a0<strong>OSB\u2019lerin<\/strong> ya\u015fad\u0131\u011f\u0131 s\u0131k\u0131nt\u0131lara da de\u011finildi.<\/p>\n<p><strong>2&#8217;inci<\/strong> oturum ise\u00a0<strong>Turseff, Denizleasing, \u0130ZKA, Gla Grup, Demir&amp;Demir Hukuk B\u00fcrosu ve \u00c7evreci Enerji Derne\u011fi&#8217;nin<\/strong> kat\u0131l\u0131mlar\u0131yla yap\u0131l\u0131rken <strong>yenilenebilir enerji sekt\u00f6r\u00fcnde finansal \u00e7\u00f6z\u00fcmler, hukuki geli\u015fmeler, gelecek politikalar<\/strong> ve <strong>alternatif modeller<\/strong> masaya yat\u0131r\u0131ld\u0131.<\/p>","protected":false},"excerpt":{"rendered":"<p>Sorry, this entry is only available in Turkish. For the sake of viewer convenience, the content is shown below in the alternative language. You may click the link to switch the active language. \u0130zmir Yenilenebilir Enerji Konferans\u0131 (\u0130ZYEKO), 21 Eyl\u00fcl 2019 tarihinde \u0130smet \u0130n\u00f6n\u00fc K\u00fclt\u00fcr Merkezi\u2019nde d\u00fczenlendi. Etkinlikte\u00a0&#8220;10kW Alt\u0131 \u015eebekeye Ba\u011fl\u0131 Fotovoltaik Sistemlerde Teknik, Hukuki [&hellip;]<\/p>\n","protected":false},"author":1,"featured_media":101041,"comment_status":"open","ping_status":"open","sticky":false,"template":"","format":"standard","meta":[],"categories":[51,53,49],"tags":[17022,58818,58819,29150,58825,58824,58822,52259,58063,727,58817,36261,53157,5971,56841,56842,58823,58820,34977,26829,58821],"views":494,"_links":{"self":[{"href":"https:\/\/www.enerjigazetesi.ist\/en\/wp-json\/wp\/v2\/posts\/101036"}],"collection":[{"href":"https:\/\/www.enerjigazetesi.ist\/en\/wp-json\/wp\/v2\/posts"}],"about":[{"href":"https:\/\/www.enerjigazetesi.ist\/en\/wp-json\/wp\/v2\/types\/post"}],"author":[{"embeddable":true,"href":"https:\/\/www.enerjigazetesi.ist\/en\/wp-json\/wp\/v2\/users\/1"}],"replies":[{"embeddable":true,"href":"https:\/\/www.enerjigazetesi.ist\/en\/wp-json\/wp\/v2\/comments?post=101036"}],"version-history":[{"count":0,"href":"https:\/\/www.enerjigazetesi.ist\/en\/wp-json\/wp\/v2\/posts\/101036\/revisions"}],"wp:featuredmedia":[{"embeddable":true,"href":"https:\/\/www.enerjigazetesi.ist\/en\/wp-json\/wp\/v2\/media\/101041"}],"wp:attachment":[{"href":"https:\/\/www.enerjigazetesi.ist\/en\/wp-json\/wp\/v2\/media?parent=101036"}],"wp:term":[{"taxonomy":"category","embeddable":true,"href":"https:\/\/www.enerjigazetesi.ist\/en\/wp-json\/wp\/v2\/categories?post=101036"},{"taxonomy":"post_tag","embeddable":true,"href":"https:\/\/www.enerjigazetesi.ist\/en\/wp-json\/wp\/v2\/tags?post=101036"}],"curies":[{"name":"wp","href":"https:\/\/api.w.org\/{rel}","templated":true}]}}