{"id":101025,"date":"2019-10-16T19:25:21","date_gmt":"2019-10-16T16:25:21","guid":{"rendered":"https:\/\/www.enerjigazetesi.ist\/?p=101025"},"modified":"2019-10-16T19:42:02","modified_gmt":"2019-10-16T16:42:02","slug":"ingiltere-2050ye-kadar-karbon-emisyonu-sifir-hedefinden-sapabilir","status":"publish","type":"post","link":"https:\/\/www.enerjigazetesi.ist\/en\/ingiltere-2050ye-kadar-karbon-emisyonu-sifir-hedefinden-sapabilir\/","title":{"rendered":"(Turkish) \u0130ngiltere, 2050&#8217;ye Kadar &#8216;Karbon Emisyonu S\u0131f\u0131r Hedefinden Sapabilir"},"content":{"rendered":"<p class=\"qtranxs-available-languages-message qtranxs-available-languages-message-en\">Sorry, this entry is only available in <a href=\"https:\/\/www.enerjigazetesi.ist\/tr\/wp-json\/wp\/v2\/posts\/101025\" class=\"qtranxs-available-language-link qtranxs-available-language-link-tr\" title=\"Turkish\">Turkish<\/a>. For the sake of viewer convenience, the content is shown below in the alternative language. You may click the link to switch the active language.<\/p><p><\/p>\n<h1><strong>\u0130ngiltere \u00e7evresel dan\u0131\u015fma kurulunun ilk de\u011ferlendirmelerine g\u00f6re, \u0130ngiltere 2050 y\u0131l\u0131na kadar ye\u015fil enerji kaynaklar\u0131n\u0131 daha ucuz hale getirecek d\u00fczenlemeler ve son ilanlardaki vergiler gibi konularda t\u00fcketici davran\u0131\u015flar\u0131n\u0131 de\u011fi\u015ftirecek acil \u00f6nlemler almad\u0131\u011f\u0131 s\u00fcrece karbon emisyonunu net s\u0131f\u0131r oran\u0131na indirme hedeflerine ula\u015famayacak.<img loading=\"lazy\" class=\"alignright wp-image-101029\" src=\"https:\/\/www.enerjigazetesi.ist\/wp-content\/uploads\/2019\/10\/ingiltere-2050ye-kadar-karbon-emisyonu-sifir-hedefinden-sapabilir.jpg\" alt=\"\" width=\"320\" height=\"195\" srcset=\"https:\/\/www.enerjigazetesi.ist\/wp-content\/uploads\/2019\/10\/ingiltere-2050ye-kadar-karbon-emisyonu-sifir-hedefinden-sapabilir.jpg 605w, https:\/\/www.enerjigazetesi.ist\/wp-content\/uploads\/2019\/10\/ingiltere-2050ye-kadar-karbon-emisyonu-sifir-hedefinden-sapabilir-300x182.jpg 300w, https:\/\/www.enerjigazetesi.ist\/wp-content\/uploads\/2019\/10\/ingiltere-2050ye-kadar-karbon-emisyonu-sifir-hedefinden-sapabilir-500x304.jpg 500w, https:\/\/www.enerjigazetesi.ist\/wp-content\/uploads\/2019\/10\/ingiltere-2050ye-kadar-karbon-emisyonu-sifir-hedefinden-sapabilir-80x50.jpg 80w\" sizes=\"(max-width: 320px) 100vw, 320px\" \/><\/strong><\/h1>\n<p>\u0130ngiltere\u2019nin \u0130klim De\u011fi\u015fikli\u011fi Komitesi taraf\u0131ndan haz\u0131rlanan rapor, k\u00fcresel sera gazlar\u0131n\u0131n yakla\u015f\u0131k d\u00f6rtte \u00fc\u00e7\u00fcne denk gelen hane t\u00fcketimini \u00e7\u00f6z\u00fcmlemek i\u00e7in \u00e7ok az \u015fey yap\u0131ld\u0131\u011f\u0131 konusunda uyard\u0131. 1990\u2019dan g\u00fcn\u00fcm\u00fcze \u0130ngiltere taraf\u0131ndan emisyonlarda yap\u0131lan <strong>%40 oran\u0131nda<\/strong> kesilmenin b\u00fcy\u00fck \u00f6l\u00e7\u00fcde elektrik temininin dekarbonizasyonu sonucunda oldu\u011funu da belirtti.<\/p>\n<p>Raporu yazan Imperial College London\u2019daki ara\u015ft\u0131rmac\u0131lar, h\u00fck\u00fcmetin davran\u0131\u015fsal de\u011fi\u015fiklikleri dayatmak i\u00e7in iddial\u0131 politika \u00f6nlemlerini kabul ettirerek halkla yak\u0131n ili\u015fkiler kurmas\u0131n\u0131 istedi. \u00d6nerilen \u00f6nlemler, \u015fu s\u0131ralar <strong>fosil yak\u0131tlar<\/strong> taraf\u0131ndan \u00fcretilenden daha pahal\u0131 olan <strong>d\u00fc\u015f\u00fck karbonlu elektri\u011fin<\/strong> kesilmesine m\u00fcdahale edilmesi gibi konular\u0131 i\u00e7ermekte.<\/p>\n<p><strong>Kaynak:<\/strong>\u00a0<a href=\"https:\/\/www.ft.com\/content\/6fb7fce0-ec37-11e9-a240-3b065ef5fc55\" target=\"_blank\" rel=\"noopener\">Financial Times<\/a>\u00a0&#8211; <strong>Haz\u0131rlayan: <\/strong><a href=\"https:\/\/www.dunyaenerji.org.tr\/ingiltere-2050-yilina-kadar-karbon-emisyonunu-net-sifir-oranina-dusurme-hedefini-kacirmaya-basliyor\/\" target=\"_blank\" rel=\"noopener\">D\u00fcnya Enerji Konseyi T\u00fcrk Milli Komitesi<\/a><\/p>","protected":false},"excerpt":{"rendered":"<p>Sorry, this entry is only available in Turkish. For the sake of viewer convenience, the content is shown below in the alternative language. You may click the link to switch the active language. \u0130ngiltere \u00e7evresel dan\u0131\u015fma kurulunun ilk de\u011ferlendirmelerine g\u00f6re, \u0130ngiltere 2050 y\u0131l\u0131na kadar ye\u015fil enerji kaynaklar\u0131n\u0131 daha ucuz hale getirecek d\u00fczenlemeler ve son ilanlardaki [&hellip;]<\/p>\n","protected":false},"author":1,"featured_media":101029,"comment_status":"open","ping_status":"open","sticky":false,"template":"","format":"standard","meta":[],"categories":[53,52],"tags":[58812,58811,52259,26559,41429,41292,1092,3344,58813,58810,58809,793],"views":368,"_links":{"self":[{"href":"https:\/\/www.enerjigazetesi.ist\/en\/wp-json\/wp\/v2\/posts\/101025"}],"collection":[{"href":"https:\/\/www.enerjigazetesi.ist\/en\/wp-json\/wp\/v2\/posts"}],"about":[{"href":"https:\/\/www.enerjigazetesi.ist\/en\/wp-json\/wp\/v2\/types\/post"}],"author":[{"embeddable":true,"href":"https:\/\/www.enerjigazetesi.ist\/en\/wp-json\/wp\/v2\/users\/1"}],"replies":[{"embeddable":true,"href":"https:\/\/www.enerjigazetesi.ist\/en\/wp-json\/wp\/v2\/comments?post=101025"}],"version-history":[{"count":0,"href":"https:\/\/www.enerjigazetesi.ist\/en\/wp-json\/wp\/v2\/posts\/101025\/revisions"}],"wp:featuredmedia":[{"embeddable":true,"href":"https:\/\/www.enerjigazetesi.ist\/en\/wp-json\/wp\/v2\/media\/101029"}],"wp:attachment":[{"href":"https:\/\/www.enerjigazetesi.ist\/en\/wp-json\/wp\/v2\/media?parent=101025"}],"wp:term":[{"taxonomy":"category","embeddable":true,"href":"https:\/\/www.enerjigazetesi.ist\/en\/wp-json\/wp\/v2\/categories?post=101025"},{"taxonomy":"post_tag","embeddable":true,"href":"https:\/\/www.enerjigazetesi.ist\/en\/wp-json\/wp\/v2\/tags?post=101025"}],"curies":[{"name":"wp","href":"https:\/\/api.w.org\/{rel}","templated":true}]}}