{"id":100950,"date":"2019-10-15T13:36:21","date_gmt":"2019-10-15T10:36:21","guid":{"rendered":"https:\/\/www.enerjigazetesi.ist\/?p=100950"},"modified":"2019-10-15T13:36:21","modified_gmt":"2019-10-15T10:36:21","slug":"ruzgar-enerjisinde-merkez-olan-avrupanin-kapasite-buyumesi-risk-altinda","status":"publish","type":"post","link":"https:\/\/www.enerjigazetesi.ist\/en\/ruzgar-enerjisinde-merkez-olan-avrupanin-kapasite-buyumesi-risk-altinda\/","title":{"rendered":"(Turkish) R\u00fczgar Enerjisi&#8217;nde Merkez Olan Avrupa&#8217;n\u0131n Kapasite B\u00fcy\u00fcmesi Risk Alt\u0131nda"},"content":{"rendered":"<p class=\"qtranxs-available-languages-message qtranxs-available-languages-message-en\">Sorry, this entry is only available in <a href=\"https:\/\/www.enerjigazetesi.ist\/tr\/wp-json\/wp\/v2\/posts\/100950\" class=\"qtranxs-available-language-link qtranxs-available-language-link-tr\" title=\"Turkish\">Turkish<\/a>. For the sake of viewer convenience, the content is shown below in the alternative language. You may click the link to switch the active language.<\/p><p><\/p>\n<h1><strong>Avrupa\u2019da r\u00fczgar enerjisine dair geli\u015fmelerde belirsizlikler s\u00fcrerken yay\u0131nlanan 5 y\u0131ll\u0131k \u00f6ng\u00f6r\u00fc raporunda, gerekli ad\u0131mlar\u0131n at\u0131lmas\u0131na ba\u011fl\u0131 olarak y\u0131ll\u0131k r\u00fczgar enerji kapasite art\u0131\u015f\u0131nda \u00f6nemli de\u011fi\u015fiklikler olabilece\u011fi \u00f6ng\u00f6r\u00fcl\u00fcyor. Yurti\u00e7i ve yurtd\u0131\u015f\u0131ndaki r\u00fczgar enerjisi santrallerine servis hizmetleri sunan \u00dclke Enerji\u2019nin Genel M\u00fcd\u00fcr\u00fc Ali Ayd\u0131n\u2019a g\u00f6re, gelece\u011fin enerjisinde s\u00f6z sahibi olmak i\u00e7in T\u00fcrkiye\u2019nin istikrarl\u0131 bir \u015fekilde gerekli d\u00fczenlemeleri ve yat\u0131r\u0131mlar\u0131 ger\u00e7ekle\u015ftirmesi gerekiyor.<\/strong><\/h1>\n<p>Gelece\u011fin enerjisi olarak g\u00f6r\u00fclen r\u00fczgar enerjisinin Avrupa\u2019daki geli\u015fiminde belirsizlikler ba\u015f g\u00f6steriyor. <img loading=\"lazy\" class=\"alignright wp-image-100952\" src=\"https:\/\/www.enerjigazetesi.ist\/wp-content\/uploads\/2019\/10\/ruzgar-enerjisinde-merkez-olan-avrupanin-kapasite-buyumesi-risk-altinda-2.jpg\" alt=\"\" width=\"320\" height=\"256\" srcset=\"https:\/\/www.enerjigazetesi.ist\/wp-content\/uploads\/2019\/10\/ruzgar-enerjisinde-merkez-olan-avrupanin-kapasite-buyumesi-risk-altinda-2.jpg 610w, https:\/\/www.enerjigazetesi.ist\/wp-content\/uploads\/2019\/10\/ruzgar-enerjisinde-merkez-olan-avrupanin-kapasite-buyumesi-risk-altinda-2-300x240.jpg 300w, https:\/\/www.enerjigazetesi.ist\/wp-content\/uploads\/2019\/10\/ruzgar-enerjisinde-merkez-olan-avrupanin-kapasite-buyumesi-risk-altinda-2-500x400.jpg 500w, https:\/\/www.enerjigazetesi.ist\/wp-content\/uploads\/2019\/10\/ruzgar-enerjisinde-merkez-olan-avrupanin-kapasite-buyumesi-risk-altinda-2-63x50.jpg 63w\" sizes=\"(max-width: 320px) 100vw, 320px\" \/>WindEurope\u2019un 2023 R\u00fczgar Enerjisi G\u00f6r\u00fcn\u00fcm\u00fc raporuna g\u00f6re, Avrupa\u2019n\u0131n r\u00fczgar enerji kapasitesinin geli\u015fimi gerekli ad\u0131mlar\u0131n at\u0131lmas\u0131 halinde <strong>88 GW<\/strong> artarak <strong>277 GW<\/strong> olabilir. Ancak ayn\u0131 rapora g\u00f6re, Avrupa h\u00fck\u00fcmetlerinin ulusal enerji ve iklim planlar\u0131ndaki belirsizlikler, gerekli d\u00fczenleme izinleri ve yat\u0131r\u0131mlar\u0131n gecikmesi, Avrupa\u2019y\u0131 hedeflenen seviyeden uzakla\u015ft\u0131r\u0131yor. T\u00fcrkiye\u2019nin sahip oldu\u011fu r\u00fczgar enerjisi kapasitesi i\u00e7in \u00f6nemli ad\u0131mlar atmas\u0131n\u0131n gerekti\u011fini belirten \u00dclke Enerji Genel M\u00fcd\u00fcr\u00fc Ali Ayd\u0131n, gelecek <strong>5 y\u0131ll\u0131k s\u00fcre\u00e7te<\/strong> r\u00fczgar enerjisinin T\u00fcrkiye\u2019deki geli\u015fimi i\u00e7in de gerekli d\u00fczenlemelerin yap\u0131lmas\u0131 ve yat\u0131r\u0131mlar\u0131n devam etmesi gerekti\u011fine inan\u0131yor.<\/p>\n<h2><strong>Y\u0131ll\u0131k Kapasite 13 GW ile 22 GW Aras\u0131nda Olabilir<\/strong><strong><br \/>\n<\/strong><\/h2>\n<p>WindEurope\u2019un ger\u00e7ekle\u015ftirdi\u011fi \u00e7al\u0131\u015fmaya g\u00f6re, 2023&#8217;e kadar y\u0131ll\u0131k yeni r\u00fczgar enerjisi kapasitesinin 13GW ile 22GW aras\u0131nda de\u011fi\u015febilece\u011fi \u00f6ng\u00f6r\u00fcl\u00fcyor. Avrupa h\u00fck\u00fcmetlerinin ulusal enerji planlamalar\u0131ndaki gerekli d\u00fczenlemelerine ve yat\u0131r\u0131mlar\u0131na ba\u011fl\u0131 olarak b\u00fcy\u00fcme oranlar\u0131n\u0131n de\u011fi\u015fece\u011fi belirtilen raporda, en k\u00f6t\u00fc senaryo olarak 5 y\u0131ll\u0131k s\u00fcre\u00e7te 67 GW kurulumun ger\u00e7ekle\u015febilece\u011fi dile getiriliyor. Avrupa\u2019daki d\u00fczenlemeler ve yat\u0131r\u0131mlarla ilgili belirsizliklerin r\u00fczgar enerjisinin geli\u015fimine olumsuz yans\u0131yaca\u011f\u0131n\u0131 belirten Ali Ayd\u0131n, \u201cBu belirsizlikler, enerji tedarik zincirine darbe vurabilirken, son y\u0131llarda elde edilen \u00f6nemli maliyet indirimlerini de etkileyebilir.\u201d ifadelerinde bulundu.<\/p>\n<h2><strong>Yeni Tesislere 208 Milyar Euro Yat\u0131r\u0131m Yap\u0131lacak<\/strong><\/h2>\n<p>2023\u2019teki R\u00fczgar Enerjisi G\u00f6r\u00fcn\u00fcm\u00fc raporuna g\u00f6re, yeni tesislerin 4\u2019te 3\u2019\u00fc kara r\u00fczgar\u0131na y\u00f6nelik olacak. Avrupa&#8217;da yeni r\u00fczgar enerjisi varl\u0131klar\u0131na 2023 y\u0131l\u0131na kadar 208 milyar euro yat\u0131r\u0131m\u0131n yap\u0131laca\u011f\u0131 \u00f6ng\u00f6r\u00fcl\u00fcrken, Almanya, \u0130spanya ve \u0130ngiltere\u2019nin 2023 y\u0131l\u0131na kadar hala en fazla r\u00fczgar enerjisi kapasitesine sahip \u00fclkeler olaca\u011f\u0131 g\u00f6r\u00fcl\u00fcyor. B\u00fcy\u00fcmenin Almanya\u2019da yava\u015flayaca\u011f\u0131, Fransa, \u0130spanya ve \u0130sve\u00e7\u2019te ise h\u0131zlanaca\u011f\u0131 da belirtildi. \u00d6zellikle r\u00fczgar enerjisinde \u00f6nemli bir kapasiteye sahip olan Almanya\u2019n\u0131n b\u00fcy\u00fcme h\u0131z\u0131n\u0131n yava\u015flamas\u0131na dikkat \u00e7eken Ali Ayd\u0131n, \u201cAlmanya gibi r\u00fczgar enerjisinde s\u00f6z sahibi olan bir \u00fclkenin b\u00fcy\u00fcmedeki yava\u015flamas\u0131n\u0131n ana nedenlerini r\u00fczgar enerjisindeki gerekli olan izin ve d\u00fczenlemeler ile te\u015fviklerin d\u00fc\u015f\u00fck seviyede kalmas\u0131 olarak g\u00f6r\u00fcyorum. R\u00fczgar enerjisine dair kalk\u0131nmam\u0131z\u0131 planlarken Avrupa \u00fclkelerinin sahip oldu\u011fu belirsizliklerden ders \u00e7\u0131kartarak do\u011fru at\u0131l\u0131mlar yapmam\u0131z gerekiyor.\u201d a\u00e7\u0131klamalar\u0131nda bulundu.<\/p>\n<h2><strong>R\u00fczgar Enerjisinin Geli\u015fimi Ekonomiyi De Etkiliyor<\/strong><\/h2>\n<p>Avrupa\u2019daki r\u00fczgar enerjisinden do\u011fan ekonomik istihdam, yap\u0131lan yat\u0131r\u0131mlarla \u00f6nemli kazan\u0131mlara d\u00f6n\u00fc\u015f\u00fcyor. Gelece\u011fin enerjileri aras\u0131nda en ucuz yenilenebilir enerji olarak s\u0131yr\u0131lan r\u00fczgar enerjisi, kamu ve \u00f6zel sekt\u00f6r dahilinde \u00f6nemli ekonomik kazan\u0131mlar sa\u011flayarak daha \u00e7evreci bir ekonomiyi de beraberinde in\u015fa ediyor. Ancak <strong>300 bin ki\u015filik<\/strong> bir <strong>istihdama<\/strong> yol a\u00e7an r\u00fczgar enerjisindeki yat\u0131r\u0131mlar\u0131n durmas\u0131 ise ekonomilerde olumsuz sonu\u00e7lar\u0131n do\u011fmas\u0131na neden olabilir. \u00d6zellikle Almanya\u2019da son 4 y\u0131l i\u00e7erisinde 35 bin ki\u015finin i\u015f kayb\u0131na u\u011framas\u0131, <strong>r\u00fczgar enerjisinin geli\u015fimindeki<\/strong> aksamalar\u0131n hangi boyutta zarar verebilece\u011fini g\u00f6steriyor.<\/p>","protected":false},"excerpt":{"rendered":"<p>Sorry, this entry is only available in Turkish. For the sake of viewer convenience, the content is shown below in the alternative language. You may click the link to switch the active language. Avrupa\u2019da r\u00fczgar enerjisine dair geli\u015fmelerde belirsizlikler s\u00fcrerken yay\u0131nlanan 5 y\u0131ll\u0131k \u00f6ng\u00f6r\u00fc raporunda, gerekli ad\u0131mlar\u0131n at\u0131lmas\u0131na ba\u011fl\u0131 olarak y\u0131ll\u0131k r\u00fczgar enerji kapasite art\u0131\u015f\u0131nda [&hellip;]<\/p>\n","protected":false},"author":1,"featured_media":100953,"comment_status":"open","ping_status":"open","sticky":false,"template":"","format":"standard","meta":[],"categories":[51,53,50],"tags":[58737,45446,52674,52259,3563,58738,58736,52689,58735,45592,34977,45445,58739,29054,26829],"views":495,"_links":{"self":[{"href":"https:\/\/www.enerjigazetesi.ist\/en\/wp-json\/wp\/v2\/posts\/100950"}],"collection":[{"href":"https:\/\/www.enerjigazetesi.ist\/en\/wp-json\/wp\/v2\/posts"}],"about":[{"href":"https:\/\/www.enerjigazetesi.ist\/en\/wp-json\/wp\/v2\/types\/post"}],"author":[{"embeddable":true,"href":"https:\/\/www.enerjigazetesi.ist\/en\/wp-json\/wp\/v2\/users\/1"}],"replies":[{"embeddable":true,"href":"https:\/\/www.enerjigazetesi.ist\/en\/wp-json\/wp\/v2\/comments?post=100950"}],"version-history":[{"count":0,"href":"https:\/\/www.enerjigazetesi.ist\/en\/wp-json\/wp\/v2\/posts\/100950\/revisions"}],"wp:featuredmedia":[{"embeddable":true,"href":"https:\/\/www.enerjigazetesi.ist\/en\/wp-json\/wp\/v2\/media\/100953"}],"wp:attachment":[{"href":"https:\/\/www.enerjigazetesi.ist\/en\/wp-json\/wp\/v2\/media?parent=100950"}],"wp:term":[{"taxonomy":"category","embeddable":true,"href":"https:\/\/www.enerjigazetesi.ist\/en\/wp-json\/wp\/v2\/categories?post=100950"},{"taxonomy":"post_tag","embeddable":true,"href":"https:\/\/www.enerjigazetesi.ist\/en\/wp-json\/wp\/v2\/tags?post=100950"}],"curies":[{"name":"wp","href":"https:\/\/api.w.org\/{rel}","templated":true}]}}