{"id":100885,"date":"2019-10-14T12:08:46","date_gmt":"2019-10-14T09:08:46","guid":{"rendered":"https:\/\/www.enerjigazetesi.ist\/?p=100885"},"modified":"2019-10-14T12:09:53","modified_gmt":"2019-10-14T09:09:53","slug":"tarihin-sifir-noktasi-olan-gobeklitepeye-prysmian-kablo-hayat-veriyor","status":"publish","type":"post","link":"https:\/\/www.enerjigazetesi.ist\/en\/tarihin-sifir-noktasi-olan-gobeklitepeye-prysmian-kablo-hayat-veriyor\/","title":{"rendered":"(Turkish) Tarihin S\u0131f\u0131r Noktas\u0131 Olan G\u00f6beklitepe\u2019ye Prysmian Kablo Hayat Veriyor"},"content":{"rendered":"<p class=\"qtranxs-available-languages-message qtranxs-available-languages-message-en\">Sorry, this entry is only available in <a href=\"https:\/\/www.enerjigazetesi.ist\/tr\/wp-json\/wp\/v2\/posts\/100885\" class=\"qtranxs-available-language-link qtranxs-available-language-link-tr\" title=\"Turkish\">Turkish<\/a>. For the sake of viewer convenience, the content is shown below in the alternative language. You may click the link to switch the active language.<\/p><p><\/p>\n<h1><strong>T\u00fcrk Prysmian Kablo taraf\u0131ndan 12 bin y\u0131ll\u0131k tarihiyle UNESCO D\u00fcnya Miras\u0131 Listesi\u2019ne giren \u015eanl\u0131urfa\u2019daki G\u00f6beklitepe\u2019nin kablo tedari\u011fi yap\u0131larak h\u0131zl\u0131 ve g\u00fcvenli enerji ileti\u015fimi sa\u011flan\u0131yor.<\/strong><\/h1>\n<p><strong>Prysmian Group<\/strong>\u2019un T\u00fcrkiye operasyonu <strong>T\u00fcrk Prysmian Kablo<\/strong> taraf\u0131ndan yap\u0131lan a\u00e7\u0131klamaya g\u00f6re, d\u00fcnya miras\u0131 kabul edilen G\u00f6beklitepe\u2019ye yeni nesil, yang\u0131na kar\u015f\u0131 g\u00fcvenli kablolar\u0131yla enerji sa\u011fland\u0131\u011f\u0131 <img loading=\"lazy\" class=\"alignright wp-image-100888\" src=\"https:\/\/www.enerjigazetesi.ist\/wp-content\/uploads\/2019\/10\/tarihin-sifir-noktasi-olan-gobeklitepeye-prysmian-kablo-hayat-veriyor.jpg\" alt=\"\" width=\"320\" height=\"213\" srcset=\"https:\/\/www.enerjigazetesi.ist\/wp-content\/uploads\/2019\/10\/tarihin-sifir-noktasi-olan-gobeklitepeye-prysmian-kablo-hayat-veriyor.jpg 732w, https:\/\/www.enerjigazetesi.ist\/wp-content\/uploads\/2019\/10\/tarihin-sifir-noktasi-olan-gobeklitepeye-prysmian-kablo-hayat-veriyor-300x200.jpg 300w, https:\/\/www.enerjigazetesi.ist\/wp-content\/uploads\/2019\/10\/tarihin-sifir-noktasi-olan-gobeklitepeye-prysmian-kablo-hayat-veriyor-500x333.jpg 500w, https:\/\/www.enerjigazetesi.ist\/wp-content\/uploads\/2019\/10\/tarihin-sifir-noktasi-olan-gobeklitepeye-prysmian-kablo-hayat-veriyor-75x50.jpg 75w, https:\/\/www.enerjigazetesi.ist\/wp-content\/uploads\/2019\/10\/tarihin-sifir-noktasi-olan-gobeklitepeye-prysmian-kablo-hayat-veriyor-450x300.jpg 450w\" sizes=\"(max-width: 320px) 100vw, 320px\" \/>kaydedildi. T\u00fcrk Prysmian Kablo, tarihin s\u0131f\u0131r noktas\u0131 kabul edilen d\u00fcnya miras\u0131na \u00f6nemli bir katk\u0131da bulundu. <strong>T\u00fcrk Prysmian Kablo<\/strong> her y\u0131l geleneksel olarak d\u00fczenledi\u011fi <strong>Yetkili Sat\u0131c\u0131lar Toplant\u0131s\u0131\u2019n\u0131<\/strong> da bu y\u0131l \u015eanl\u0131urfa\u2019da ger\u00e7ekle\u015ftirdi ve <strong>A-Tak\u0131m\u0131 yetkili sat\u0131c\u0131lar\u0131na<\/strong> da <strong>G\u00f6beklitepe\u2019nin<\/strong> tarihi dokusunu tan\u0131tma f\u0131rsat\u0131na sahip oldu.<\/p>\n<p>D\u00fcnyan\u0131n bu en \u00f6nemli emanetinin do\u011fdu\u011fu topraklarda korunarak, en iyi \u015fekilde de\u011ferlendirilmesinin gelecek nesiller i\u00e7in \u00e7ok \u00f6nemli oldu\u011funu s\u00f6yleyen <strong>T\u00fcrk Prysmian Kablo<\/strong> CEO\u2019su <strong>Cinzia Faris\u00e8<\/strong>, <strong>\u201cT\u00fcrkiye\u2019yi Yar\u0131nlara Ba\u011fl\u0131yoruz\u201d<\/strong> misyonumuzu pek \u00e7ok mega projenin yan\u0131 s\u0131ra <strong>G\u00f6beklitepe\u2019de<\/strong> de yenilik\u00e7i \u00fcr\u00fcn ve \u00e7\u00f6z\u00fcmlerimizle hayata ge\u00e7irmek bizim i\u00e7in b\u00fcy\u00fck bir onur. <strong>Anadolu\u2019nun<\/strong> bu en \u00f6nemli arma\u011fan\u0131n\u0131 en iyi \u015fekilde korumak ve gelece\u011fe ta\u015f\u0131mak i\u00e7in yeni nesil, <strong>yang\u0131na kar\u015f\u0131 dayan\u0131kl\u0131 kablolar\u0131m\u0131zla donatarak<\/strong>, h\u0131zl\u0131 ve g\u00fcvenli <strong>enerji ve telekom\u00fcnikasyon ileti\u015fimini<\/strong> sa\u011flad\u0131k. G\u00f6beklitepe bizim i\u00e7in anlaml\u0131 bir proje ve <strong>T\u00fcrk Prysmian Kablo<\/strong> olarak bu e\u015fsiz yerde imzam\u0131z\u0131n olmas\u0131 bizi hem heyecanland\u0131r\u0131yor hem de mutluluk veriyor. Ayn\u0131 zamanda <strong>\u201cG\u00f6beklitepe Y\u0131l\u0131\u201d<\/strong> olan <strong>2019 y\u0131l\u0131nda<\/strong>, yetkili sat\u0131c\u0131lar\u0131m\u0131zla da burada bulu\u015fmay\u0131 tercih ettik ve buran\u0131n e\u015fsiz g\u00fczelli\u011fini \u00f6zellikle ya\u015famalar\u0131n\u0131 istedik.\u201d diye konu\u015ftu.<\/p>\n<h2><strong>D\u00fcnya miras\u0131na al\u0131nan 12 bin y\u0131ll\u0131k tarih<\/strong><\/h2>\n<p>2018 y\u0131l\u0131nda <strong>UNESCO D\u00fcnya Miras\u0131 Listesi<\/strong>\u2019ne giren <strong>G\u00f6beklitepe<\/strong> i\u00e7in T\u00fcrkiye\u2019de de <strong>\u201c2019 y\u0131l\u0131 G\u00f6beklitepe Y\u0131l\u0131\u201d<\/strong> ilan edildi. Hen\u00fcz k\u00fc\u00e7\u00fck bir b\u00f6l\u00fcm\u00fc ortaya \u00e7\u0131kar\u0131lan <strong>G\u00f6beklitepe<\/strong> ziyarete a\u00e7\u0131ld\u0131; ancak, kaz\u0131lar ise s\u00fcr\u00fcyor.<\/p>\n<h2><strong>Yenilik\u00e7i kablolar tarihe de hayat veriyor<\/strong><\/h2>\n<p>T<strong>eknoloji ve \u00fcretim kapasitesini art\u0131rmaya<\/strong> y\u00f6nelik <strong>1964&#8217;ten g\u00fcn\u00fcm\u00fcze<\/strong> kadar bir\u00e7ok yat\u0131r\u0131m\u0131 ger\u00e7ekle\u015ftiren T\u00fcrk Prysmian Kablo, <strong>Mudanya\u2019daki<\/strong> fabrikas\u0131nda <strong>22 bin farkl\u0131 kablo<\/strong> \u00fcretebiliyor. 220 kV\u2019a kadar t\u00fcm <strong>enerji kablolar\u0131<\/strong>, <strong>3 bin 600 \u00e7ifte<\/strong> kadar <strong>bak\u0131r iletkenli haberle\u015fme kablolar\u0131<\/strong>, <strong>fiber optik kablolar<\/strong>, end\u00fcstriyel uygulamalarda kullan\u0131lan \u00f6zel kablolar da T\u00fcrk Prysmian Kablo\u2019nun imzas\u0131n\u0131 ta\u015f\u0131yor.<\/p>","protected":false},"excerpt":{"rendered":"<p>Sorry, this entry is only available in Turkish. For the sake of viewer convenience, the content is shown below in the alternative language. You may click the link to switch the active language. T\u00fcrk Prysmian Kablo taraf\u0131ndan 12 bin y\u0131ll\u0131k tarihiyle UNESCO D\u00fcnya Miras\u0131 Listesi\u2019ne giren \u015eanl\u0131urfa\u2019daki G\u00f6beklitepe\u2019nin kablo tedari\u011fi yap\u0131larak h\u0131zl\u0131 ve g\u00fcvenli enerji [&hellip;]<\/p>\n","protected":false},"author":1,"featured_media":100888,"comment_status":"open","ping_status":"open","sticky":false,"template":"","format":"standard","meta":[],"categories":[51,53],"tags":[58633,58629,58627,53114,58635,58632,52259,58634,58625,58637,58630,58626,58631,36222,2097,58638,45696,58624,58636,58628],"views":550,"_links":{"self":[{"href":"https:\/\/www.enerjigazetesi.ist\/en\/wp-json\/wp\/v2\/posts\/100885"}],"collection":[{"href":"https:\/\/www.enerjigazetesi.ist\/en\/wp-json\/wp\/v2\/posts"}],"about":[{"href":"https:\/\/www.enerjigazetesi.ist\/en\/wp-json\/wp\/v2\/types\/post"}],"author":[{"embeddable":true,"href":"https:\/\/www.enerjigazetesi.ist\/en\/wp-json\/wp\/v2\/users\/1"}],"replies":[{"embeddable":true,"href":"https:\/\/www.enerjigazetesi.ist\/en\/wp-json\/wp\/v2\/comments?post=100885"}],"version-history":[{"count":0,"href":"https:\/\/www.enerjigazetesi.ist\/en\/wp-json\/wp\/v2\/posts\/100885\/revisions"}],"wp:featuredmedia":[{"embeddable":true,"href":"https:\/\/www.enerjigazetesi.ist\/en\/wp-json\/wp\/v2\/media\/100888"}],"wp:attachment":[{"href":"https:\/\/www.enerjigazetesi.ist\/en\/wp-json\/wp\/v2\/media?parent=100885"}],"wp:term":[{"taxonomy":"category","embeddable":true,"href":"https:\/\/www.enerjigazetesi.ist\/en\/wp-json\/wp\/v2\/categories?post=100885"},{"taxonomy":"post_tag","embeddable":true,"href":"https:\/\/www.enerjigazetesi.ist\/en\/wp-json\/wp\/v2\/tags?post=100885"}],"curies":[{"name":"wp","href":"https:\/\/api.w.org\/{rel}","templated":true}]}}