{"id":100874,"date":"2019-10-14T10:20:25","date_gmt":"2019-10-14T07:20:25","guid":{"rendered":"https:\/\/www.enerjigazetesi.ist\/?p=100874"},"modified":"2019-10-14T10:20:25","modified_gmt":"2019-10-14T07:20:25","slug":"kucukler-buyuklere-trafikte-kucuk-hata-yoktur-diyecek","status":"publish","type":"post","link":"https:\/\/www.enerjigazetesi.ist\/en\/kucukler-buyuklere-trafikte-kucuk-hata-yoktur-diyecek\/","title":{"rendered":"(Turkish) K\u00fc\u00e7\u00fckler, B\u00fcy\u00fcklere &#8216;Trafikte K\u00fc\u00e7\u00fck Hata Yoktur&#8217; Diyecek"},"content":{"rendered":"<p class=\"qtranxs-available-languages-message qtranxs-available-languages-message-en\">Sorry, this entry is only available in <a href=\"https:\/\/www.enerjigazetesi.ist\/tr\/wp-json\/wp\/v2\/posts\/100874\" class=\"qtranxs-available-language-link qtranxs-available-language-link-tr\" title=\"Turkish\">Turkish<\/a>. For the sake of viewer convenience, the content is shown below in the alternative language. You may click the link to switch the active language.<\/p><p><\/p>\n<h1><strong>Milli E\u011fitim Bakanl\u0131\u011f\u0131, \u0130stanbul Ticaret \u00dcniversitesi ve Shell T\u00fcrkiye\u2019nin ba\u015flatt\u0131\u011f\u0131 projeyle K\u00fc\u00e7\u00fckler, b\u00fcy\u00fcklere \u2018Trafikte K\u00fc\u00e7\u00fck Hata Yoktur\u2019 diyecek.<\/strong><\/h1>\n<p>&nbsp;<\/p>\n<h2><strong>Milli E\u011fitim Bakanl\u0131\u011f\u0131, \u0130stanbul Ticaret \u00dcniversitesi ve Shell T\u00fcrkiye \u00e7ocuklar\u0131n trafik alan\u0131nda bilin\u00e7lendirilmesini sa\u011flamak amac\u0131yla <\/strong>\u201c<strong>Trafikte K\u00fc\u00e7\u00fck Hata Yoktur<\/strong>\u201d <strong>sosyal yat\u0131r\u0131m projesini ba\u015flatt\u0131. Proje ile 2019-2020 e\u011fitim \u00f6\u011fretim y\u0131l\u0131nda 3-11 ya\u015f aras\u0131ndaki \u00e7ocuklar ile ailelerinde trafik kurallar\u0131 hakk\u0131nda fark\u0131ndal\u0131k olu\u015fturulmas\u0131 hedefleniyor. <\/strong><\/h2>\n<p>T\u00dcRK\u0130YE\u2019N\u0130N \u00f6nemli sorunlar\u0131 aras\u0131nda yer alan trafik kazalar\u0131na dikkat \u00e7ekmek ve \u00e7ocuklara trafik kurallar\u0131n\u0131 \u00f6\u011fretmek amac\u0131yla <strong>Milli E\u011fitim Bakanl\u0131\u011f\u0131, \u0130stanbul Ticaret \u00dcniversitesi ve Shell T\u00fcrkiye <\/strong>\u201c<strong>Trafikte K\u00fc\u00e7\u00fck Hata Yoktur<\/strong>\u201d projesini ba\u015flatt\u0131.<\/p>\n<p><strong><img loading=\"lazy\" class=\"alignright wp-image-100876\" src=\"https:\/\/www.enerjigazetesi.ist\/wp-content\/uploads\/2019\/10\/kucukler-buyuklere-trafikte-kucuk-hata-yoktur-diyecek-1.jpg\" alt=\"\" width=\"320\" height=\"240\" srcset=\"https:\/\/www.enerjigazetesi.ist\/wp-content\/uploads\/2019\/10\/kucukler-buyuklere-trafikte-kucuk-hata-yoktur-diyecek-1.jpg 651w, https:\/\/www.enerjigazetesi.ist\/wp-content\/uploads\/2019\/10\/kucukler-buyuklere-trafikte-kucuk-hata-yoktur-diyecek-1-300x225.jpg 300w, https:\/\/www.enerjigazetesi.ist\/wp-content\/uploads\/2019\/10\/kucukler-buyuklere-trafikte-kucuk-hata-yoktur-diyecek-1-500x375.jpg 500w, https:\/\/www.enerjigazetesi.ist\/wp-content\/uploads\/2019\/10\/kucukler-buyuklere-trafikte-kucuk-hata-yoktur-diyecek-1-67x50.jpg 67w\" sizes=\"(max-width: 320px) 100vw, 320px\" \/>Trafikte K\u00fc\u00e7\u00fck Hata Yoktur <\/strong>projesinin tan\u0131t\u0131m toplant\u0131s\u0131, <strong>12 Ekim 2019<\/strong> tarihinde <strong>Milli E\u011fitim Bakan\u0131 Ziya Sel\u00e7uk, \u0130stanbul Ticaret \u00dcniversitesi \u00d6\u011fretim \u00dcyesi Prof. Dr. Mustafa Il\u0131cal\u0131 <\/strong>ve <strong>Shell &amp; Turcas CEO\u2019su Felix Faber\u2019in <\/strong>kat\u0131l\u0131m\u0131yla <strong>\u0130stanbul\u2019da<\/strong> yap\u0131ld\u0131.<\/p>\n<p>\u0130lk etapta \u0130stanbul\u2019da uygulanacak <strong>\u201cTrafikte K\u00fc\u00e7\u00fck Hata Yoktur\u201d<\/strong> sosyal yat\u0131r\u0131m projesi ile 8 ay i\u00e7inde 39 il\u00e7edeki 120 okulda 3-11 ya\u015f aras\u0131ndaki toplam 70 bin \u00e7ocu\u011fa ve dolayl\u0131 olarak ailelerine trafik kurallar\u0131 hakk\u0131nda e\u011fitim verilmesi hedefleniyor. <strong>2019-2020 \u00f6\u011fretim y\u0131l\u0131nda<\/strong> hayata ge\u00e7irilecek ve proje kapsam\u0131nda \u00f6\u011frencilerde <strong>trafik bilinci olu\u015fturmak<\/strong> amac\u0131 ile okullarda <strong>tiyatro g\u00f6sterileri<\/strong> yap\u0131lacak.<\/p>\n<p>Ayr\u0131ca projenin uyguland\u0131\u011f\u0131 her okulda \u00f6\u011fretmenlere ve velilere seminer verilecek. <strong>Milli E\u011fitim Bakanl\u0131\u011f\u0131, \u0130stanbul Ticaret \u00dcniversitesi<\/strong> ve <strong>Shell T\u00fcrkiye<\/strong> taraf\u0131ndan verilecek e\u011fitici seminerlerde <strong>trafik kazalar\u0131n\u0131n<\/strong> y\u0131k\u0131c\u0131 sonu\u00e7lar\u0131 ve al\u0131nabilecek \u00f6nlemler anlat\u0131lacak. Bu seminerler ile \u00f6\u011frencilerin yan\u0131 s\u0131ra aileler ve \u00f6\u011fretmenlere de trafik bilinci kazand\u0131r\u0131larak, toplumsal d\u00fczeyde katk\u0131 sa\u011flanacak. Projenin birinci y\u0131l\u0131nda <strong>\u0130stanbul\u2019da \u00f6\u011frenciler, veliler ve di\u011fer aile fertleri<\/strong> ile ortalama 300 bin ki\u015fiye ula\u015f\u0131lmaya planlan\u0131yor.<\/p>\n<p>Projenin tan\u0131t\u0131m toplant\u0131s\u0131nda konu\u015fan<strong> Milli E\u011fitim Bakan\u0131 Ziya Sel\u00e7uk <\/strong>\u015funlar\u0131 s\u00f6yledi<strong>: \u201cG\u00fcn\u00fcm\u00fczde ya\u015fanan bireysel ve toplumsal sorunlar\u0131n en \u00f6nemlilerinden biri de hi\u00e7 ku\u015fkusuz trafik sorunudur. Son y\u0131llarda teknolojik ilerlemeler ve altyap\u0131 eksikliklerinin giderilmesine ra\u011fmen, kural ihlalleri sebebiyle kazalar olu\u015fmaktad\u0131r. \u00c7ocuklar\u0131n trafik e\u011fitimi konusunda \u0130\u00e7i\u015fleri Bakanl\u0131\u011f\u0131 ile orijinal projeler yap\u0131yoruz. Tedbirler al\u0131nd\u0131k\u00e7a \u00f6l\u00fcml\u00fc ve yaralanmal\u0131 kazalarda azalmalar oluyor. Bu meselenin \u00f6z\u00fc e\u011fitimden ge\u00e7iyor. \u00c7ocuklar\u0131n e\u011fitimine yapt\u0131\u011f\u0131m\u0131z yat\u0131r\u0131m artt\u0131k\u00e7a trafik bilinci ve trafik \u015fuuru geli\u015fecek ve bu \u015fuur geli\u015ftik\u00e7e daha az maddi ve manevi zayiat olu\u015facakt\u0131r. Trafik kazalar\u0131n\u0131n azalmas\u0131n\u0131n elbette \u00e7ocuklarla \u00e7ok b\u00fcy\u00fck ilgisi var; \u00e7\u00fcnk\u00fc onlar e\u011fitim g\u00f6rd\u00fck\u00e7e, onlar\u0131n e\u011fitim seviyesi y\u00fckseldik\u00e7e trafik ile ilgili \u00e7ok daha parlak g\u00fcnlerimizin olaca\u011f\u0131n\u0131 s\u00f6yleyebiliriz. Bizler Bakanl\u0131k olarak trafik g\u00fcvenli\u011fi konusundaki e\u011fitim faaliyetlerini \u00f6rg\u00fcn ve yayg\u0131n e\u011fitim kurumlar\u0131yla y\u00fcr\u00fctmekteyiz. Okullarda ilkokul 4. s\u0131n\u0131fta 1 saat trafik g\u00fcvenli\u011fi dersini, orta\u00f6\u011fretim 9. s\u0131n\u0131fta da 1 saat trafik k\u00fclt\u00fcr\u00fcn\u00fc \u00f6\u011frencilerimize zorunlu ders olarak vermekteyiz. Bizler bakanl\u0131k olarak trafik g\u00fcvenli\u011fi konusundaki e\u011fitimlerin daha k\u00fc\u00e7\u00fck ya\u015flardan itibaren verilmeye ba\u015flanmas\u0131n\u0131n \u00f6neminin her ge\u00e7en g\u00fcn daha da artt\u0131\u011f\u0131n\u0131 g\u00f6rmekteyiz. Bu do\u011frultuda Bakanl\u0131\u011f\u0131m\u0131z \u00d6zel \u00d6\u011fretim Kurumlar\u0131 Genel M\u00fcd\u00fcrl\u00fc\u011f\u00fc ile \u0130stanbul Ticaret \u00dcniversitesi aras\u0131nda sosyal sorumluluk projesi kapsam\u0131nda okul \u00f6ncesi ve ilkokul \u00f6\u011frencilerine y\u00f6nelik \u201cTrafikte K\u00fc\u00e7\u00fck Hata Yoktur\u201d adl\u0131 tiyatro g\u00f6sterisine ili\u015fkin i\u015f birli\u011fi protokol\u00fc imzalanm\u0131\u015ft\u0131r. Protokol kapsam\u0131nda okul \u00f6ncesi ve ilkokul \u00f6\u011frencilerinde trafik bilinci ve toplumsal fark\u0131ndal\u0131k olu\u015fturacak, \u00f6\u011frencilerin trafik adab\u0131 ve trafik kurallar\u0131n\u0131 e\u011flenerek \u00f6\u011frenmeleri sa\u011flanacak ayr\u0131ca bu bilgileri aile bireyleriyle payla\u015fmalar\u0131 te\u015fvik edilecektir. \u00c7ocuklar\u0131n trafik e\u011fitimi konusundaki e\u011fitim faaliyetlerine destek veren \u00f6zel sekt\u00f6r kurum ve kurulu\u015flar\u0131na te\u015fekk\u00fcr ederim.\u201d<\/strong><\/p>\n<h2><strong>O\u011furlu: \u201cTrafik kazalar\u0131n\u0131n y\u00fczde 90&#8217;a yak\u0131n\u0131 s\u00fcr\u00fcc\u00fc hatas\u0131ndan kaynaklan\u0131yor\u201d<\/strong><\/h2>\n<p><strong>\u0130stanbul Ticaret \u00dcniversitesi Rekt\u00f6r\u00fc Prof. Dr. Y\u00fccel O\u011furlu, <\/strong>konu\u015fmas\u0131nda \u015funlar\u0131 s\u00f6yledi:<strong> \u201c\u00dclkemiz, her ge\u00e7en g\u00fcn azalmakla birlikte trafik kazalar\u0131 say\u0131s\u0131nda hala Avrupa\u2019da Almanya\u2019n\u0131n ard\u0131ndan ikinci; \u00f6l\u00fcml\u00fc kazalarda ise ne yaz\u0131k ki ilk s\u0131rada bulunmaktad\u0131r. T\u00dc\u0130K&#8217;e g\u00f6re 2018&#8217;de T\u00fcrkiye&#8217;de yakla\u015f\u0131k 1 milyon 203 bin trafik kazas\u0131 ger\u00e7ekle\u015firken bu kazalarda 6 bin 675 ki\u015fi \u00f6ld\u00fc, 307 bin 71 ki\u015fi ise yaraland\u0131. Trafik kazalar\u0131n\u0131n y\u00fczde 90&#8217;a yak\u0131n\u0131n\u0131n s\u00fcr\u00fcc\u00fc hatalar\u0131ndan kaynakland\u0131\u011f\u0131 istatistiklerle a\u00e7\u0131klanmaktad\u0131r. \u0130nsan\u0131m\u0131z\u0131n trafik kurallar\u0131na eskiye g\u00f6re daha titizlikle uymas\u0131 ve \u00f6l\u00fcml\u00fc kazalar\u0131n s\u00fcrekli azalmas\u0131 elbette sevindirici bir geli\u015fme ancak kaza say\u0131s\u0131n\u0131n hala \u00e7ok y\u00fcksek olmas\u0131 bizleri \u00e7ocukluktan itibaren bir trafik bilinci olu\u015fturmak i\u00e7in \u00e7areler aramaya sevk etti. Bu \u00e7er\u00e7evede Milli E\u011fitim Bakanl\u0131\u011f\u0131m\u0131zla bir araya gelerek bir proje geli\u015ftirdik. \u00dcniversitemiz b\u00fcnyesinde kurulan Ula\u015ft\u0131rma Sistemleri Ara\u015ft\u0131rma Merkezimizin M\u00fcd\u00fcr\u00fc Prof. Dr. Mustafa Il\u0131cal\u0131\u2019n\u0131n \u00f6nc\u00fcl\u00fc\u011f\u00fcnde y\u00fcr\u00fct\u00fclen proje ile \u00e7ocuklar\u0131m\u0131z\u0131n trafik kurallar\u0131n\u0131 en iyi \u015fekilde \u00f6\u011frenmesini, bu kurallara nas\u0131l uyacaklar\u0131n\u0131 bilecek donan\u0131ma sahip olmas\u0131n\u0131 ama\u00e7lamaktay\u0131z. Biliyoruz ki trafik kurallar\u0131n\u0131 iyi bilen ve nas\u0131l uygulanaca\u011f\u0131n\u0131n idrakinde olan \u00e7ocuklar\u0131m\u0131z b\u00fcy\u00fcklerinin de trafik kurallar\u0131na uymalar\u0131na vesile olacakt\u0131r. Projenin hay\u0131rl\u0131 olmas\u0131n\u0131 ve trafik kazalar\u0131n\u0131 en az seviyeye indirmeye vesile olmas\u0131n\u0131 diliyorum.<\/strong>\u201d<\/p>\n<p>Projenin ortaklar\u0131ndan <strong>\u0130stanbul Ticaret \u00dcniversitesi \u00d6\u011fretim \u00dcyesi Prof. Dr. Mustafa Il\u0131cal\u0131<\/strong>, b\u00f6yle \u00f6nemli bir projeyi g\u00fc\u00e7l\u00fc ortaklarla hayata ge\u00e7irmekten mutlu olduklar\u0131n\u0131 belirterek, \u015funlar\u0131 s\u00f6yledi: <em>\u201c<strong>Kal\u0131c\u0131 bilin\u00e7 olu\u015fturmak ad\u0131na, Milli E\u011fitim Bakanl\u0131\u011f\u0131m\u0131z\u0131n 2023 E\u011fitim Vizyonu do\u011frultusunda \u0130stanbul Ticaret \u00dcniversitesi Ula\u015ft\u0131rma Sistemleri Uygulama ve Ara\u015ft\u0131rma Merkezi olarak \u201cTrafikte K\u00fc\u00e7\u00fck Hata Yoktur!\u201d projemizi, Shell i\u015fbirli\u011fiyle ba\u015flatm\u0131\u015f bulunuyoruz. \u00c7ocuklar\u0131m\u0131zda kal\u0131c\u0131 bilinci olu\u015fturmak ad\u0131na tiyatral g\u00f6sterilerin ve <\/strong><\/em><strong>mobil oyunun olaca\u011f\u0131, \u00e7ocuklara dokunarak, sesli ve g\u00f6rsel olarak trafik kurallar\u0131n\u0131 \u00f6\u011fretece\u011fimiz ve anne-babalar\u0131n\u0131 s\u00fcrekli uyaracaklar\u0131 bu projemiz bir T\u00fcrkiye projesidir. \u00c7\u00fcnk\u00fc T\u00fcrkiye\u2019de her g\u00fcn ortalama 21 ki\u015fi trafik kazalar\u0131nda hayat\u0131n\u0131 kaybediyor. Can kay\u0131plar\u0131n\u0131, yaralanmalar\u0131 en aza indirmek ve hatta m\u00fcmk\u00fcnse s\u0131f\u0131rlamak i\u00e7in kal\u0131c\u0131 bilin\u00e7 olu\u015fturacak trafik e\u011fitimi en \u00f6nemli unsurlardan birini olu\u015fturuyor. \u0130nsan davran\u0131\u015flar\u0131n\u0131 daha k\u00fc\u00e7\u00fckken y\u00f6nlendirmeden ve etkilemeden bu kazalar\u0131n \u00f6n\u00fcne ge\u00e7menin zor olaca\u011f\u0131 a\u00e7\u0131k bir ger\u00e7ektir. Vatanda\u015flar\u0131m\u0131z\u0131n kurallara titizlikle uydu\u011funda da bu konuda ba\u015far\u0131l\u0131 olunabilece\u011fi a\u00e7\u0131kt\u0131r. \u0130\u00e7i\u015fleri Bakanl\u0131\u011f\u0131m\u0131z\u0131n a\u00e7\u0131klamalar\u0131yla bu y\u0131l ilk 9 ayda \u00f6l\u00fcml\u00fc kazalarda y\u00fczde 31, yaya nedenli kazalarda y\u00fczde 34 azalma olmu\u015ftur. Bu da g\u00f6stermektedir ki; konuya ili\u015fkin fark\u0131ndal\u0131k uygulamalar\u0131 ve g\u00fc\u00e7l\u00fc denetim vatanda\u015flar\u0131m\u0131z \u00fcst\u00fcnde olumlu etki olu\u015fturmaktad\u0131r<\/strong>.<em>\u201d <\/em><\/p>\n<h2><strong>Shell&amp;Turcas CEO\u2019su Felix Faber: \u201c\u00c7ocuklarda yol emniyeti al\u0131\u015fkanl\u0131\u011f\u0131 olu\u015fturmay\u0131 hedefliyoruz\u201d<\/strong><\/h2>\n<p>Shell T\u00fcrkiye\u2019nin hayata ge\u00e7irdi\u011fi sosyal yat\u0131r\u0131m \u00e7al\u0131\u015fmalar\u0131yla T\u00fcrkiye\u2019de toplumsal de\u011fer yaratmay\u0131 ilke edindiklerini belirten <strong>Shell &amp; Turcas CEO\u2019su Felix Faber<\/strong>, Trafikte K\u00fc\u00e7\u00fck Hata Yoktur projesiyle \u00e7ocuklar\u0131 bilin\u00e7lendirme konusunda \u00f6nemli bir ad\u0131m att\u0131klar\u0131n\u0131 vurgulad\u0131: \u201c<strong>T\u00fcrkiye\u2019nin en \u00f6nemli sorunlar\u0131ndan olan trafik sorununun \u00e7\u00f6z\u00fcm\u00fc i\u00e7in kamu ve \u00f6zel sekt\u00f6r olarak hep birlikte \u00e7al\u0131\u015fmal\u0131y\u0131z. Milli E\u011fitim Bakanl\u0131\u011f\u0131 ve \u0130stanbul Ticaret \u00dcniversitesi ile i\u015f birli\u011fi yaparak ba\u015flatt\u0131\u011f\u0131m\u0131z proje ile \u00e7ocuklar\u0131m\u0131z\u0131 trafik kurallar\u0131na uymalar\u0131 y\u00f6n\u00fcnde e\u011fitece\u011fiz. Shell olarak 70\u2019in \u00fczerinde \u00fclkede, \u00e7ok farkl\u0131 ve zorlu yol ko\u015fullar\u0131 alt\u0131nda g\u00fcnde yakla\u015f\u0131k 2 milyon km ve y\u0131lda 700 milyon km yol kat ediyoruz. Her g\u00fcn 50 kez d\u00fcnyay\u0131 turluyoruz ve operasyonlar\u0131m\u0131z\u0131 kazas\u0131z ger\u00e7ekle\u015ftirmek \u00fczere her ge\u00e7en g\u00fcn kendimizi geli\u015ftiriyoruz.Bu da d\u00fcnya genelinde, yol emniyeti alan\u0131nda \u00e7ok ciddi bir bilgi birikimine ve uzmanl\u0131\u011fa sahip olmam\u0131z\u0131 sa\u011fl\u0131yor. T\u00fcrkiye\u2019deki operasyonlar\u0131m\u0131zda ise y\u0131lda 30 milyon km\u2019ye yak\u0131n yol kat ediyoruz ve 7,7 milyon saat \u00e7al\u0131\u015f\u0131yoruz. Bug\u00fcne kadar T\u00fcrkiye\u2019de yol emniyeti konusunda d\u00fczenledi\u011fimiz e\u011fitimlerle son be\u015f y\u0131lda 120 binden fazla ki\u015fiye ula\u015ft\u0131k. Yol g\u00fcvenli\u011fi alan\u0131ndaki birikim ve uzmanl\u0131\u011f\u0131m\u0131z\u0131, toplumla payla\u015fmay\u0131 \u00e7ok \u00f6nemsiyoruz. Bu alandaki uzmanl\u0131\u011f\u0131m\u0131z\u0131 Trafikte K\u00fc\u00e7\u00fck Hata Yoktur projesine de ta\u015f\u0131yoruz. Proje ile \u00e7ocuklar\u0131n trafik kurallar\u0131n\u0131 tam anlam\u0131yla bilen, uygulayan ve bu konuda sorumluluk alan bireyler olarak yeti\u015fmelerine katk\u0131 sa\u011flamay\u0131 hedefliyoruz.\u201d<\/strong><\/p>\n<h2><strong>\u2018Tiyatro g\u00f6sterileri ile trafik kurallar\u0131 anlat\u0131lacak\u2019<\/strong><\/h2>\n<p>\u0130lk etapta \u0130stanbul\u2019da uygulanmaya ba\u015flanacak Trafikte k\u00fc\u00e7\u00fck Hata Yoktur projesi ile 8 ayl\u0131k e\u011fitim-\u00f6\u011fretim d\u00f6neminde 39 il\u00e7edeki 110 okulda 3-11 ya\u015f aras\u0131ndaki toplam 61 bin \u00e7ocu\u011fa ve dolayl\u0131 olarak ailelerine trafik kurallar\u0131 hakk\u0131nda e\u011fitim verilmesi hedefleniyor. Projenin<\/p>\n<p>birinci y\u0131l\u0131nda \u00f6\u011frenciler, veliler ve di\u011fer aile fertleri ile birlikte ortalama 240 bin ki\u015fiye ula\u015f\u0131lmaya planlan\u0131yor.<\/p>\n<p>Tiyatro g\u00f6sterileri ile verilecek e\u011fitimlerde; trafik i\u015faret ve levhalar\u0131n\u0131n anlam\u0131, emniyet kemeri kullan\u0131m\u0131, yaya ge\u00e7idi kullan\u0131m\u0131, yaya g\u00fcvenli\u011fi, ara\u00e7ta g\u00fcvenli yolculuk, h\u0131z limiti ve ara\u00e7 s\u00fcrerken cep telefonu kullanman\u0131n riskleri gibi konular i\u015flenecek. Tiyatro g\u00f6sterisinin ard\u0131ndan trafik kurallar\u0131n\u0131n bulundu\u011fu bir kontrol \u00e7izelgesi doldurulmak \u00fczere \u00e7ocuklara verilecek. Kontrol \u00e7izelgeleri ile \u00e7ocuklarla ilk imzalar\u0131n\u0131 atacaklar\u0131 sertifikalar da payla\u015f\u0131lacak. \u00c7ocuklar verilen bu kontrol \u00e7izelgelerine ara\u00e7 kullan\u0131rken ailelerinin trafik kurallar\u0131na uyup uymad\u0131klar\u0131n\u0131 kontrol edip kaydedecek. \u00c7ocuklar taraf\u0131ndan doldurulan \u00e7izelgelerin Shell istasyonlar\u0131na teslim edilmesi ile iki ayda bir yap\u0131lacak olan \u00e7ekili\u015flere kat\u0131l\u0131m hakk\u0131 kazan\u0131lacak. \u00c7ekili\u015f sonras\u0131nda belli say\u0131da \u00e7ocu\u011fa trafik kurallar\u0131n\u0131 hat\u0131rlatacak s\u00fcrpriz hediyeler verilecek.<\/p>","protected":false},"excerpt":{"rendered":"<p>Sorry, this entry is only available in Turkish. For the sake of viewer convenience, the content is shown below in the alternative language. You may click the link to switch the active language. Milli E\u011fitim Bakanl\u0131\u011f\u0131, \u0130stanbul Ticaret \u00dcniversitesi ve Shell T\u00fcrkiye\u2019nin ba\u015flatt\u0131\u011f\u0131 projeyle K\u00fc\u00e7\u00fckler, b\u00fcy\u00fcklere \u2018Trafikte K\u00fc\u00e7\u00fck Hata Yoktur\u2019 diyecek. &nbsp; Milli E\u011fitim Bakanl\u0131\u011f\u0131, [&hellip;]<\/p>\n","protected":false},"author":1,"featured_media":100877,"comment_status":"open","ping_status":"open","sticky":false,"template":"","format":"standard","meta":[],"categories":[53,44],"tags":[52407,34149,58602,631,58603,4018,58604,58605,58606,58601],"views":595,"_links":{"self":[{"href":"https:\/\/www.enerjigazetesi.ist\/en\/wp-json\/wp\/v2\/posts\/100874"}],"collection":[{"href":"https:\/\/www.enerjigazetesi.ist\/en\/wp-json\/wp\/v2\/posts"}],"about":[{"href":"https:\/\/www.enerjigazetesi.ist\/en\/wp-json\/wp\/v2\/types\/post"}],"author":[{"embeddable":true,"href":"https:\/\/www.enerjigazetesi.ist\/en\/wp-json\/wp\/v2\/users\/1"}],"replies":[{"embeddable":true,"href":"https:\/\/www.enerjigazetesi.ist\/en\/wp-json\/wp\/v2\/comments?post=100874"}],"version-history":[{"count":0,"href":"https:\/\/www.enerjigazetesi.ist\/en\/wp-json\/wp\/v2\/posts\/100874\/revisions"}],"wp:featuredmedia":[{"embeddable":true,"href":"https:\/\/www.enerjigazetesi.ist\/en\/wp-json\/wp\/v2\/media\/100877"}],"wp:attachment":[{"href":"https:\/\/www.enerjigazetesi.ist\/en\/wp-json\/wp\/v2\/media?parent=100874"}],"wp:term":[{"taxonomy":"category","embeddable":true,"href":"https:\/\/www.enerjigazetesi.ist\/en\/wp-json\/wp\/v2\/categories?post=100874"},{"taxonomy":"post_tag","embeddable":true,"href":"https:\/\/www.enerjigazetesi.ist\/en\/wp-json\/wp\/v2\/tags?post=100874"}],"curies":[{"name":"wp","href":"https:\/\/api.w.org\/{rel}","templated":true}]}}