{"id":100844,"date":"2019-10-13T20:43:46","date_gmt":"2019-10-13T17:43:46","guid":{"rendered":"https:\/\/www.enerjigazetesi.ist\/?p=100844"},"modified":"2019-10-13T21:33:05","modified_gmt":"2019-10-13T18:33:05","slug":"botas-4-odulle-uluslararasi-yesil-dunya-organizasyonu-nda-yer-aliyor","status":"publish","type":"post","link":"https:\/\/www.enerjigazetesi.ist\/en\/botas-4-odulle-uluslararasi-yesil-dunya-organizasyonu-nda-yer-aliyor\/","title":{"rendered":"(Turkish) Bota\u015f 4 \u00d6d\u00fclle &#8216;Ulus. Ye\u015fil D\u00fcnya Organizasyonu&#8217;nda Yer Al\u0131yor"},"content":{"rendered":"<p class=\"qtranxs-available-languages-message qtranxs-available-languages-message-en\">Sorry, this entry is only available in <a href=\"https:\/\/www.enerjigazetesi.ist\/tr\/wp-json\/wp\/v2\/posts\/100844\" class=\"qtranxs-available-language-link qtranxs-available-language-link-tr\" title=\"Turkish\">Turkish<\/a>. For the sake of viewer convenience, the content is shown below in the alternative language. You may click the link to switch the active language.<\/p><p><\/p>\n<h1><strong>BOTA\u015e, d\u00fcnyan\u0131n en prestijli uluslararas\u0131 \u00e7evre \u00f6d\u00fcllerinden biri olan Ye\u015fil D\u00fcnya \u00d6d\u00fclleri&#8217;nde 4 \u00f6d\u00fcl\u00fc alarak \u00e7evre konusundaki duyarl\u0131l\u0131\u011f\u0131yla T\u00fcrkiye\u2019nin g\u00f6zbebe\u011fi gurur tablolar\u0131 yaratarak s\u00fcrd\u00fcr\u00fcyor.<\/strong><\/h1>\n<p>&nbsp;<\/p>\n<h2><strong>En \u00c7evreci Projeler \u00d6d\u00fclleriyle Bulu\u015fuyor<\/strong><\/h2>\n<p><strong>Ye\u015fil D\u00fcnya \u00d6d\u00fclleri (Green World Awards)<\/strong>, merkezi <strong>\u0130ngiltere\u2019de<\/strong> olan, <strong>The Green <img loading=\"lazy\" class=\"alignright wp-image-100852\" src=\"https:\/\/www.enerjigazetesi.ist\/wp-content\/uploads\/2019\/10\/botas-4-odulle-uluslararasi-yesil-dunya-organizasyonunda-yerini-aldi.jpg\" alt=\"\" width=\"320\" height=\"180\" srcset=\"https:\/\/www.enerjigazetesi.ist\/wp-content\/uploads\/2019\/10\/botas-4-odulle-uluslararasi-yesil-dunya-organizasyonunda-yerini-aldi.jpg 867w, https:\/\/www.enerjigazetesi.ist\/wp-content\/uploads\/2019\/10\/botas-4-odulle-uluslararasi-yesil-dunya-organizasyonunda-yerini-aldi-300x169.jpg 300w, https:\/\/www.enerjigazetesi.ist\/wp-content\/uploads\/2019\/10\/botas-4-odulle-uluslararasi-yesil-dunya-organizasyonunda-yerini-aldi-768x432.jpg 768w, https:\/\/www.enerjigazetesi.ist\/wp-content\/uploads\/2019\/10\/botas-4-odulle-uluslararasi-yesil-dunya-organizasyonunda-yerini-aldi-500x281.jpg 500w, https:\/\/www.enerjigazetesi.ist\/wp-content\/uploads\/2019\/10\/botas-4-odulle-uluslararasi-yesil-dunya-organizasyonunda-yerini-aldi-80x45.jpg 80w\" sizes=\"(max-width: 320px) 100vw, 320px\" \/>Organisation<\/strong> taraf\u0131ndan <strong>2014 y\u0131l\u0131ndan g\u00fcn\u00fcm\u00fcze<\/strong> her y\u0131l ger\u00e7ekle\u015ftirilen, d\u00fcnyan\u0131n en prestijli <strong>uluslararas\u0131 \u00e7evre \u00f6d\u00fcllerinden<\/strong> birisidir. \u00d6d\u00fcl\u00fcn amac\u0131, <strong>en iyi \u00e7evresel uygulamalar\u0131n<\/strong>, \u00f6rnek olmas\u0131 ad\u0131na <strong>t\u00fcm d\u00fcnya ile<\/strong> payla\u015f\u0131lmas\u0131d\u0131r.<\/p>\n<p>Bu kapsamda her y\u0131l <strong>t\u00fcm \u00fclkelerden kat\u0131lan projeler<\/strong> j\u00fcri taraf\u0131ndan <strong>\u00e7evresel y\u00f6nleriyle de\u011ferlendirilmekte<\/strong> ve ba\u015far\u0131l\u0131 bulunan projeler <strong>alt\u0131n, g\u00fcm\u00fc\u015f <\/strong>ve<strong> bronz<\/strong> olmak \u00fczere \u00f6d\u00fcllendirilmektedir.<\/p>\n<h2><strong>BOTA\u015e T\u00f6rene 4 \u00d6d\u00fcl Alarak Damgas\u0131n\u0131 Vurdu<\/strong><\/h2>\n<p><strong>\u201cEn \u00c7evreci Kurulu\u015f Olma\u201d<\/strong> hedefi do\u011frultusunda, s\u00fcrd\u00fcr\u00fclebilir bir ya\u015fam i\u00e7in <em>havan\u0131n, topra\u011f\u0131n, suyun, iklimin, orman\u0131n ve biyo\u00e7e\u015fitlili\u011fin korunmas\u0131na<\/em> y\u00f6nelik \u00e7al\u0131\u015fmalar\u0131n\u0131 s\u00fcrd\u00fcren <strong>BOTA\u015e<\/strong>, \u00e7evre ile ilgili uygulamalar\u0131yla sadece <strong>\u00fclkemizde de\u011fil d\u00fcnyada da \u00f6rnek<\/strong> bir kurulu\u015f oldu.<\/p>\n<p><strong>2019<\/strong> y\u0131l\u0131 <strong>Ye\u015fil D\u00fcnya \u00d6d\u00fcl T\u00f6reni<\/strong>, <em>29 Eyl\u00fcl 2019<\/em> tarihinde\u00a0Vietnam&#8217;\u0131n <strong>Ho Chi Minh<\/strong> kentinde d\u00fczenlendi. <strong>500&#8217;\u00fcn \u00fczerinde ba\u015fvuru<\/strong> aras\u0131ndan <strong>Bota\u015f<\/strong>, toplam 7 kategoriden <strong>4 ayr\u0131 dalda<\/strong> aday oldu\u011fu <strong>Ye\u015fil D\u00fcnya \u00d6d\u00fclleri&#8217;nden<\/strong> 4 \u00f6d\u00fcle lay\u0131k g\u00f6r\u00fclerek t\u00f6rene damgas\u0131n\u0131 vurdu.<\/p>\n<h2><strong>BOTA\u015e Petrol \u0130\u015fletmeleri B\u00f6lge M\u00fcd\u00fcrl\u00fc\u011f\u00fc<\/strong> <span style=\"text-decoration: underline;\">Biyo\u00e7e\u015fitlilik Projesi ile:<\/span><\/h2>\n<p>&#8211; Alt\u0131n \u00d6d\u00fcl<\/p>\n<h2>Tuz G\u00f6l\u00fc Yer Alt\u0131 Do\u011fal Gaz <span style=\"text-decoration: underline;\">Depolama Projesi ile:<\/span><\/h2>\n<p>&#8211; <strong>\u201c<em>S\u00fcrd\u00fcr\u00fclebilirlik\u201d<\/em>\u00a0<\/strong>kategorisinde <strong>G\u00fcm\u00fc\u015f<\/strong> \u00d6d\u00fcl,<\/p>\n<p>&#8211; <strong>\u201c<em>Karbon Azalt\u0131m\u0131\u201d<\/em><\/strong>\u00a0kategorisinde <strong>G\u00fcm\u00fc\u015f<\/strong> \u00d6d\u00fcl,<\/p>\n<p>&#8211; <strong>\u201c<em>En \u0130yi Devlet Kurumu\u201d<\/em><\/strong>\u00a0kategorisinde <strong>G\u00fcm\u00fc\u015f<\/strong> \u00d6d\u00fcl sahibi oldu.<\/p>\n<h2><strong>Ye\u015fil Bir D\u00fcnya \u0130\u00e7in T\u00fcrkiye&#8217;nin El\u00e7isi &#8216;BOTA\u015e&#8217;<\/strong><\/h2>\n<p>Y\u00fcr\u00fctt\u00fc\u011f\u00fc ba\u015far\u0131l\u0131 \u00e7evre projeleri ile <strong>&#8220;Ye\u015fil D\u00fcnya El\u00e7isi&#8221;<\/strong> unvan\u0131n\u0131 da almaya hak kazanan <strong>BOTA\u015e<\/strong>, \u00f6d\u00fcl\u00fcn\u00fc <strong>Kas\u0131m<\/strong> ay\u0131nda <strong>Londra&#8217;da<\/strong> d\u00fczenlenecek olan uluslararas\u0131 t\u00f6rende alacak.<\/p>\n<h2><strong>BOTA\u015e&#8217;IN \u00d6D\u00dcL ALAN PROJELER\u0130<\/strong><\/h2>\n<h2><strong>Tuz G\u00f6l\u00fc Do\u011fal Gaz Yer Alt\u0131 Depolama Projesi:<\/strong><\/h2>\n<p>Bota\u015f, \u00fclkenin do\u011fal gaz kapasitesinin art\u0131r\u0131lmas\u0131, b\u00f6ylece <strong>gaz kesintilerinin azalt\u0131lmas\u0131<\/strong> amac\u0131yla <strong>Tuz G\u00f6l\u00fc Do\u011fal Gaz Yer Alt\u0131 Depolama (UGS) Projesi<\/strong>\u2019ni y\u00fcr\u00fctmektedir. Proje kapsam\u0131nda <strong>Hirfanl\u0131 Baraj\u0131\u2019ndan<\/strong> getirilen tatl\u0131 suyla yer alt\u0131ndaki <strong>tuz k\u00fctleleri \u00e7\u00f6z\u00fcnd\u00fcr\u00fclerek<\/strong> olu\u015fturulan ma\u011faralarda do\u011fal gaz depolanmaktad\u0131r.<\/p>\n<p>\u00d6nemli <strong>g\u00f6\u00e7 yollar\u0131<\/strong> \u00fczerinde olan <strong>Tuz G\u00f6l\u00fc<\/strong>, flamingolar ba\u015fta olmak \u00fczere binlerce <strong>g\u00f6\u00e7men ku\u015fa ev sahipli\u011fi<\/strong> yapmaktad\u0131r. Ayr\u0131ca <strong>Tuz G\u00f6l\u00fc<\/strong> ve \u00e7evresi tuzcul steplerin yer ald\u0131\u011f\u0131 bir b\u00f6lgedir. Ya\u011f\u0131\u015f miktar\u0131n\u0131n azalmas\u0131n\u0131n yan\u0131 s\u0131ra g\u00f6l\u00fc besleyen y\u00fczey sular\u0131na baraj yap\u0131lmas\u0131, a\u00e7\u0131lan <strong>ka\u00e7ak kuyularla<\/strong> <strong>yer alt\u0131 sular\u0131n\u0131n a\u015f\u0131r\u0131 ve bilin\u00e7sizce t\u00fcketilmesi, a\u015f\u0131r\u0131 buharla\u015fma<\/strong> gibi etkenler nedeniyle <strong>Tuz G\u00f6l\u00fc\u2019n\u00fcn<\/strong> alan\u0131 son <strong>40<\/strong> y\u0131lda <strong>260.000<\/strong> hektardan <strong>130.000<\/strong> hektara gerilemi\u015ftir.<\/p>\n<h2>UGS Projesi Kapsam\u0131nda:<\/h2>\n<p>&#8211; <strong>Yer alt\u0131 suyu kullan\u0131m\u0131<\/strong> yerine <strong>Hirfanl\u0131 Baraj\u0131<\/strong>\u2019ndan su getirilerek hem yer alt\u0131 suyunun azalmas\u0131n\u0131n engellenmesi, hem de yap\u0131lacak boru hatt\u0131n\u0131n b\u00f6lge halk\u0131 taraf\u0131ndan ileride <strong>tar\u0131msal sulama ama\u00e7l\u0131 kullan\u0131labilecek<\/strong> olmas\u0131,<\/p>\n<p>&#8211; <strong>69.000.000 m<sup>3<\/sup><\/strong>\u00a0tuzlu su de\u015farj\u0131yla <strong>Tuz G\u00f6l\u00fc\u2019n\u00fcn<\/strong> su seviyesinin art\u0131r\u0131lmas\u0131na ve <strong>g\u00f6l ekosisteminin<\/strong> iyile\u015ftirilmesine katk\u0131 sa\u011flamas\u0131,<\/p>\n<p>&#8211; Su seviyesinin artmas\u0131 sonucunda <strong>B\u00fcy\u00fck Flamingo t\u00fcr\u00fc<\/strong>n\u00fcn <strong>beslenme ve \u00fcremesinin<\/strong> kolayla\u015fmas\u0131yla <strong>pop\u00fclasyon say\u0131s\u0131nda<\/strong> art\u0131\u015f sa\u011flanmas\u0131,<\/p>\n<p>&#8211; A\u011fa\u00e7land\u0131rma \u00e7al\u0131\u015fmalar\u0131yla <strong>karbon ayak izinin azalt\u0131lmas\u0131<\/strong>n\u0131n yan\u0131 s\u0131ra ekonomik <strong>de\u011feri y\u00fcksek a\u011fa\u00e7lardan<\/strong> b\u00f6lge halk\u0131n\u0131n faydalanmas\u0131,<\/p>\n<p>&#8211; <strong>G\u00fcne\u015f enerjisi tesisi<\/strong> vas\u0131tas\u0131yla <strong>yenilenebilir enerji \u00fcretimi<\/strong> ve bu sayede y\u0131ll\u0131k <strong>878 ton karbon sal\u0131n\u0131m\u0131n\u0131n \u00f6nlenmesi\u00a0<\/strong>ile kaynaklar\u0131n verimli kullan\u0131m\u0131 sa\u011flanmakta ve <strong>s\u00fcrd\u00fcr\u00fclebilir kalk\u0131nma<\/strong> desteklenmektedir.<\/p>\n<p>UGS Projesi\u2019nin devam\u0131 niteli\u011finde ger\u00e7ekle\u015ftirilecek olan \u201c<strong>Gaz Depolama Kapasite Art\u0131r\u0131m\u0131 Projesi (GSEP)<\/strong>\u201d kapsam\u0131nda 40 yeni kaverna, <strong>yeni y\u00fczey tesisleri ve boru hatlar\u0131 in\u015fa<\/strong> edilecektir. GSEP\u2019in hayata ge\u00e7irilmesiyle birlikte Tuz G\u00f6l\u00fc ve \u00e7evresine sa\u011flanan <strong>\u00e7evresel ve sosyal olumlu katk\u0131lar\u0131n<\/strong> artmas\u0131 beklenmektedir.<\/p>\n<p>GSEP\u2019in yap\u0131m a\u015famas\u0131nda <strong>Tuz G\u00f6l\u00fc<\/strong>\u2019ne <strong>275.000.000 m<sup>3<\/sup><\/strong>\u00a0tuzlu su de\u015farj edilecektir. Ayr\u0131ca, <strong>UGS Projesi<\/strong>\u2019ne ek 100.000 a\u011fa\u00e7 dikilecek ve yeni bir <strong>g\u00fcne\u015f enerjisi tesisi kurulacak<\/strong>, bu sayede tesisin elektrik enerjisinin <strong>%100\u2019\u00fc yenilenebilir enerji kayna\u011f\u0131ndan<\/strong> sa\u011flanacakt\u0131r.<\/p>\n<h2><strong>Petrol \u0130\u015fletmeleri B\u00f6lge M\u00fcd\u00fcrl\u00fc\u011f\u00fc Biyo\u00e7e\u015fitlilik Projesi:<\/strong><\/h2>\n<p>T\u00fcrkiye&#8217;de enerji sekt\u00f6r\u00fcnde faaliyet g\u00f6steren bir kamu kurulu\u015fu olan BOTA\u015e, kuruldu\u011fu g\u00fcnden g\u00fcn\u00fcm\u00fcze kadar i\u015fletme faaliyetleri kapsam\u0131nda operasyonun olumsuz \u00e7evresel etkilerini azaltmak i\u00e7in bir\u00e7ok \u00e7al\u0131\u015fma y\u00fcr\u00fctmektedir. Bu \u00e7al\u0131\u015fmalar\u0131n en \u00f6nemlilerinden biri, insanl\u0131\u011f\u0131n devam\u0131 ve refah\u0131 i\u00e7in <strong>biyo\u00e7e\u015fitlili\u011fin korunmas\u0131<\/strong>n\u0131 ve artt\u0131r\u0131lmas\u0131n\u0131 ama\u00e7lamaktad\u0131r.<\/p>\n<p><strong>\u0130skenderun K\u00f6rfezi&#8217;nin<\/strong> bat\u0131 k\u0131y\u0131s\u0131nda yer alan <strong>BOTA\u015e Petrol \u0130\u015fletmeleri B\u00f6lge M\u00fcd\u00fcrl\u00fc\u011f\u00fc<\/strong> tesisi, 8.500 dekarl\u0131k alan\u0131 ile <strong>\u00e7e\u015fitli bitki<\/strong> ve <strong>hayvan t\u00fcrlerini<\/strong> bar\u0131nd\u0131ran bir <strong>ekosisteme<\/strong> sahiptir.<\/p>\n<p>Bu kapsamda, T\u00fcrkiye&#8217;de nesli tehlike alt\u0131nda olan\u00a0<strong><em>caretta caretta<\/em>\u00a0ve\u00a0<em>chelonia mydas<\/em><\/strong>\u00a0adl\u0131 iki t\u00fcr deniz kaplumba\u011fas\u0131n\u0131n yumurtlad\u0131\u011f\u0131 nadir plajlardan ikisi Tesis s\u0131n\u0131rlar\u0131 i\u00e7inde yer almaktad\u0131r. Bu bilin\u00e7le, deniz kaplumba\u011falar\u0131n\u0131n say\u0131s\u0131n\u0131 art\u0131rmak ve nesiller boyu devam\u0131n\u0131 sa\u011flamak i\u00e7in ger\u00e7ekle\u015ftirilen koruma faaliyetleri Bota\u015f taraf\u0131ndan desteklenmektedir.<\/p>\n<p>\u00d6te yandan, <strong>1986&#8217;da<\/strong> tesise 1 erkek ve 1 di\u015fi olarak getirilmi\u015f olan ceylanlar\u0131n sa\u011fl\u0131kl\u0131 bir \u015fekilde ya\u015famlar\u0131n\u0131n devam ettirilmesi ad\u0131na <strong><em>beslenme, bar\u0131nma ve korunmalar\u0131na<\/em><\/strong> y\u00f6nelik bir dizi faaliyetler ger\u00e7ekle\u015ftirilmi\u015f olup s\u00f6z konusu faaliyetler sonucu <strong>2018 y\u0131l\u0131 itibar\u0131yla<\/strong> tesisteki <strong>ceylanlar\u0131n<\/strong> say\u0131s\u0131 <strong>76 di\u015fi<\/strong> ve <strong>24 erkek<\/strong> olmak \u00fczere <strong>100\u2019e<\/strong> ula\u015fm\u0131\u015ft\u0131r.<\/p>\n<p><strong>Deniz kaplumba\u011falar\u0131<\/strong> ve <strong>ceylanlar\u0131n<\/strong> yan\u0131 s\u0131ra tesiste daha bir\u00e7ok <em>ku\u015f, memeli, b\u00f6cek bal\u0131k ve s\u00fcr\u00fcngen<\/em> t\u00fcr\u00fc de varl\u0131\u011f\u0131n\u0131 s\u00fcrd\u00fcrmektedir.<\/p>\n<p>Bota\u015f taraf\u0131ndan ger\u00e7ekle\u015ftirilen <strong>a\u011fa\u00e7land\u0131rma faaliyetleri<\/strong> ile tesisin kuruldu\u011fu ilk y\u0131llarda olduk\u00e7a \u00e7orak olan tesis alan\u0131 <strong>yemye\u015fil bir g\u00f6r\u00fcnt\u00fcye<\/strong> kavu\u015fmu\u015ftur. Mevcut durumda tesiste bulunan <strong>5740 meyve a\u011fac\u0131<\/strong> ve yakla\u015f\u0131k<strong> 50.000 adet orman a\u011fac\u0131yla<\/strong>, y\u0131ll\u0131k <strong>1.000.000 ton<\/strong> karbon sal\u0131n\u0131m\u0131 engellenmi\u015f olmakla birlikte <strong>740.000 ton oksijen \u00fcretimi<\/strong> sa\u011flanmaktad\u0131r.<\/p>\n<p>T\u00fcm bunlara ek olarak <strong>Bota\u015f<\/strong> taraf\u0131ndan tesis alan\u0131na \u00e7e\u015fitli <strong>s\u00fcs bitkilerinin ekilmesi<\/strong> ile bunlar\u0131n d\u00fczenli bak\u0131mlar\u0131n\u0131n yap\u0131lmas\u0131; <strong>bitkilerin biyo\u00e7e\u015fitlili\u011finin artmas\u0131na<\/strong>, dolay\u0131s\u0131yla da <strong>hayvan t\u00fcrlerinin artmas\u0131na<\/strong> katk\u0131 sa\u011flamaktad\u0131r.<\/p>\n<p>T\u00fcrkiye\u2019nin <strong>enerji arz g\u00fcvenli\u011finde<\/strong> \u00f6nemli bir rol \u00fcstlenen <strong>Bota\u015f<\/strong>, yapt\u0131\u011f\u0131 t\u00fcm projelerde \u00e7evreye olan duyarl\u0131l\u0131\u011f\u0131 ve katk\u0131s\u0131ndan dolay\u0131\u00a0<strong><span style=\"text-decoration: underline;\">uluslararas\u0131 kurulu\u015flar<\/span><\/strong> taraf\u0131ndan \u00f6d\u00fcle lay\u0131k g\u00f6r\u00fclmektedir.<\/p>","protected":false},"excerpt":{"rendered":"<p>Sorry, this entry is only available in Turkish. For the sake of viewer convenience, the content is shown below in the alternative language. You may click the link to switch the active language. BOTA\u015e, d\u00fcnyan\u0131n en prestijli uluslararas\u0131 \u00e7evre \u00f6d\u00fcllerinden biri olan Ye\u015fil D\u00fcnya \u00d6d\u00fclleri&#8217;nde 4 \u00f6d\u00fcl\u00fc alarak \u00e7evre konusundaki duyarl\u0131l\u0131\u011f\u0131yla T\u00fcrkiye\u2019nin g\u00f6zbebe\u011fi gurur tablolar\u0131 [&hellip;]<\/p>\n","protected":false},"author":1,"featured_media":100852,"comment_status":"open","ping_status":"open","sticky":false,"template":"","format":"standard","meta":[],"categories":[46,53,44],"tags":[58588,58576,58582,531,58586,2124,58587,54036,58578,9809,52259,58581,58580,58577,58592,10665,53153,58583,52998,37032,58584,34977,58574,10711,58589,58593,58579,58572,58591,26829,58575,58585,58590,39768,58573],"views":623,"_links":{"self":[{"href":"https:\/\/www.enerjigazetesi.ist\/en\/wp-json\/wp\/v2\/posts\/100844"}],"collection":[{"href":"https:\/\/www.enerjigazetesi.ist\/en\/wp-json\/wp\/v2\/posts"}],"about":[{"href":"https:\/\/www.enerjigazetesi.ist\/en\/wp-json\/wp\/v2\/types\/post"}],"author":[{"embeddable":true,"href":"https:\/\/www.enerjigazetesi.ist\/en\/wp-json\/wp\/v2\/users\/1"}],"replies":[{"embeddable":true,"href":"https:\/\/www.enerjigazetesi.ist\/en\/wp-json\/wp\/v2\/comments?post=100844"}],"version-history":[{"count":0,"href":"https:\/\/www.enerjigazetesi.ist\/en\/wp-json\/wp\/v2\/posts\/100844\/revisions"}],"wp:featuredmedia":[{"embeddable":true,"href":"https:\/\/www.enerjigazetesi.ist\/en\/wp-json\/wp\/v2\/media\/100852"}],"wp:attachment":[{"href":"https:\/\/www.enerjigazetesi.ist\/en\/wp-json\/wp\/v2\/media?parent=100844"}],"wp:term":[{"taxonomy":"category","embeddable":true,"href":"https:\/\/www.enerjigazetesi.ist\/en\/wp-json\/wp\/v2\/categories?post=100844"},{"taxonomy":"post_tag","embeddable":true,"href":"https:\/\/www.enerjigazetesi.ist\/en\/wp-json\/wp\/v2\/tags?post=100844"}],"curies":[{"name":"wp","href":"https:\/\/api.w.org\/{rel}","templated":true}]}}