{"id":100793,"date":"2019-10-12T11:15:18","date_gmt":"2019-10-12T08:15:18","guid":{"rendered":"https:\/\/www.enerjigazetesi.ist\/?p=100793"},"modified":"2019-10-12T11:17:03","modified_gmt":"2019-10-12T08:17:03","slug":"turkiye-ve-turkmenistan-iliskileri-enerji-projeleriyle-gucune-guc-katacak","status":"publish","type":"post","link":"https:\/\/www.enerjigazetesi.ist\/en\/turkiye-ve-turkmenistan-iliskileri-enerji-projeleriyle-gucune-guc-katacak\/","title":{"rendered":"(Turkish) &#8217;T\u00fcrkiye ve T\u00fcrkmenistan \u0130li\u015fkileri&#8217; Enerji Projeleriyle G\u00fcc\u00fcne G\u00fc\u00e7 Katacak!"},"content":{"rendered":"<p class=\"qtranxs-available-languages-message qtranxs-available-languages-message-en\">Sorry, this entry is only available in <a href=\"https:\/\/www.enerjigazetesi.ist\/tr\/wp-json\/wp\/v2\/posts\/100793\" class=\"qtranxs-available-language-link qtranxs-available-language-link-tr\" title=\"Turkish\">Turkish<\/a>. For the sake of viewer convenience, the content is shown below in the alternative language. You may click the link to switch the active language.<\/p><p><\/p>\n<h1><strong>T\u00fcrkmenistan\u2019\u0131n &#8217;28&#8217;inci Ulusal Ba\u011f\u0131ms\u0131zl\u0131k G\u00fcn\u00fc&#8217; daveti dolay\u0131s\u0131yla\u00a0resepsiyona kat\u0131lan Enerji ve Tabii Kaynaklar Bakan\u0131 Fatih D\u00f6nmez taraf\u0131ndan &#8220;T\u00fcrkmenistan ile k\u00fclt\u00fcr, sanat ve edebiyattan; ekonomi ve enerjiye kadar her alanda i\u015f birli\u011fimizi daha<img loading=\"lazy\" class=\"alignright wp-image-100795\" src=\"https:\/\/www.enerjigazetesi.ist\/wp-content\/uploads\/2019\/10\/turkiye-ve-turkmenistan-iliskileri-enerji-projeleriyle-gucune-guc-katacak-2.jpg\" alt=\"\" width=\"320\" height=\"213\" srcset=\"https:\/\/www.enerjigazetesi.ist\/wp-content\/uploads\/2019\/10\/turkiye-ve-turkmenistan-iliskileri-enerji-projeleriyle-gucune-guc-katacak-2.jpg 656w, https:\/\/www.enerjigazetesi.ist\/wp-content\/uploads\/2019\/10\/turkiye-ve-turkmenistan-iliskileri-enerji-projeleriyle-gucune-guc-katacak-2-300x200.jpg 300w, https:\/\/www.enerjigazetesi.ist\/wp-content\/uploads\/2019\/10\/turkiye-ve-turkmenistan-iliskileri-enerji-projeleriyle-gucune-guc-katacak-2-500x333.jpg 500w, https:\/\/www.enerjigazetesi.ist\/wp-content\/uploads\/2019\/10\/turkiye-ve-turkmenistan-iliskileri-enerji-projeleriyle-gucune-guc-katacak-2-75x50.jpg 75w, https:\/\/www.enerjigazetesi.ist\/wp-content\/uploads\/2019\/10\/turkiye-ve-turkmenistan-iliskileri-enerji-projeleriyle-gucune-guc-katacak-2-450x300.jpg 450w\" sizes=\"(max-width: 320px) 100vw, 320px\" \/> da g\u00fc\u00e7lendirerek yar\u0131nlara daha emin ad\u0131mlarla ilerleyece\u011fiz.&#8221; ifadeleri kullan\u0131ld\u0131.<\/strong><\/h1>\n<p>Enerji ve Tabii Kaynaklar Bakan\u0131 Fatih D\u00f6nmez, &#8220;T\u00fcrkmenistan ile <strong>\u00e7eyrek asr\u0131 a\u015fk\u0131n s\u00fcredir<\/strong> siyasi irade ve kararl\u0131l\u0131kla <strong>derinle\u015ftirdi\u011fimiz \u00e7ok tarafl\u0131 i\u015f birli\u011fimiz<\/strong> \u00f6n\u00fcm\u00fczdeki y\u0131llarda da g\u00fc\u00e7lenerek devam edecek. \u00dclkelerimiz aras\u0131ndaki <em>uyumu, dayan\u0131\u015fmay\u0131 ve uzla\u015fmay\u0131<\/em> <strong>enerji projeleriyle<\/strong> daha da g\u00fc\u00e7l\u00fc k\u0131lmaya kararl\u0131y\u0131z&#8217; ifadelerini kulland\u0131.<\/p>\n<p>Ayr\u0131ca D\u00f6nmez,\u00a0<strong>T\u00fcrkiye<\/strong> ve <strong>T\u00fcrkmenistan&#8217;\u0131n<\/strong> tarihsel ve k\u00fclt\u00fcrel a\u00e7\u0131dan birbirinden ayr\u0131 kabul edilemeyerek <em>iki \u00fclke aras\u0131nda<strong> k\u00fclt\u00fcr, sanat, ekonomi ve enerji<\/strong> alan\u0131nda<\/em> i\u015f birli\u011finin daha da g\u00fc\u00e7lenece\u011fini s\u00f6yleyerek &#8220;<strong>Afganistan, Pakistan ve Hindistan<\/strong> do\u011falgaz boru hatt\u0131<strong> TAPI<\/strong> ve <strong>TAP 500<\/strong> gibi <strong>b\u00f6lgesel enerji projelerini<\/strong> T\u00fcrkiye Cumhuriyeti olarak destekliyoruz.&#8221;dedi.<\/p>","protected":false},"excerpt":{"rendered":"<p>Sorry, this entry is only available in Turkish. For the sake of viewer convenience, the content is shown below in the alternative language. You may click the link to switch the active language. T\u00fcrkmenistan\u2019\u0131n &#8217;28&#8217;inci Ulusal Ba\u011f\u0131ms\u0131zl\u0131k G\u00fcn\u00fc&#8217; daveti dolay\u0131s\u0131yla\u00a0resepsiyona kat\u0131lan Enerji ve Tabii Kaynaklar Bakan\u0131 Fatih D\u00f6nmez taraf\u0131ndan &#8220;T\u00fcrkmenistan ile k\u00fclt\u00fcr, sanat ve edebiyattan; [&hellip;]<\/p>\n","protected":false},"author":1,"featured_media":100796,"comment_status":"open","ping_status":"open","sticky":false,"template":"","format":"standard","meta":[],"categories":[46,51,53],"tags":[58515,1624,58522,58524,876,54036,1893,58517,1306,58516,52259,58518,1389,27530,4034,58519,1315,58520,58523,58521,6881,15374,1040],"views":469,"_links":{"self":[{"href":"https:\/\/www.enerjigazetesi.ist\/en\/wp-json\/wp\/v2\/posts\/100793"}],"collection":[{"href":"https:\/\/www.enerjigazetesi.ist\/en\/wp-json\/wp\/v2\/posts"}],"about":[{"href":"https:\/\/www.enerjigazetesi.ist\/en\/wp-json\/wp\/v2\/types\/post"}],"author":[{"embeddable":true,"href":"https:\/\/www.enerjigazetesi.ist\/en\/wp-json\/wp\/v2\/users\/1"}],"replies":[{"embeddable":true,"href":"https:\/\/www.enerjigazetesi.ist\/en\/wp-json\/wp\/v2\/comments?post=100793"}],"version-history":[{"count":0,"href":"https:\/\/www.enerjigazetesi.ist\/en\/wp-json\/wp\/v2\/posts\/100793\/revisions"}],"wp:featuredmedia":[{"embeddable":true,"href":"https:\/\/www.enerjigazetesi.ist\/en\/wp-json\/wp\/v2\/media\/100796"}],"wp:attachment":[{"href":"https:\/\/www.enerjigazetesi.ist\/en\/wp-json\/wp\/v2\/media?parent=100793"}],"wp:term":[{"taxonomy":"category","embeddable":true,"href":"https:\/\/www.enerjigazetesi.ist\/en\/wp-json\/wp\/v2\/categories?post=100793"},{"taxonomy":"post_tag","embeddable":true,"href":"https:\/\/www.enerjigazetesi.ist\/en\/wp-json\/wp\/v2\/tags?post=100793"}],"curies":[{"name":"wp","href":"https:\/\/api.w.org\/{rel}","templated":true}]}}