{"id":100732,"date":"2019-10-11T18:28:00","date_gmt":"2019-10-11T15:28:00","guid":{"rendered":"https:\/\/www.enerjigazetesi.ist\/?p=100732"},"modified":"2019-10-11T18:28:00","modified_gmt":"2019-10-11T15:28:00","slug":"wwf-turkiye-blue-panda-kasta-deniz-koruma-alanlari-etkin-yonetilmeli","status":"publish","type":"post","link":"https:\/\/www.enerjigazetesi.ist\/en\/wwf-turkiye-blue-panda-kasta-deniz-koruma-alanlari-etkin-yonetilmeli\/","title":{"rendered":"(Turkish) WWF T\u00fcrkiye: Blue Panda Ka\u015f&#8217;ta &#8216;Deniz Koruma Alanlar\u0131 Etkin Y\u00f6netilmeli'"},"content":{"rendered":"<p class=\"qtranxs-available-languages-message qtranxs-available-languages-message-en\">Sorry, this entry is only available in <a href=\"https:\/\/www.enerjigazetesi.ist\/tr\/wp-json\/wp\/v2\/posts\/100732\" class=\"qtranxs-available-language-link qtranxs-available-language-link-tr\" title=\"Turkish\">Turkish<\/a>. For the sake of viewer convenience, the content is shown below in the alternative language. You may click the link to switch the active language.<\/p><p><\/p>\n<h1><strong>WWF\u2019in Blue Panda yelkenlisi, \u201cdaha iyi korunan bir Akdeniz\u201d fikrinden hareketle \u00e7\u0131kt\u0131\u011f\u0131 yolda T\u00fcrkiye ziyareti \u00e7er\u00e7evesindeki etkinliklerini \u0130stanbul ve \u0130zmir\u2019in ard\u0131ndan Ka\u015f\u2019ta s\u00fcrd\u00fcr\u00fcyor. Blue Panda\u2019n\u0131n Ka\u015f\u2019taki etkinlikleri \u00e7er\u00e7evesinde <\/strong><strong>Ka\u015f &#8211; Kekova b\u00f6lgesinde do\u011fal ya\u015fam\u0131n korunmas\u0131yla ilgili \u00e7al\u0131\u015fmalar y\u00fcr\u00fcten <\/strong><strong>Ka\u015f-Kekova \u00d6zel \u00c7evre Koruma B\u00f6lgesi Yerel \u00c7al\u0131\u015fma Grubu Y\u00fcr\u00fctme Kurulu topland\u0131. WWF-T\u00fcrkiye (Do\u011fal Hayat\u0131 Koruma Vakf\u0131) temsilcilerinin de kat\u0131ld\u0131\u011f\u0131 toplant\u0131da b\u00f6lgede bu y\u00f6ndeki \u00e7al\u0131\u015fmalar\u0131n art\u0131r\u0131lmas\u0131 ele al\u0131nd\u0131.<\/strong><\/h1>\n<p>2015 tarihinde kurulan Ka\u015f-Kekova \u00d6zel \u00c7evre Koruma B\u00f6lgesi (\u00d6\u00c7KB) Yerel \u00c7al\u0131\u015fma Grubu b\u00fcnyesindeki Y\u00fcr\u00fctme Kurulu bir araya geldi. \u201cDaha iyi korunan bir Akdeniz\u201d fikrinden hareketle Akdeniz\u2019deki yolculu\u011funda Ka\u015f\u2019a ula\u015fan WWF\u2019in Blue Panda yelkenlisinin ziyareti \u00e7er\u00e7evesinde <img loading=\"lazy\" class=\"alignright wp-image-100735\" src=\"https:\/\/www.enerjigazetesi.ist\/wp-content\/uploads\/2019\/10\/wwf-turkiye-blue-panda-kasta-deniz-koruma-alanlari-etkin-yonetilmeli-2.jpg\" alt=\"\" width=\"320\" height=\"240\" srcset=\"https:\/\/www.enerjigazetesi.ist\/wp-content\/uploads\/2019\/10\/wwf-turkiye-blue-panda-kasta-deniz-koruma-alanlari-etkin-yonetilmeli-2.jpg 651w, https:\/\/www.enerjigazetesi.ist\/wp-content\/uploads\/2019\/10\/wwf-turkiye-blue-panda-kasta-deniz-koruma-alanlari-etkin-yonetilmeli-2-300x225.jpg 300w, https:\/\/www.enerjigazetesi.ist\/wp-content\/uploads\/2019\/10\/wwf-turkiye-blue-panda-kasta-deniz-koruma-alanlari-etkin-yonetilmeli-2-500x375.jpg 500w, https:\/\/www.enerjigazetesi.ist\/wp-content\/uploads\/2019\/10\/wwf-turkiye-blue-panda-kasta-deniz-koruma-alanlari-etkin-yonetilmeli-2-67x50.jpg 67w\" sizes=\"(max-width: 320px) 100vw, 320px\" \/>ger\u00e7ekle\u015fen toplant\u0131ya WWF-T\u00fcrkiye (Do\u011fal Hayat\u0131 Koruma Vakf\u0131) temsilcileri de kat\u0131ld\u0131. Toplant\u0131da Ka\u015f-Kekova \u00d6\u00c7KB Denizel Y\u00f6netim Plan\u0131 kapsam\u0131nda belirlenen hedeflerinin ger\u00e7ekle\u015ftirilmesi y\u00f6n\u00fcndeki uygulamalar, alan\u0131n etkin bir \u015fekilde y\u00f6netimi ve payda\u015flar aras\u0131nda etkin koordinasyon ve ileti\u015fimin sa\u011flanmas\u0131 \u00fczerinde duruldu.<\/p>\n<p>\u00dclkemizde pek \u00e7o\u011fu \u00d6\u00c7KB stat\u00fcs\u00fcyle koruma alt\u0131nda olan Deniz Koruma Alanlar\u0131, \u00e7evrede ya\u015fayan toplumlar\u0131n sosyo-ekolojik direncini artt\u0131r\u0131rken, biyolojik \u00e7e\u015fitlili\u011fi ve do\u011fal kaynaklar\u0131 koruyan etkili bir y\u00f6netim ve koruma arac\u0131 olu\u015fturuyor. Do\u011fru tasarland\u0131\u011f\u0131nda, birbiriyle ba\u011flant\u0131l\u0131 Deniz Koruma Alanlar\u0131, \u00f6zellikle do\u011fal ya\u015fam alanlar\u0131n\u0131n temsil edilme oran\u0131n\u0131, tekrar\u0131n\u0131 ve yavru t\u00fcrlerin da\u011f\u0131lmas\u0131n\u0131 sa\u011flayarak tek bir alandan daha fazla koruma ve sosyo-ekonomik fayda sa\u011flayabiliyor. Bu nedenle Deniz Koruma Alanlar\u0131n\u0131n; bal\u0131k rezervleri, \u00e7ok y\u0131ll\u0131k planlar, k\u0131y\u0131 alan\u0131 y\u00f6netimi, daha geni\u015f denizel mek\u00e2nsal planlama, t\u00fcr ve habitat iyile\u015ftirme programlar\u0131 gibi yakla\u015f\u0131mlar d\u00e2hil olmak \u00fczere, stratejik ekosistem tabanl\u0131 deniz y\u00f6netimine entegre edilmesi gerekiyor.<\/p>\n<p>\u00c7evre ve \u015eehircilik Bakanl\u0131\u011f\u0131 Tabiat Varl\u0131klar\u0131n\u0131 Koruma Genel M\u00fcd\u00fcrl\u00fc\u011f\u00fc ve K\u00fclt\u00fcr ve Turizm Bakanl\u0131\u011f\u0131 Yat\u0131r\u0131m ve \u0130\u015fletmeler Genel M\u00fcd\u00fcrl\u00fc\u011f\u00fc ile imzalad\u0131klar\u0131 i\u015fbirli\u011fi protokoller kapsam\u0131nda korunan alanlar\u0131n etkin y\u00f6netimi i\u00e7in \u00f6nemli bir ad\u0131m at\u0131ld\u0131\u011f\u0131na dikkat \u00e7eken <strong>WWF-T\u00fcrkiye Do\u011fa Koruma Direkt\u00f6r\u00fc Dr. Sedat Kalem<\/strong> toplant\u0131da \u015fu g\u00f6r\u00fc\u015fleri dile getirdi: \u201cBal\u0131k stoklar\u0131n\u0131n h\u0131zla azald\u0131\u011f\u0131, iklim krizinin ya\u015fam\u0131 tehdit etti\u011fi, plastik at\u0131klar\u0131n \u00f6nemli boyutlara ula\u015ft\u0131\u011f\u0131 bir s\u00fcre\u00e7ten ge\u00e7iyoruz. Bu \u015fartlar alt\u0131nda, deniz ekosistemlerinin korunmas\u0131 ve denizel kaynaklar\u0131n daha iyi y\u00f6netilmesi, yaln\u0131z do\u011fa i\u00e7in de\u011fil, ayn\u0131 zamanda bu kaynaklara ba\u011f\u0131ml\u0131 insanlar ve sekt\u00f6rler i\u00e7in de hayati \u00f6neme sahip. S\u00fcrd\u00fcr\u00fclebilir gelece\u011fimiz i\u00e7in daha fazla israf etmeden, t\u00fcketmeden, kirletmeden ya\u015faman\u0131n yollar\u0131n\u0131 bulmal\u0131y\u0131z. Bu bak\u0131mdan Deniz Koruma Alanlar\u0131, \u00f6nemli bir \u00e7\u0131k\u0131\u015f yolu. Buralarda olu\u015fturulacak ava yasak alanlar, bal\u0131k stoklar\u0131n\u0131n \u00fcremesi ve uzun vadede bal\u0131k\u00e7\u0131 i\u00e7in bal\u0131k tedarikinin g\u00fcvence alt\u0131na al\u0131nmas\u0131 demek. Deniz Koruma Alanlar\u0131n\u0131n say\u0131ca ve alanca artmas\u0131 kadar, bu alanlar\u0131n iyi korunmas\u0131 ve y\u00f6netimi de ayn\u0131 derecede \u00f6nemli. Bu nedenle ba\u015far\u0131 i\u00e7in, bal\u0131k\u00e7\u0131lar d\u00e2hil t\u00fcm yerel payda\u015flar\u0131n s\u00fcrece kat\u0131l\u0131m\u0131n\u0131 sa\u011flamam\u0131z gerekiyor\u201d dedi.<\/p>\n<p>Deniz Koruma Alanlar\u0131nda daha etkin y\u00f6netim i\u00e7in bu konudaki ulusal mevzuat\u0131n mali kaynaklar\u0131n iyile\u015ftirilmesi gere\u011fine de dikkat \u00e7eken Kalem \u015f\u00f6yle devam etti: \u201cY\u00f6netimde etkinli\u011fin sa\u011flanmas\u0131 i\u00e7in gerekli mali kaynaklar\u0131 artt\u0131rmak ve istikrarl\u0131 finansal ak\u0131\u015f sa\u011flamak gerekiyor. Ayr\u0131ca alternatif mali kaynak yaratmak i\u00e7in yenilik\u00e7i yakla\u015f\u0131mlar geli\u015ftirilmeli ve kamunun sa\u011flayaca\u011f\u0131 \u00f6deneklere ba\u011f\u0131ml\u0131l\u0131k azalt\u0131lmal\u0131.\u201d<\/p>\n<p>Toplant\u0131dan sonra WWF\u2019in Blue Panda yelkenlisi ziyaret edildi; Akdeniz\u2019de plastik kirlili\u011fine dikkat \u00e7ekmek amac\u0131yla bir saha gezisi yap\u0131ld\u0131.<\/p>","protected":false},"excerpt":{"rendered":"<p>Sorry, this entry is only available in Turkish. For the sake of viewer convenience, the content is shown below in the alternative language. You may click the link to switch the active language. WWF\u2019in Blue Panda yelkenlisi, \u201cdaha iyi korunan bir Akdeniz\u201d fikrinden hareketle \u00e7\u0131kt\u0131\u011f\u0131 yolda T\u00fcrkiye ziyareti \u00e7er\u00e7evesindeki etkinliklerini \u0130stanbul ve \u0130zmir\u2019in ard\u0131ndan Ka\u015f\u2019ta [&hellip;]<\/p>\n","protected":false},"author":1,"featured_media":100734,"comment_status":"open","ping_status":"open","sticky":false,"template":"","format":"standard","meta":[],"categories":[53],"tags":[58468,58472,56888,58473,1827,51007,52259,53407,20596,58471,58467,58470,58469,1298,687],"views":711,"_links":{"self":[{"href":"https:\/\/www.enerjigazetesi.ist\/en\/wp-json\/wp\/v2\/posts\/100732"}],"collection":[{"href":"https:\/\/www.enerjigazetesi.ist\/en\/wp-json\/wp\/v2\/posts"}],"about":[{"href":"https:\/\/www.enerjigazetesi.ist\/en\/wp-json\/wp\/v2\/types\/post"}],"author":[{"embeddable":true,"href":"https:\/\/www.enerjigazetesi.ist\/en\/wp-json\/wp\/v2\/users\/1"}],"replies":[{"embeddable":true,"href":"https:\/\/www.enerjigazetesi.ist\/en\/wp-json\/wp\/v2\/comments?post=100732"}],"version-history":[{"count":0,"href":"https:\/\/www.enerjigazetesi.ist\/en\/wp-json\/wp\/v2\/posts\/100732\/revisions"}],"wp:featuredmedia":[{"embeddable":true,"href":"https:\/\/www.enerjigazetesi.ist\/en\/wp-json\/wp\/v2\/media\/100734"}],"wp:attachment":[{"href":"https:\/\/www.enerjigazetesi.ist\/en\/wp-json\/wp\/v2\/media?parent=100732"}],"wp:term":[{"taxonomy":"category","embeddable":true,"href":"https:\/\/www.enerjigazetesi.ist\/en\/wp-json\/wp\/v2\/categories?post=100732"},{"taxonomy":"post_tag","embeddable":true,"href":"https:\/\/www.enerjigazetesi.ist\/en\/wp-json\/wp\/v2\/tags?post=100732"}],"curies":[{"name":"wp","href":"https:\/\/api.w.org\/{rel}","templated":true}]}}