{"id":100693,"date":"2019-10-11T09:29:42","date_gmt":"2019-10-11T06:29:42","guid":{"rendered":"https:\/\/www.enerjigazetesi.ist\/?p=100693"},"modified":"2019-10-11T09:29:42","modified_gmt":"2019-10-11T06:29:42","slug":"mavi-kapak-projesine-okullar-ve-kurumsal-firmalardan-tam-destek","status":"publish","type":"post","link":"https:\/\/www.enerjigazetesi.ist\/en\/mavi-kapak-projesine-okullar-ve-kurumsal-firmalardan-tam-destek\/","title":{"rendered":"(Turkish) Mavi Kapak Projesine Okullar ve Kurumsal Firmalardan Tam Destek!"},"content":{"rendered":"<p class=\"qtranxs-available-languages-message qtranxs-available-languages-message-en\">Sorry, this entry is only available in <a href=\"https:\/\/www.enerjigazetesi.ist\/tr\/wp-json\/wp\/v2\/posts\/100693\" class=\"qtranxs-available-language-link qtranxs-available-language-link-tr\" title=\"Turkish\">Turkish<\/a>. For the sake of viewer convenience, the content is shown below in the alternative language. You may click the link to switch the active language.<\/p><p><\/p>\n<h1>Sakarya Elektrik Da\u011f\u0131t\u0131m A.\u015e.&#8217;nin (SEDA\u015e) mavi kapak toplama kampanyas\u0131; SEDA\u015e g\u00f6n\u00fcll\u00fcleri ile birlikte okullar ve kurumsal firmalar\u0131n deste\u011fi ile devam ediyor.<\/h1>\n<p>T\u00fcrkiye Omurilik Fel\u00e7lileri Derne\u011fi (TOFD) ile i\u015fbirli\u011fi i\u00e7erisinde y\u00fcr\u00fct\u00fclen projeye, Kocaeli ilinde faaliyet g\u00f6steren \u00f6zel bir hastane \u00e7al\u0131\u015fanlar\u0131 ile Adapazar\u0131 <strong>Camili Osmanbey \u0130lkokulu<\/strong> \u00f6\u011frencilerinden destek geldi. \u00d6zel hastane \u00e7al\u0131\u015fanlar\u0131 ad\u0131na duygular\u0131n\u0131 dile getiren <strong>Haluk \u015eim\u015fek<\/strong>, <img loading=\"lazy\" class=\"alignright wp-image-100695\" src=\"https:\/\/www.enerjigazetesi.ist\/wp-content\/uploads\/2019\/10\/mavi-kapak-projesine-okullar-ve-kurumsal-firmalardan-tam-destek-2.jpg\" alt=\"\" width=\"320\" height=\"180\" srcset=\"https:\/\/www.enerjigazetesi.ist\/wp-content\/uploads\/2019\/10\/mavi-kapak-projesine-okullar-ve-kurumsal-firmalardan-tam-destek-2.jpg 867w, https:\/\/www.enerjigazetesi.ist\/wp-content\/uploads\/2019\/10\/mavi-kapak-projesine-okullar-ve-kurumsal-firmalardan-tam-destek-2-300x169.jpg 300w, https:\/\/www.enerjigazetesi.ist\/wp-content\/uploads\/2019\/10\/mavi-kapak-projesine-okullar-ve-kurumsal-firmalardan-tam-destek-2-768x432.jpg 768w, https:\/\/www.enerjigazetesi.ist\/wp-content\/uploads\/2019\/10\/mavi-kapak-projesine-okullar-ve-kurumsal-firmalardan-tam-destek-2-500x281.jpg 500w, https:\/\/www.enerjigazetesi.ist\/wp-content\/uploads\/2019\/10\/mavi-kapak-projesine-okullar-ve-kurumsal-firmalardan-tam-destek-2-80x45.jpg 80w\" sizes=\"(max-width: 320px) 100vw, 320px\" \/>&#8220;Kapak Olsun&#8221; projesini desteklediklerini belirterek;\u00a0 \u201cBu kapaklar\u0131 bizler de topluyor ve geri d\u00f6n\u00fc\u015f\u00fcm i\u00e7in muhafaza ediyoruz; do\u011fru yerlere ula\u015ft\u0131r\u0131lmalar\u0131 i\u00e7in SEDA\u015e y\u00f6neticileri ile ileti\u015fime ge\u00e7tik. Engelli vatanda\u015flar\u0131m\u0131zdan birine de olsa tekerlekli sandalye sa\u011flayacak bu projeye katk\u0131da bulunmaktan herkes gibi bizler de mutluluk duyuyoruz\u201d dedi.\u00a0<strong>Camili Osmanbey \u0130lkokulu<\/strong> 4-F \u00f6\u011frencileri ad\u0131na toplad\u0131klar\u0131 kapaklar\u0131 teslim eden \u00f6\u011frenci velisi <strong>Kadir Kalyoncu<\/strong> ise; \u201cK\u0131z\u0131m s\u0131n\u0131ftaki arkada\u015flar\u0131yla birlikte kapak topluyormu\u015f. K\u00fc\u00e7\u00fck ya\u015fta b\u00f6yle bir sosyal sorumluluk projesine kat\u0131lmalar\u0131 biz veliler i\u00e7in \u00e7ok onur verici, bundan sonra evde de mavi plastik kapaklar\u0131 biriktirmeye devam edece\u011fiz\u201d diye belirterek; SEDA\u015e y\u00f6neticilerine bu iyilik hareketinin zeminini haz\u0131rlad\u0131klar\u0131 ve gerekli koordinasyonu sa\u011flad\u0131klar\u0131 i\u00e7in te\u015fekk\u00fcrlerini iletti.<\/p>\n<p>Nisan ay\u0131nda g\u00f6nderilen kapaklar\u0131n devam\u0131nda; <em>g\u00f6n\u00fcll\u00fcler, \u00f6\u011frenci, duyarl\u0131 vatanda\u015f ve kurumsal firmalar\u0131n<\/em> <strong>5 ayl\u0131k<\/strong> zaman diliminde toplad\u0131\u011f\u0131 <strong>250 bin mavi kapak<\/strong> T\u00fcrkiye Omurilik Fel\u00e7lileri Derne\u011fine g\u00f6nderildi.<\/p>\n<p>SEDA\u015e G\u00f6n\u00fcll\u00fcleri, <strong>T\u00fcrkiye Omurilik Fel\u00e7lileri Derne\u011fi<\/strong> ile yapt\u0131klar\u0131 protokol \u00e7er\u00e7evesinde sadece SEDA\u015e \u00e7al\u0131\u015fanlar\u0131n\u0131n de\u011fil; vatanda\u015flar\u0131n, \u00f6\u011frencilerin ve kurumsal firmalar\u0131n da deste\u011fi ile kampanyan\u0131n devam etti\u011fini ve katk\u0131 sa\u011flayan herkese te\u015fekk\u00fcr ettiklerini ifade etti.<\/p>","protected":false},"excerpt":{"rendered":"<p>Sorry, this entry is only available in Turkish. For the sake of viewer convenience, the content is shown below in the alternative language. You may click the link to switch the active language. Sakarya Elektrik Da\u011f\u0131t\u0131m A.\u015e.&#8217;nin (SEDA\u015e) mavi kapak toplama kampanyas\u0131; SEDA\u015e g\u00f6n\u00fcll\u00fcleri ile birlikte okullar ve kurumsal firmalar\u0131n deste\u011fi ile devam ediyor. T\u00fcrkiye [&hellip;]<\/p>\n","protected":false},"author":1,"featured_media":100696,"comment_status":"open","ping_status":"open","sticky":false,"template":"","format":"standard","meta":[],"categories":[51,53],"tags":[58406,58404,53114,52674,52259,58403,58405,30482,52486,45677,1884,41304,58402],"views":521,"_links":{"self":[{"href":"https:\/\/www.enerjigazetesi.ist\/en\/wp-json\/wp\/v2\/posts\/100693"}],"collection":[{"href":"https:\/\/www.enerjigazetesi.ist\/en\/wp-json\/wp\/v2\/posts"}],"about":[{"href":"https:\/\/www.enerjigazetesi.ist\/en\/wp-json\/wp\/v2\/types\/post"}],"author":[{"embeddable":true,"href":"https:\/\/www.enerjigazetesi.ist\/en\/wp-json\/wp\/v2\/users\/1"}],"replies":[{"embeddable":true,"href":"https:\/\/www.enerjigazetesi.ist\/en\/wp-json\/wp\/v2\/comments?post=100693"}],"version-history":[{"count":0,"href":"https:\/\/www.enerjigazetesi.ist\/en\/wp-json\/wp\/v2\/posts\/100693\/revisions"}],"wp:featuredmedia":[{"embeddable":true,"href":"https:\/\/www.enerjigazetesi.ist\/en\/wp-json\/wp\/v2\/media\/100696"}],"wp:attachment":[{"href":"https:\/\/www.enerjigazetesi.ist\/en\/wp-json\/wp\/v2\/media?parent=100693"}],"wp:term":[{"taxonomy":"category","embeddable":true,"href":"https:\/\/www.enerjigazetesi.ist\/en\/wp-json\/wp\/v2\/categories?post=100693"},{"taxonomy":"post_tag","embeddable":true,"href":"https:\/\/www.enerjigazetesi.ist\/en\/wp-json\/wp\/v2\/tags?post=100693"}],"curies":[{"name":"wp","href":"https:\/\/api.w.org\/{rel}","templated":true}]}}