{"id":100652,"date":"2019-10-10T14:53:06","date_gmt":"2019-10-10T11:53:06","guid":{"rendered":"https:\/\/www.enerjigazetesi.ist\/?p=100652"},"modified":"2019-10-10T15:27:53","modified_gmt":"2019-10-10T12:27:53","slug":"go-green-in-the-city-2019-un-barcelonadaki-final-inde-turkiye-de-yarisacak","status":"publish","type":"post","link":"https:\/\/www.enerjigazetesi.ist\/en\/go-green-in-the-city-2019-un-barcelonadaki-final-inde-turkiye-de-yarisacak\/","title":{"rendered":"(Turkish) &#8217;Go Green In The City 2019&#8217;un Finalinde T\u00fcrkiye&#8217;de Yar\u0131\u015facak!"},"content":{"rendered":"<p class=\"qtranxs-available-languages-message qtranxs-available-languages-message-en\">Sorry, this entry is only available in <a href=\"https:\/\/www.enerjigazetesi.ist\/tr\/wp-json\/wp\/v2\/posts\/100652\" class=\"qtranxs-available-language-link qtranxs-available-language-link-tr\" title=\"Turkish\">Turkish<\/a>. For the sake of viewer convenience, the content is shown below in the alternative language. You may click the link to switch the active language.<\/p><p><\/p>\n<h1><strong>Schneider Electric, Go Green in the City adl\u0131 \u00fcniversite \u00f6\u011frencilerine y\u00f6nelik d\u00fczenledi\u011fi uluslararas\u0131 yar\u0131\u015fman\u0131n 2019 finallerinde yer alacak ekipleri a\u00e7\u0131klarken yar\u0131 finalistler 3.040 kat\u0131l\u0131mc\u0131 aras\u0131ndan se\u00e7ilen 16 \u00f6\u011frenciden olu\u015fuyor ve aralar\u0131nda T\u00fcrkiye\u2019den de Orta Do\u011fu Teknik \u00dcniversitesi tak\u0131m\u0131 yer al\u0131yor.<\/strong><\/h1>\n<p>Schneider Electric\u2019in her y\u0131l d\u00fczenledi\u011fi uluslararas\u0131 \u00f6\u011frenci yar\u0131\u015fmas\u0131 <strong>Go Green in the City<\/strong>\u2019nin final turu bu sene <strong>\u0130spanya \/ Barselona<\/strong>\u2019da ger\u00e7ekle\u015fecek. \u015eirket, Go Green in the City ile \u00f6\u011frencileri, daha ak\u0131ll\u0131 ve daha s\u00fcrd\u00fcr\u00fclebilir bir gelecek i\u00e7in cesur enerji y\u00f6netimi ve otomasyon fikirlerini sunmaya davet ediyor. Bu kapsamda \u015firket Ekim ay\u0131nda d\u00fczenlenecek olan final turunda yar\u0131\u015facak <strong>16 <img loading=\"lazy\" class=\"alignright wp-image-100655\" src=\"https:\/\/www.enerjigazetesi.ist\/wp-content\/uploads\/2019\/10\/go-green-in-the-city-2019in-barcelonadaki-finalinde-turkiyede-yarisacak-1.jpg\" alt=\"\" width=\"320\" height=\"180\" srcset=\"https:\/\/www.enerjigazetesi.ist\/wp-content\/uploads\/2019\/10\/go-green-in-the-city-2019in-barcelonadaki-finalinde-turkiyede-yarisacak-1.jpg 868w, https:\/\/www.enerjigazetesi.ist\/wp-content\/uploads\/2019\/10\/go-green-in-the-city-2019in-barcelonadaki-finalinde-turkiyede-yarisacak-1-300x169.jpg 300w, https:\/\/www.enerjigazetesi.ist\/wp-content\/uploads\/2019\/10\/go-green-in-the-city-2019in-barcelonadaki-finalinde-turkiyede-yarisacak-1-768x432.jpg 768w, https:\/\/www.enerjigazetesi.ist\/wp-content\/uploads\/2019\/10\/go-green-in-the-city-2019in-barcelonadaki-finalinde-turkiyede-yarisacak-1-500x281.jpg 500w, https:\/\/www.enerjigazetesi.ist\/wp-content\/uploads\/2019\/10\/go-green-in-the-city-2019in-barcelonadaki-finalinde-turkiyede-yarisacak-1-80x45.jpg 80w\" sizes=\"(max-width: 320px) 100vw, 320px\" \/>\u00f6\u011frenciden<\/strong> meydana gelen <strong>8 yar\u0131 finalist ekibi<\/strong> a\u00e7\u0131klad\u0131.<\/p>\n<p>Ekipler <strong><em>ABD, Brezilya, Hong Kong, Hindistan, Filipinler, \u0130ngiltere, T\u00fcrkiye ve \u0130spanya\u2019dan<\/em><\/strong> se\u00e7ildi. Fikirlerini sunan <strong>3.040 \u00f6\u011frenci<\/strong> aras\u0131ndan \u00f6ne \u00e7\u0131kan bu ekipler yar\u0131\u015fmada, <strong>d\u00fcnyan\u0131n yedi b\u00f6lgesi<\/strong>ni temsil ediyorlar. \u015eirket ayr\u0131ca \u201cEnerjide Kad\u0131n \u00d6d\u00fcl\u00fc\u201d \u00f6zel \u00f6d\u00fcl\u00fcn\u00fcn kazanan\u0131na da Global Finale kat\u0131lmas\u0131 i\u00e7in davet etti. Bu \u00f6d\u00fcl tamamen kad\u0131nlardan olu\u015fan bir ekibe veriliyor.<\/p>\n<p>S\u00fcreci de\u011ferlendiren Schneider Electric \u0130nsan Kaynaklar\u0131 Ba\u015fkan\u0131 Olivier Blum; \u201cGlobal \u0130novasyon Zirvesi\u2019nde gen\u00e7 yenilik\u00e7ileri a\u011f\u0131rlamaktan heyecan duyuyoruz. M\u00fc\u015fterilerimiz ve i\u015f ortaklar\u0131m\u0131zla birlikte onlar\u0131n cesur fikirlerini dinlemek i\u00e7in sab\u0131rs\u0131zlan\u0131yoruz. Bu ayn\u0131 zamanda, enerji y\u00f6netimi ve otomasyonun en son dijital d\u00f6n\u00fc\u015f\u00fcm\u00fcne tan\u0131kl\u0131k eden gen\u00e7ler i\u00e7in bir \u00f6\u011frenme f\u0131rsat\u0131 olacak\u201d dedi.<\/p>\n<p>Yar\u0131 finalistler, Schneider Electric\u2019in 3500 end\u00fcstri profesyoneli i\u00e7in d\u00fczenledi\u011fi \u0130novasyon Zirvesi\u2019nde, \u00f6zel j\u00fcriye \u00f6rnek \u00e7al\u0131\u015fmalar\u0131n\u0131 sunmaya haz\u0131rlan\u0131yorlar. Final turunun kazananlar\u0131, Schneider Electric ile \u00e7al\u0131\u015fma \u015fans\u0131na sahip olacak ve Schneider Electric ofislerinin bulundu\u011fu, kendi se\u00e7imleri olan iki \u015fehre <strong>seyahat hakk\u0131<\/strong> kazanacaklar.<\/p>\n<h2>Zirvede yer alacak yar\u0131 finalist tak\u0131mlar <span style=\"text-decoration: underline;\">ise \u015fu \u015fekilde;<\/span><\/h2>\n<p>&#8211; <strong>Kuzey Amerika Birincisi:<\/strong> ABD\u2019deki Princeton \u00dcniversitesi\u2019nden Ayushi Sinha ve Noah Schochet<\/p>\n<p>&#8211; <strong>G\u00fcney Amerika Birincisi:<\/strong> Brezilya\u2019daki Universidade Federal de Ouro Preto\u2019dan Lucas Pacheco Heringer Batista ve Mirian Maia<\/p>\n<p>&#8211; <strong>\u00c7in Birincisi:<\/strong> Hong Kong\u2019daki Hong Kong Bilim ve Teknoloji \u00dcniversitesi\u2019nden Tiancheng Wang ve Xingyi Fan<\/p>\n<p>&#8211; <strong>Hindistan Birincisi:<\/strong> Hindistan\u2019daki Rajasthan Teknik \u00dcniversitesi\u2019nden Nimisha Varma ve Naveen Suman<\/p>\n<p>&#8211; <strong>APAC Birincisi:<\/strong> Filipinler\u2019deki Ateneo De Manila \u00dcniversitesi\u2019nden Anna Gabriella Ozaeta ve Yumi Briones<\/p>\n<p>&#8211; <strong>Avrupa Birincisi:<\/strong> \u0130ngiltere\u2019deki Leads \u00dcniversitesi\u2019nden Adrienne Roser ve Rachel Ramage<\/p>\n<p>&#8211; <strong>Orta Do\u011fu ve Afrika Birincisi:<\/strong> T\u00fcrkiye\u2019deki Orta Do\u011fu Teknik \u00dcniversitesi\u2019nden Fidan Abdullayeva ve Hossam Ahmed<\/p>\n<p>&#8211; <strong>Enerjide Kad\u0131n Birincisi:<\/strong> \u0130spanya\u2019daki La Salle Ramon Llull \u00dcniversitesi\u2019nden Romina Bel\u00e9n Puglisi ve Alejandra Carrillo Di Giacomo<\/p>\n<p>Go Green in the City 2018 finalisti olan ve Schneider Electric ABD \u00e7al\u0131\u015fmaya ba\u015flayan Angela Carver kendi deneyimini \u015fu \u015fekilde payla\u015ft\u0131; \u201cHen\u00fcz bir \u00f6\u011frenci olsam da fikirlerimin de\u011ferli oldu\u011funu g\u00f6rd\u00fcm. Yar\u0131\u015fma, tak\u0131m arkada\u015f\u0131m\u0131 ve beni, anlaml\u0131 bir ama\u00e7 do\u011frultusunda fikirlerimizi ger\u00e7ekle\u015ftirmemize yard\u0131mc\u0131 olabilecek insanlarla payla\u015fmam\u0131z i\u00e7in cesaretlendirdi.\u201d<\/p>\n<h2><strong>2020\u2019de<\/strong> <strong>Go Green in the City\u2019nin 10&#8217;uncu y\u0131ld\u00f6n\u00fcm\u00fc kutlanacak<\/strong><\/h2>\n<p>2011 y\u0131l\u0131nda ba\u015flayan Go Green in the City, <strong>m\u00fchendislik ve i\u015fletme \u00f6\u011frencilerine<\/strong> Schneider Electric\u2019in ak\u0131ll\u0131 gelecek i\u015f koluna ili\u015fkin yenilik\u00e7i fikirlerini sunmalar\u0131 i\u00e7in bir f\u0131rsat veriyor.<\/p>\n<p>Go Green in the City\u2019ye duyulan ilgi ge\u00e7ti\u011fimiz <strong>9 y\u0131lda 113.000\u2019<\/strong>den fazla \u00f6\u011frenci kayd\u0131 ve <strong>18.800\u2019den<\/strong> fazla fikirle katlanarak b\u00fcy\u00fcd\u00fc. Sadece bu y\u0131l <strong>Schneider Electric<\/strong>, yar\u0131\u015fma i\u00e7in yeni bir rekor k\u0131rarak <strong>165 \u00fclkeden 23.000\u2019den<\/strong> fazla ba\u015fvuru ve <strong>3000\u2019den<\/strong> fazla <strong>proje ba\u015fvurusu<\/strong> ald\u0131.<\/p>\n<p>Her sene \u00f6\u011frencilerin artarak ilgi g\u00f6sterilmesiyle ilerleyen ve art\u0131k gelenekselle\u015fen yar\u0131\u015fman\u0131n <strong>2020\u2019de<\/strong> <strong>10. y\u0131ld\u00f6n\u00fcm\u00fc<\/strong> kutlanacak. <strong>Go Green in the City 2020<\/strong>, <strong>Ekim 2019\u2019da<\/strong> ba\u015flayacak ve finalleri <strong>Haziran 2020<\/strong>\u2019de <strong>Las Vegas \u0130novasyon Zirvesi<\/strong>\u2019nde yap\u0131lacak.<\/p>\n<p><strong>Go Green in the City 2020 \u0130le \u0130lgili Daha Fazla Bilgi \u0130\u00e7in:<\/strong>\u00a0<a href=\"https:\/\/gogreeninthecity.se.com\/\" target=\"_blank\" rel=\"noopener\">https:\/\/gogreeninthecity.se.com\/<\/a> adresini ziyaret edebilirsiniz.<\/p>","protected":false},"excerpt":{"rendered":"<p>Sorry, this entry is only available in Turkish. For the sake of viewer convenience, the content is shown below in the alternative language. You may click the link to switch the active language. Schneider Electric, Go Green in the City adl\u0131 \u00fcniversite \u00f6\u011frencilerine y\u00f6nelik d\u00fczenledi\u011fi uluslararas\u0131 yar\u0131\u015fman\u0131n 2019 finallerinde yer alacak ekipleri a\u00e7\u0131klarken yar\u0131 finalistler [&hellip;]<\/p>\n","protected":false},"author":1,"featured_media":100658,"comment_status":"open","ping_status":"open","sticky":false,"template":"","format":"standard","meta":[],"categories":[51,53],"tags":[58364,58369,36789,56547,52259,154,58365,58360,58371,40319,4353,58372,58370,985,58367,4680,17945,58363,58366,58373,4157,846,58361,58368,58362],"views":513,"_links":{"self":[{"href":"https:\/\/www.enerjigazetesi.ist\/en\/wp-json\/wp\/v2\/posts\/100652"}],"collection":[{"href":"https:\/\/www.enerjigazetesi.ist\/en\/wp-json\/wp\/v2\/posts"}],"about":[{"href":"https:\/\/www.enerjigazetesi.ist\/en\/wp-json\/wp\/v2\/types\/post"}],"author":[{"embeddable":true,"href":"https:\/\/www.enerjigazetesi.ist\/en\/wp-json\/wp\/v2\/users\/1"}],"replies":[{"embeddable":true,"href":"https:\/\/www.enerjigazetesi.ist\/en\/wp-json\/wp\/v2\/comments?post=100652"}],"version-history":[{"count":0,"href":"https:\/\/www.enerjigazetesi.ist\/en\/wp-json\/wp\/v2\/posts\/100652\/revisions"}],"wp:featuredmedia":[{"embeddable":true,"href":"https:\/\/www.enerjigazetesi.ist\/en\/wp-json\/wp\/v2\/media\/100658"}],"wp:attachment":[{"href":"https:\/\/www.enerjigazetesi.ist\/en\/wp-json\/wp\/v2\/media?parent=100652"}],"wp:term":[{"taxonomy":"category","embeddable":true,"href":"https:\/\/www.enerjigazetesi.ist\/en\/wp-json\/wp\/v2\/categories?post=100652"},{"taxonomy":"post_tag","embeddable":true,"href":"https:\/\/www.enerjigazetesi.ist\/en\/wp-json\/wp\/v2\/tags?post=100652"}],"curies":[{"name":"wp","href":"https:\/\/api.w.org\/{rel}","templated":true}]}}