{"id":100609,"date":"2019-10-10T11:10:57","date_gmt":"2019-10-10T08:10:57","guid":{"rendered":"https:\/\/www.enerjigazetesi.ist\/?p=100609"},"modified":"2019-10-10T11:11:43","modified_gmt":"2019-10-10T08:11:43","slug":"tusad-karbonsuz-kongre-icin-ilk-adimi-atiyor","status":"publish","type":"post","link":"https:\/\/www.enerjigazetesi.ist\/en\/tusad-karbonsuz-kongre-icin-ilk-adimi-atiyor\/","title":{"rendered":"(Turkish) T\u00dcSAD &#8216;Karbonsuz Kongre&#8217; \u0130\u00e7in \u0130lk Ad\u0131m\u0131 At\u0131yor!"},"content":{"rendered":"<p class=\"qtranxs-available-languages-message qtranxs-available-languages-message-en\">Sorry, this entry is only available in <a href=\"https:\/\/www.enerjigazetesi.ist\/tr\/wp-json\/wp\/v2\/posts\/100609\" class=\"qtranxs-available-language-link qtranxs-available-language-link-tr\" title=\"Turkish\">Turkish<\/a>. For the sake of viewer convenience, the content is shown below in the alternative language. You may click the link to switch the active language.<\/p><p><\/p>\n<h1>Bize hayat veren ormanlar yang\u0131nlar ile yok olmakta. Do\u011fal kaynaklar\u0131 korumak, s\u00fcrd\u00fcr\u00fclebilirli\u011fini sa\u011flamak ve karbon sal\u0131m\u0131n\u0131 azaltabilmek i\u00e7in harekete ge\u00e7en T\u00dcSAD, ilk ad\u0131m\u0131n\u0131 \u201cKarbonsuz Kongre\u201d ile atacak. Ege Orman Vakf\u0131 ile i\u015fbirli\u011fi yapan T\u00dcSAD, bu ay ger\u00e7ekle\u015fecek 41&#8217;inci Solunum Kongresine kat\u0131l\u0131m i\u00e7in yap\u0131lacak her u\u00e7ak yolculu\u011fu i\u00e7in a\u011fa\u00e7 dikerek, kat\u0131l\u0131mc\u0131lar\u0131n karbon ayak izini silecek. T\u00dcSAD Ba\u015fkan\u0131 Prof. Dr. Arzu Mirici, \u201cBu bir ba\u015flang\u0131\u00e7, hedefimizde Solunum Orman\u0131 olu\u015fturmak var\u201d dedi.<\/h1>\n<p>Akci\u011fer sa\u011fl\u0131\u011f\u0131 konusunda T\u00fcrkiye\u2019nin ilk uzmanl\u0131k derne\u011fi olan <strong>T\u00fcrkiye Solunum Ara\u015ft\u0131rmalar\u0131 Derne\u011fi (T\u00dcSAD)<\/strong>, <strong>iklim de\u011fi\u015fikli\u011fi ve ormans\u0131zla\u015fma<\/strong> konular\u0131nda toplumsal fark\u0131ndal\u0131\u011f\u0131 artt\u0131rmak amac\u0131yla \u00f6rnek bir projeye imza at\u0131yor.<\/p>\n<p><img loading=\"lazy\" class=\"alignright wp-image-100612\" src=\"https:\/\/www.enerjigazetesi.ist\/wp-content\/uploads\/2019\/10\/tusad-karbonsuz-kongre-icin-ilk-adimi-atiyor-2.jpg\" alt=\"\" width=\"320\" height=\"273\" srcset=\"https:\/\/www.enerjigazetesi.ist\/wp-content\/uploads\/2019\/10\/tusad-karbonsuz-kongre-icin-ilk-adimi-atiyor-2.jpg 571w, https:\/\/www.enerjigazetesi.ist\/wp-content\/uploads\/2019\/10\/tusad-karbonsuz-kongre-icin-ilk-adimi-atiyor-2-300x256.jpg 300w, https:\/\/www.enerjigazetesi.ist\/wp-content\/uploads\/2019\/10\/tusad-karbonsuz-kongre-icin-ilk-adimi-atiyor-2-468x400.jpg 468w, https:\/\/www.enerjigazetesi.ist\/wp-content\/uploads\/2019\/10\/tusad-karbonsuz-kongre-icin-ilk-adimi-atiyor-2-59x50.jpg 59w\" sizes=\"(max-width: 320px) 100vw, 320px\" \/>T\u00dcSAD, <strong>26-29 Ekim<\/strong> tarihlerinde ger\u00e7ekle\u015fecek <strong>41. Uluslararas\u0131 Kat\u0131l\u0131ml\u0131 Ulusal Solunum Kongresi (SOLUNUM 2019)<\/strong> nedeniyle olu\u015facak, karbon emisyonlar\u0131n\u0131 denkle\u015ftirmeyi hedefliyor. Kongre kat\u0131l\u0131mc\u0131lar\u0131n\u0131n yapacaklar\u0131 u\u00e7ak yolculuklar\u0131n\u0131n kar\u015f\u0131l\u0131\u011f\u0131nda fidan dikecek olan T\u00dcSAD\u2019\u0131n hedefinde bir \u201cSolunum Orman\u0131\u201d olu\u015fturmak yer al\u0131yor.<\/p>\n<p>Arazi tahribat\u0131n\u0131n ve ormans\u0131zla\u015fman\u0131n T\u00fcrkiye\u2019nin en b\u00fcy\u00fck sorunlar\u0131ndan biri oldu\u011funu belirten T\u00dcSAD Ba\u015fkan\u0131 Prof. Dr. Arzu Mirici, <strong>\u201cKarbonsuz Kongre\u201d<\/strong> \u00e7al\u0131\u015fmalar\u0131 hakk\u0131nda \u015fu bilgileri verdi: \u201cBu y\u0131lki kongre haz\u0131rl\u0131klar\u0131m\u0131z s\u0131ras\u0131nda pe\u015f pe\u015fe ya\u015fanan orman yang\u0131nlar\u0131 herkes gibi bizi de \u00e7ok \u00fczd\u00fc. Bir ayda T\u00fcrkiye\u2019nin 500\u2019den fazla noktas\u0131nda orman yang\u0131n\u0131 ya\u015fand\u0131. Adeta T\u00fcrkiye\u2019nin akci\u011ferleri yand\u0131. Her bir yang\u0131nla \u00e7ocuklar\u0131m\u0131za b\u0131rakaca\u011f\u0131m\u0131z en b\u00fcy\u00fck miras olan ormanlar\u0131m\u0131z, i\u00e7inde ya\u015fayan say\u0131s\u0131z canl\u0131yla birlikte yok oluyor, topraklar\u0131m\u0131z kuruyor, havam\u0131z kirleniyor. \u0130klim de\u011fi\u015fikli\u011fi ile m\u00fccadelede karbon miktar\u0131n\u0131 dengelemenin en etkin yolu fidan dikmek ve ormanl\u0131k alanlar\u0131 korumak. D\u00fcnya \u0131s\u0131n\u0131yor, iklimler de\u011fi\u015fiyor, buzullar eriyor. Her birimiz evde, arabada, i\u015fyerinde yapt\u0131klar\u0131m\u0131zla k\u00fcresel \u0131s\u0131nmay\u0131 istemeden de olsa h\u0131zland\u0131r\u0131yoruz. Bu durumda biz de, akci\u011fer sa\u011fl\u0131\u011f\u0131 konusunda T\u00fcrkiye\u2019nin ilk uzmanl\u0131k derne\u011fi olarak harekete ge\u00e7tik ve ilk ad\u0131m\u0131 Karbonsuz Kongre ile atmaya karar verdik.\u201d<\/p>\n<h2><strong>HEDEF SOLUNUM ORMANI OLU\u015eTURMAK<\/strong><\/h2>\n<p>Karbonsuz Kongre i\u00e7in Ege Orman Vakf\u0131 ile i\u015fbirli\u011fi yapt\u0131klar\u0131n\u0131 a\u00e7\u0131klayan Mirici, bu kapsamda Solunum 2019 i\u00e7in yap\u0131lacak her u\u00e7ak yolculu\u011fu kar\u015f\u0131l\u0131\u011f\u0131nda fidan dikeceklerini belirtti. Bodrum\u2019da yap\u0131lacak kongreye yurti\u00e7inden gelen kat\u0131l\u0131mc\u0131lar i\u00e7in bir, yurtd\u0131\u015f\u0131ndan gelen konuklar i\u00e7in ise iki fidan dikeceklerini s\u00f6yleyen Mirici, s\u00f6zlerine \u015f\u00f6yle devam etti: \u201cSolunum 2019, 2 bine yak\u0131n uzman\u0131 bir araya getiren b\u00fcy\u00fck bir kongre. Bu proje ile hem yanan a\u011fa\u00e7lar\u0131m\u0131z\u0131, yok olan ormanlar\u0131m\u0131z\u0131 yerine koymaya \u00e7al\u0131\u015faca\u011f\u0131z hem de kongre i\u00e7in yapaca\u011f\u0131m\u0131z u\u00e7u\u015flar nedeniyle, atmosfere sal\u0131nan karbondioksit miktar\u0131n\u0131 denkle\u015ftirerek \u00e7evremize katk\u0131da bulunaca\u011f\u0131z. Karbonsuz Kongre bizim i\u00e7in bir ba\u015flang\u0131\u00e7 olacak, Ege Orman Vakf\u0131 ile i\u015fbirli\u011fimiz devam edecek. Bundan sonraki t\u00fcm kongre ve etkinliklerimizde de karbon ayak izimizi silece\u011fiz. \u00dclkemize ve \u00e7evremize katk\u0131da bulunabilmek i\u00e7in 4 binden fazla \u00fcyemizle daha \u00f6nce olu\u015fturmaya ba\u015flad\u0131\u011f\u0131m\u0131z T\u00dcSAD Hat\u0131ra Orman\u0131\u2019n\u0131 bir ad\u0131m ileriye ta\u015f\u0131yarak Solunum Orman\u0131\u2019na d\u00f6n\u00fc\u015ft\u00fcrece\u011fiz. 50\u2019nci y\u0131l\u0131n\u0131 kutlamaya haz\u0131rlanan dev bir \u00e7\u0131nar olarak, bundan sonra her vesile ile dikece\u011fimiz fidanlarla yeni ekosistemler olu\u015fturacak, do\u011faya borcumuzu \u00f6deyece\u011fiz.\u201d<\/p>\n<p>Kat\u0131l\u0131mc\u0131lar\u0131 aras\u0131nda yer alan AstraZeneca, Chiesi, Boehringer Ingelheim ve Pharmactive\u2019in ko\u015fulsuz katk\u0131da bulundu\u011fu Karbonsuz Kongre\u2019de, solunum sa\u011fl\u0131\u011f\u0131 her y\u00f6n\u00fc ile ele al\u0131nacak. 41. Uluslararas\u0131 Kat\u0131l\u0131ml\u0131 Ulusal Solunum Kongresi (SOLUNUM 2019), 26-29 Ekim tarihleri aras\u0131nda Bodrum\u2019da ger\u00e7ekle\u015fecek. \u201cHer nefes al\u0131\u015f\u0131m\u0131z bayramd\u0131r\u201d temas\u0131 ile ger\u00e7ekle\u015fecek kongrede, T\u00fcrkiye\u2019den ve d\u00fcnyan\u0131n pek \u00e7ok \u00fclkesinden bilim insanlar\u0131 sunum yapacak. Mezuniyet sonras\u0131 e\u011fitici kurslarla ba\u015flayacak olan program, \u00fc\u00e7 g\u00fcn boyunca bilimsel oturumlarla devam edecek.<\/p>","protected":false},"excerpt":{"rendered":"<p>Sorry, this entry is only available in Turkish. For the sake of viewer convenience, the content is shown below in the alternative language. You may click the link to switch the active language. Bize hayat veren ormanlar yang\u0131nlar ile yok olmakta. Do\u011fal kaynaklar\u0131 korumak, s\u00fcrd\u00fcr\u00fclebilirli\u011fini sa\u011flamak ve karbon sal\u0131m\u0131n\u0131 azaltabilmek i\u00e7in harekete ge\u00e7en T\u00dcSAD, ilk [&hellip;]<\/p>\n","protected":false},"author":1,"featured_media":100611,"comment_status":"open","ping_status":"open","sticky":false,"template":"","format":"standard","meta":[],"categories":[51,53,52],"tags":[58324,58320,53782,27239,58322,58328,58330,58329,12455,52259,48250,41159,58326,4578,58319,13250,58323,58331,53488,58321,53493,53492,58327,58325],"views":379,"_links":{"self":[{"href":"https:\/\/www.enerjigazetesi.ist\/en\/wp-json\/wp\/v2\/posts\/100609"}],"collection":[{"href":"https:\/\/www.enerjigazetesi.ist\/en\/wp-json\/wp\/v2\/posts"}],"about":[{"href":"https:\/\/www.enerjigazetesi.ist\/en\/wp-json\/wp\/v2\/types\/post"}],"author":[{"embeddable":true,"href":"https:\/\/www.enerjigazetesi.ist\/en\/wp-json\/wp\/v2\/users\/1"}],"replies":[{"embeddable":true,"href":"https:\/\/www.enerjigazetesi.ist\/en\/wp-json\/wp\/v2\/comments?post=100609"}],"version-history":[{"count":0,"href":"https:\/\/www.enerjigazetesi.ist\/en\/wp-json\/wp\/v2\/posts\/100609\/revisions"}],"wp:featuredmedia":[{"embeddable":true,"href":"https:\/\/www.enerjigazetesi.ist\/en\/wp-json\/wp\/v2\/media\/100611"}],"wp:attachment":[{"href":"https:\/\/www.enerjigazetesi.ist\/en\/wp-json\/wp\/v2\/media?parent=100609"}],"wp:term":[{"taxonomy":"category","embeddable":true,"href":"https:\/\/www.enerjigazetesi.ist\/en\/wp-json\/wp\/v2\/categories?post=100609"},{"taxonomy":"post_tag","embeddable":true,"href":"https:\/\/www.enerjigazetesi.ist\/en\/wp-json\/wp\/v2\/tags?post=100609"}],"curies":[{"name":"wp","href":"https:\/\/api.w.org\/{rel}","templated":true}]}}