{"id":100459,"date":"2019-10-08T13:18:25","date_gmt":"2019-10-08T10:18:25","guid":{"rendered":"https:\/\/www.enerjigazetesi.ist\/?p=100459"},"modified":"2019-10-08T13:19:07","modified_gmt":"2019-10-08T10:19:07","slug":"fatih-donmez-turkiye-enerji-zirvesinin-acilis-konusmasini-gerceklestirdi","status":"publish","type":"post","link":"https:\/\/www.enerjigazetesi.ist\/en\/fatih-donmez-turkiye-enerji-zirvesinin-acilis-konusmasini-gerceklestirdi\/","title":{"rendered":"(Turkish) Fatih D\u00f6nmez &#8216;T\u00fcrkiye Enerji Zirvesi&#8217;nin A\u00e7\u0131l\u0131\u015f Konu\u015fmas\u0131n\u0131 Ger\u00e7ekle\u015ftirdi"},"content":{"rendered":"<p class=\"qtranxs-available-languages-message qtranxs-available-languages-message-en\">Sorry, this entry is only available in <a href=\"https:\/\/www.enerjigazetesi.ist\/tr\/wp-json\/wp\/v2\/posts\/100459\" class=\"qtranxs-available-language-link qtranxs-available-language-link-tr\" title=\"Turkish\">Turkish<\/a>. For the sake of viewer convenience, the content is shown below in the alternative language. You may click the link to switch the active language.<\/p><p><\/p>\n<h1>Enerji ve Tabii Kaynaklar Bakan\u0131 Fatih D\u00f6nmez bu y\u0131l &#8220;Gelece\u011fi \u0130n\u015fa Etmek&#8221; temas\u0131yla 10&#8217;uncusu ger\u00e7ekle\u015ftirilen T\u00fcrkiye Enerji Zirvesi&#8217;nin a\u00e7\u0131l\u0131\u015f\u0131nda yapt\u0131\u011f\u0131 konu\u015fmas\u0131nda, T\u00fcrkiye&#8217;nin s\u00fcrd\u00fcr\u00fclebilir piyasa ekonomisi anlay\u0131\u015f\u0131na dayal\u0131 f\u0131rsatlar sunan bir \u00fclke oldu\u011funu dile getirdi.<\/h1>\n<p>T\u00fcrkiye&#8217;nin art\u0131k b\u00f6lgesinde enerji sekt\u00f6r\u00fcnde bir &#8220;rol model&#8221; oldu\u011funa vurgu yapan D\u00f6nmez, son 16 y\u0131lda sekt\u00f6re <strong>100 milyar dolar\u0131n<\/strong> \u00fczerinde yat\u0131r\u0131m yap\u0131ld\u0131\u011f\u0131n\u0131 da belirtirken gelecek <strong>3 y\u0131lda<\/strong> T\u00fcrkiye <img loading=\"lazy\" class=\"alignright wp-image-100462\" src=\"https:\/\/www.enerjigazetesi.ist\/wp-content\/uploads\/2019\/10\/fatih-donmez-turkiye-enerji-zirvesinin-acilis-konusmasini-gerceklestirdi.jpg\" alt=\"\" width=\"320\" height=\"213\" srcset=\"https:\/\/www.enerjigazetesi.ist\/wp-content\/uploads\/2019\/10\/fatih-donmez-turkiye-enerji-zirvesinin-acilis-konusmasini-gerceklestirdi.jpg 732w, https:\/\/www.enerjigazetesi.ist\/wp-content\/uploads\/2019\/10\/fatih-donmez-turkiye-enerji-zirvesinin-acilis-konusmasini-gerceklestirdi-300x200.jpg 300w, https:\/\/www.enerjigazetesi.ist\/wp-content\/uploads\/2019\/10\/fatih-donmez-turkiye-enerji-zirvesinin-acilis-konusmasini-gerceklestirdi-500x333.jpg 500w, https:\/\/www.enerjigazetesi.ist\/wp-content\/uploads\/2019\/10\/fatih-donmez-turkiye-enerji-zirvesinin-acilis-konusmasini-gerceklestirdi-75x50.jpg 75w, https:\/\/www.enerjigazetesi.ist\/wp-content\/uploads\/2019\/10\/fatih-donmez-turkiye-enerji-zirvesinin-acilis-konusmasini-gerceklestirdi-450x300.jpg 450w\" sizes=\"(max-width: 320px) 100vw, 320px\" \/>ekonomisinin <strong>% 5 b\u00fcy\u00fcmesiyle<\/strong> enerji talebinin de artaca\u011f\u0131n\u0131 ve bu b\u00fcy\u00fcmenin bir\u00e7ok f\u0131rsat olu\u015fturaca\u011f\u0131n\u0131 anlat\u0131rken bu \u00e7er\u00e7evede her t\u00fcrl\u00fc <strong>d\u00fczenleme, mevzuat ve te\u015fvikleri<\/strong> hayata ge\u00e7irmeye haz\u0131r olduklar\u0131n\u0131 dile getirdi.<\/p>\n<p>Yenilenebilir Enerji Kaynak Alanlar\u0131 (YEKA) yar\u0131\u015fmas\u0131n\u0131n yo\u011fun ba\u015fvuruyla tamamland\u0131\u011f\u0131n\u0131 da ifade eden D\u00f6nmez, <strong>kendi enerjisi ve teknolojisini<\/strong> \u00fcreten T\u00fcrkiye&#8217;nin daha g\u00fc\u00e7lenece\u011fini s\u00f6yleyen<br \/>\nD\u00f6nmez, <span style=\"text-decoration: underline;\">s\u00f6zlerini \u015f\u00f6yle s\u00fcrd\u00fcrd\u00fc:<\/span><\/p>\n<p>&#8220;\u00dclkemizin <strong>70 y\u0131ll\u0131k hayali<\/strong> olan <strong>ilk n\u00fckleer santrali Akkuyu<\/strong>&#8216;nun ilk \u00fcnitesini <strong>2023 itibari ile<\/strong> devreye al\u0131yoruz. T\u00fcrkiye, <strong>Akkuyu ile n\u00fckleer teknolojiyle<\/strong> tan\u0131\u015fm\u0131\u015f olacak. Akkuyu&#8217;nun bir di\u011fer \u00f6nemli boyutu da bilgi transferi ger\u00e7ekle\u015ftirmi\u015f olmas\u0131d\u0131r. Rusya&#8217;n\u0131n \u00fcniversitelerine g\u00f6nderdi\u011fimiz gen\u00e7lerimiz oradaki bilgiyi \u00fclkemize ta\u015f\u0131yor. T\u00fcrkiye bir <strong>teknoloji devrimi<\/strong> ya\u015fam\u0131\u015f olacakt\u0131r.&#8221;<\/p>\n<p>Hatice K\u00fcbra G\u00fcney \u2013 Elektrik Elektronik M\u00fchendisi \u2013\u00a0<a href=\"mailto:kubra.guney@enerjigazetesi.ist\" target=\"_blank\" rel=\"noopener\">kubra.guney@enerjigazetesi.ist<\/a><\/p>","protected":false},"excerpt":{"rendered":"<p>Sorry, this entry is only available in Turkish. For the sake of viewer convenience, the content is shown below in the alternative language. You may click the link to switch the active language. Enerji ve Tabii Kaynaklar Bakan\u0131 Fatih D\u00f6nmez bu y\u0131l &#8220;Gelece\u011fi \u0130n\u015fa Etmek&#8221; temas\u0131yla 10&#8217;uncusu ger\u00e7ekle\u015ftirilen T\u00fcrkiye Enerji Zirvesi&#8217;nin a\u00e7\u0131l\u0131\u015f\u0131nda yapt\u0131\u011f\u0131 konu\u015fmas\u0131nda, T\u00fcrkiye&#8217;nin [&hellip;]<\/p>\n","protected":false},"author":1,"featured_media":100462,"comment_status":"open","ping_status":"open","sticky":false,"template":"","format":"standard","meta":[],"categories":[51,53,43],"tags":[3019,42302,9066,32885,25180,19,21919,58208,988,18,1389,27530,39550,2048,53348,58206,58204,58207,15405,1101,846,426,58205],"views":446,"_links":{"self":[{"href":"https:\/\/www.enerjigazetesi.ist\/en\/wp-json\/wp\/v2\/posts\/100459"}],"collection":[{"href":"https:\/\/www.enerjigazetesi.ist\/en\/wp-json\/wp\/v2\/posts"}],"about":[{"href":"https:\/\/www.enerjigazetesi.ist\/en\/wp-json\/wp\/v2\/types\/post"}],"author":[{"embeddable":true,"href":"https:\/\/www.enerjigazetesi.ist\/en\/wp-json\/wp\/v2\/users\/1"}],"replies":[{"embeddable":true,"href":"https:\/\/www.enerjigazetesi.ist\/en\/wp-json\/wp\/v2\/comments?post=100459"}],"version-history":[{"count":0,"href":"https:\/\/www.enerjigazetesi.ist\/en\/wp-json\/wp\/v2\/posts\/100459\/revisions"}],"wp:featuredmedia":[{"embeddable":true,"href":"https:\/\/www.enerjigazetesi.ist\/en\/wp-json\/wp\/v2\/media\/100462"}],"wp:attachment":[{"href":"https:\/\/www.enerjigazetesi.ist\/en\/wp-json\/wp\/v2\/media?parent=100459"}],"wp:term":[{"taxonomy":"category","embeddable":true,"href":"https:\/\/www.enerjigazetesi.ist\/en\/wp-json\/wp\/v2\/categories?post=100459"},{"taxonomy":"post_tag","embeddable":true,"href":"https:\/\/www.enerjigazetesi.ist\/en\/wp-json\/wp\/v2\/tags?post=100459"}],"curies":[{"name":"wp","href":"https:\/\/api.w.org\/{rel}","templated":true}]}}