{"id":100385,"date":"2019-10-07T08:53:50","date_gmt":"2019-10-07T05:53:50","guid":{"rendered":"https:\/\/www.enerjigazetesi.ist\/?p=100385"},"modified":"2019-10-07T08:54:35","modified_gmt":"2019-10-07T05:54:35","slug":"almanya-gunes-enerjisinde-49-gwlik-kapasiteye-ulasti","status":"publish","type":"post","link":"https:\/\/www.enerjigazetesi.ist\/en\/almanya-gunes-enerjisinde-49-gwlik-kapasiteye-ulasti\/","title":{"rendered":"(Turkish) Almanya G\u00fcne\u015f Enerjisi&#8217;nde 49 GW&#8217;l\u0131k Kapasiteye Ula\u015ft\u0131"},"content":{"rendered":"<p class=\"qtranxs-available-languages-message qtranxs-available-languages-message-en\">Sorry, this entry is only available in <a href=\"https:\/\/www.enerjigazetesi.ist\/tr\/wp-json\/wp\/v2\/posts\/100385\" class=\"qtranxs-available-language-link qtranxs-available-language-link-tr\" title=\"Turkish\">Turkish<\/a>. For the sake of viewer convenience, the content is shown below in the alternative language. You may click the link to switch the active language.<\/p><p><\/p>\n<h1><strong>Almanya\u2019da g\u00fcne\u015f enerjisinden elektrik \u00fcretiminde kapasite A\u011fustos&#8217;ta 327,20 MW<img loading=\"lazy\" class=\"alignright wp-image-100388\" src=\"https:\/\/www.enerjigazetesi.ist\/wp-content\/uploads\/2019\/10\/almanya-gunes-enerjisinde-49-gwlik-kapasiteye-ulasti.jpg\" alt=\"\" width=\"320\" height=\"209\" srcset=\"https:\/\/www.enerjigazetesi.ist\/wp-content\/uploads\/2019\/10\/almanya-gunes-enerjisinde-49-gwlik-kapasiteye-ulasti.jpg 746w, https:\/\/www.enerjigazetesi.ist\/wp-content\/uploads\/2019\/10\/almanya-gunes-enerjisinde-49-gwlik-kapasiteye-ulasti-300x196.jpg 300w, https:\/\/www.enerjigazetesi.ist\/wp-content\/uploads\/2019\/10\/almanya-gunes-enerjisinde-49-gwlik-kapasiteye-ulasti-500x327.jpg 500w, https:\/\/www.enerjigazetesi.ist\/wp-content\/uploads\/2019\/10\/almanya-gunes-enerjisinde-49-gwlik-kapasiteye-ulasti-76x50.jpg 76w\" sizes=\"(max-width: 320px) 100vw, 320px\" \/> artt\u0131.<\/strong><\/h1>\n<p><strong>Almanya Federal A\u011f \u0130daresi (Bundesnetzagentur)<\/strong> a\u00e7\u0131klamas\u0131nda yay\u0131mlad\u0131\u011f\u0131 verilere g\u00f6re art\u0131\u015f\u0131n <strong>235 MW\u2019l\u0131k<\/strong> b\u00f6l\u00fcm\u00fcn\u00fc <strong>\u00e7at\u0131 \u00fcst\u00fc g\u00fcne\u015f enerjisi sistem kurulumlar\u0131<\/strong>, <strong>18,58 MW<\/strong>\u2019l\u0131k b\u00f6l\u00fcm\u00fcn\u00fc ise <strong>zemine monte projelerden meydana geldi.<\/strong><\/p>\n<p><strong>2019 y\u0131l\u0131n\u0131n<\/strong> ilk <strong>8 ay\u0131nda<\/strong> devreye al\u0131nan <strong>g\u00fcne\u015f enerjisinde<\/strong> g\u00fc\u00e7 <strong>2,72 GW<\/strong> iken <strong>fotovoltaik sistemlerin<\/strong> toplam g\u00fcc\u00fc ise <strong>48,65 GW<\/strong> oldu.<\/p>","protected":false},"excerpt":{"rendered":"<p>Sorry, this entry is only available in Turkish. For the sake of viewer convenience, the content is shown below in the alternative language. You may click the link to switch the active language. Almanya\u2019da g\u00fcne\u015f enerjisinden elektrik \u00fcretiminde kapasite A\u011fustos&#8217;ta 327,20 MW artt\u0131. Almanya Federal A\u011f \u0130daresi (Bundesnetzagentur) a\u00e7\u0131klamas\u0131nda yay\u0131mlad\u0131\u011f\u0131 verilere g\u00f6re art\u0131\u015f\u0131n 235 MW\u2019l\u0131k [&hellip;]<\/p>\n","protected":false},"author":1,"featured_media":100388,"comment_status":"open","ping_status":"open","sticky":false,"template":"","format":"standard","meta":[],"categories":[51,53,49],"tags":[929,58148,58151,58150,19,52259,18,58152,607,53157,12474,34977,26829,58149],"views":419,"_links":{"self":[{"href":"https:\/\/www.enerjigazetesi.ist\/en\/wp-json\/wp\/v2\/posts\/100385"}],"collection":[{"href":"https:\/\/www.enerjigazetesi.ist\/en\/wp-json\/wp\/v2\/posts"}],"about":[{"href":"https:\/\/www.enerjigazetesi.ist\/en\/wp-json\/wp\/v2\/types\/post"}],"author":[{"embeddable":true,"href":"https:\/\/www.enerjigazetesi.ist\/en\/wp-json\/wp\/v2\/users\/1"}],"replies":[{"embeddable":true,"href":"https:\/\/www.enerjigazetesi.ist\/en\/wp-json\/wp\/v2\/comments?post=100385"}],"version-history":[{"count":0,"href":"https:\/\/www.enerjigazetesi.ist\/en\/wp-json\/wp\/v2\/posts\/100385\/revisions"}],"wp:featuredmedia":[{"embeddable":true,"href":"https:\/\/www.enerjigazetesi.ist\/en\/wp-json\/wp\/v2\/media\/100388"}],"wp:attachment":[{"href":"https:\/\/www.enerjigazetesi.ist\/en\/wp-json\/wp\/v2\/media?parent=100385"}],"wp:term":[{"taxonomy":"category","embeddable":true,"href":"https:\/\/www.enerjigazetesi.ist\/en\/wp-json\/wp\/v2\/categories?post=100385"},{"taxonomy":"post_tag","embeddable":true,"href":"https:\/\/www.enerjigazetesi.ist\/en\/wp-json\/wp\/v2\/tags?post=100385"}],"curies":[{"name":"wp","href":"https:\/\/api.w.org\/{rel}","templated":true}]}}