{"id":100352,"date":"2019-10-07T01:06:02","date_gmt":"2019-10-06T22:06:02","guid":{"rendered":"https:\/\/www.enerjigazetesi.ist\/?p=100352"},"modified":"2019-10-07T08:57:36","modified_gmt":"2019-10-07T05:57:36","slug":"turkiye-de-110-mw-guce-sahip-res-projesi-ni-nordex-grup-kuruyor","status":"publish","type":"post","link":"https:\/\/www.enerjigazetesi.ist\/en\/turkiye-de-110-mw-guce-sahip-res-projesi-ni-nordex-grup-kuruyor\/","title":{"rendered":"(Turkish) T\u00fcrkiye\u2019de 110 MW G\u00fcce Sahip RES Projesini &#8216;Nordex Grup&#8217; Kuruyor"},"content":{"rendered":"<p class=\"qtranxs-available-languages-message qtranxs-available-languages-message-en\">Sorry, this entry is only available in <a href=\"https:\/\/www.enerjigazetesi.ist\/tr\/wp-json\/wp\/v2\/posts\/100352\" class=\"qtranxs-available-language-link qtranxs-available-language-link-tr\" title=\"Turkish\">Turkish<\/a>. For the sake of viewer convenience, the content is shown below in the alternative language. You may click the link to switch the active language.<\/p><p><\/p>\n<h1><strong>G\u00fcn\u00fcm\u00fczde Nordex Grup T\u00fcrkiye&#8217;de toplam da 110 MW\u2019\u0131n \u00fczerinde projeye teklif verip kazan\u0131rken 4,8 MW kapasiteye sahip 23 adet N149\/4.0-4.5 model r\u00fczgar t\u00fcrbini ise Nordex Grup taraf\u0131ndan S\u00f6ke r\u00fczgar \u00e7iftli\u011fi i\u00e7in kurulacak.<\/strong><\/h1>\n<p><strong>10 y\u0131ll\u0131k s\u00fcre\u00e7<\/strong> kapsam\u0131nda <strong>Nordex Grup<\/strong> ile t\u00fcrbinlere y\u00f6nelik <strong>Premium Hizmet s\u00f6zle\u015fmesini<\/strong> imzalayan <strong>Ulusoy Enerji&#8217;nin<\/strong>\u00a0r\u00fczgar \u00e7iftli\u011fi\u00a0ortalama y\u0131ll\u0131k r\u00fczgar h\u0131z\u0131 <strong>6.5 metreyi<\/strong> bulan T\u00fcrkiye\u2019nin <img loading=\"lazy\" class=\"alignright wp-image-100357\" src=\"https:\/\/www.enerjigazetesi.ist\/wp-content\/uploads\/2019\/10\/turkiyede-110-mw-guce-sahip-projeyi-nordex-grup-kuruyor-300x150.jpg\" alt=\"\" width=\"320\" height=\"160\" srcset=\"https:\/\/www.enerjigazetesi.ist\/wp-content\/uploads\/2019\/10\/turkiyede-110-mw-guce-sahip-projeyi-nordex-grup-kuruyor-300x150.jpg 300w, https:\/\/www.enerjigazetesi.ist\/wp-content\/uploads\/2019\/10\/turkiyede-110-mw-guce-sahip-projeyi-nordex-grup-kuruyor-500x250.jpg 500w, https:\/\/www.enerjigazetesi.ist\/wp-content\/uploads\/2019\/10\/turkiyede-110-mw-guce-sahip-projeyi-nordex-grup-kuruyor-80x40.jpg 80w, https:\/\/www.enerjigazetesi.ist\/wp-content\/uploads\/2019\/10\/turkiyede-110-mw-guce-sahip-projeyi-nordex-grup-kuruyor.jpg 680w\" sizes=\"(max-width: 320px) 100vw, 320px\" \/>bat\u0131s\u0131nda Ayd\u0131n ilinin yak\u0131nlar\u0131nda in\u015fa edilmektedir. 2020&#8217;nin sonunda tamamlanmas\u0131 sonras\u0131 kule y\u00fckseklikleri <strong>105 metre<\/strong> olan r\u00fczgar t\u00fcrbinleri y\u0131lda <strong>286 GWh\u2019ten<\/strong> fazla temiz enerji \u00fcretecektir.<\/p>\n<p><strong>Nordex Grup<\/strong> G\u00fcvenlik B\u00f6l\u00fcm\u00fc Ba\u015fkan\u0131 <strong>Patxi Landa<\/strong>, verim a\u00e7\u0131s\u0131dan <strong>N149\/4.0-4.5 modelleri<\/strong>n avantaj\u0131n\u0131 yeni m\u00fc\u015fterimize g\u00fcvencesini sunmakta olduk\u00e7a istekliyiz s\u00f6zleriyle dile getirirken ayn\u0131 zamanda <strong>Ulusoy Enerji<\/strong>&#8216;nin ilk <strong>r\u00fczgar projesi<\/strong> oldu\u011funu da belirten Patxi, Nordex Grup i\u00e7inde <strong>Delta4000 serisi<\/strong>ne ait t\u00fcrbinler i\u00e7in farkl\u0131 bir <strong>referans<\/strong> oldu\u011funu da belirtti.<\/p>\n<p>Sekt\u00f6rde <strong>%26.7\u2019lik<\/strong> paya sahip olan ve toplamda\u00a0<strong>r\u00fczgar sekt\u00f6r\u00fcnde<\/strong>\u00a0<strong>2038 MW&#8217;l\u0131k<\/strong> kurulu g\u00fcc\u00fcyle birlikte <strong>T\u00fcrkiye pazar\u0131nda<\/strong> da lider konumda olan Nordex Grup, 110 MW\u2019l\u0131k <strong>S\u00f6ke r\u00fczgar \u00e7iftli\u011fi<\/strong> ile birlikte <strong>2020 y\u0131l\u0131n\u0131n<\/strong> sonunda toplam da kurulu r\u00fczgar t\u00fcrbinleriyle <strong>266 MW&#8217;l\u0131k<\/strong> bir kapasiteye sahip olacakt\u0131r.<\/p>\n<p>Zeynep TEKER \u2013 \u0130T\u00dc \/ \u00c7evre M\u00fchendisi \u2013\u00a0<a href=\"mailto:zeynep.teker@enerjigazetesi.ist\">zeynep.teker@enerjigazetesi.ist<\/a><\/p>","protected":false},"excerpt":{"rendered":"<p>Sorry, this entry is only available in Turkish. For the sake of viewer convenience, the content is shown below in the alternative language. You may click the link to switch the active language. G\u00fcn\u00fcm\u00fczde Nordex Grup T\u00fcrkiye&#8217;de toplam da 110 MW\u2019\u0131n \u00fczerinde projeye teklif verip kazan\u0131rken 4,8 MW kapasiteye sahip 23 adet N149\/4.0-4.5 model r\u00fczgar [&hellip;]<\/p>\n","protected":false},"author":1,"featured_media":100357,"comment_status":"open","ping_status":"open","sticky":false,"template":"","format":"standard","meta":[],"categories":[51,53,50],"tags":[58132,7179,48105,58133,19,18,870,58129,58130,36186,51050,58127,35002,7958,35004,53282,36999,58131,34977,58128,26829,48106],"views":922,"_links":{"self":[{"href":"https:\/\/www.enerjigazetesi.ist\/en\/wp-json\/wp\/v2\/posts\/100352"}],"collection":[{"href":"https:\/\/www.enerjigazetesi.ist\/en\/wp-json\/wp\/v2\/posts"}],"about":[{"href":"https:\/\/www.enerjigazetesi.ist\/en\/wp-json\/wp\/v2\/types\/post"}],"author":[{"embeddable":true,"href":"https:\/\/www.enerjigazetesi.ist\/en\/wp-json\/wp\/v2\/users\/1"}],"replies":[{"embeddable":true,"href":"https:\/\/www.enerjigazetesi.ist\/en\/wp-json\/wp\/v2\/comments?post=100352"}],"version-history":[{"count":0,"href":"https:\/\/www.enerjigazetesi.ist\/en\/wp-json\/wp\/v2\/posts\/100352\/revisions"}],"wp:featuredmedia":[{"embeddable":true,"href":"https:\/\/www.enerjigazetesi.ist\/en\/wp-json\/wp\/v2\/media\/100357"}],"wp:attachment":[{"href":"https:\/\/www.enerjigazetesi.ist\/en\/wp-json\/wp\/v2\/media?parent=100352"}],"wp:term":[{"taxonomy":"category","embeddable":true,"href":"https:\/\/www.enerjigazetesi.ist\/en\/wp-json\/wp\/v2\/categories?post=100352"},{"taxonomy":"post_tag","embeddable":true,"href":"https:\/\/www.enerjigazetesi.ist\/en\/wp-json\/wp\/v2\/tags?post=100352"}],"curies":[{"name":"wp","href":"https:\/\/api.w.org\/{rel}","templated":true}]}}