{"id":10034,"date":"2013-04-24T09:35:33","date_gmt":"2013-04-24T06:35:33","guid":{"rendered":"https:\/\/www.enerjigazetesi.ist\/?p=10034"},"modified":"2013-04-24T09:35:33","modified_gmt":"2013-04-24T06:35:33","slug":"yildiz-turk-sirketleri-akkuyuya-ortak-olabilecek","status":"publish","type":"post","link":"https:\/\/www.enerjigazetesi.ist\/en\/yildiz-turk-sirketleri-akkuyuya-ortak-olabilecek\/","title":{"rendered":"(Turkish) Y\u0131ld\u0131z: T\u00fcrk \u015eirketleri Akkuyu`ya Ortak Olabilecek"},"content":{"rendered":"<p class=\"qtranxs-available-languages-message qtranxs-available-languages-message-en\">Sorry, this entry is only available in <a href=\"https:\/\/www.enerjigazetesi.ist\/tr\/wp-json\/wp\/v2\/posts\/10034\" class=\"qtranxs-available-language-link qtranxs-available-language-link-tr\" title=\"Turkish\">Turkish<\/a>. For the sake of viewer convenience, the content is shown below in the alternative language. You may click the link to switch the active language.<\/p><p><strong>Enerji ve Tabii Kaynaklar Bakan\u0131 Taner Y\u0131ld\u0131z, T\u00fcrk \u015firketlerinin Akkuyu N\u00fckleer G\u00fc\u00e7 Santrali`nden hisse alabileceklerini s\u00f6yledi. Taner Y\u0131ld\u0131z, RIA No<a href=\"https:\/\/www.enerjigazetesi.ist\/wp-content\/uploads\/2013\/04\/TANER-YiLDiZ-HI-799673.jpg\"><img loading=\"lazy\" class=\"alignleft size-medium wp-image-10035\" title=\"TANER-YiLDiZ--HI-799673\" src=\"https:\/\/www.enerjigazetesi.ist\/wp-content\/uploads\/2013\/04\/TANER-YiLDiZ-HI-799673-300x216.jpg\" alt=\"\" width=\"300\" height=\"216\" srcset=\"https:\/\/www.enerjigazetesi.ist\/wp-content\/uploads\/2013\/04\/TANER-YiLDiZ-HI-799673-300x216.jpg 300w, https:\/\/www.enerjigazetesi.ist\/wp-content\/uploads\/2013\/04\/TANER-YiLDiZ-HI-799673-69x50.jpg 69w, https:\/\/www.enerjigazetesi.ist\/wp-content\/uploads\/2013\/04\/TANER-YiLDiZ-HI-799673.jpg 408w\" sizes=\"(max-width: 300px) 100vw, 300px\" \/><\/a>vosti\u2019ye yapt\u0131\u011f\u0131 a\u00e7\u0131klamada, Bakanl\u0131k olarak ileriki y\u0131llarda Akkuyu N\u00fckleer Santrali hisselerini almak isteyecek yerli \u015firketleri destekleyece\u011fini belirtti.<\/strong><\/p>\n<p>Bakan Y\u0131ld\u0131z &#8220;Akkuyu projesinin hisselerinin y\u00fczde 20-25\u2019nin \u00f6zel sekt\u00f6re ait olmas\u0131yla ilgili hi\u00e7bir sorunumuz yok. Hatta bunu destekleyece\u011fiz\u201d dedi.<\/p>\n<p>B\u00f6ylesi bir i\u015fbirli\u011fini isteyen \u015firketlerin Rusya ile g\u00f6r\u00fc\u015fme ger\u00e7ekle\u015ftirebilece\u011fini, sonras\u0131nda Bakanl\u0131\u011fa sonu\u00e7larla ilgili bilgi verebilece\u011fini belirten Bakan Y\u0131ld\u0131z, &#8220;Biz de o zaman bizim, halk\u0131m\u0131z\u0131n ve T\u00fcrkiye\u2019nin \u00e7\u0131kar\u0131na uygun kararlar\u0131 al\u0131r\u0131z&#8221; dedi. T\u00fcrkiye ile Rusya aras\u0131ndaki Akkuyu N\u00fckleer Santrali projesinin uygulanmas\u0131 anla\u015fmas\u0131na g\u00f6re santral in\u015faat\u0131n\u0131 tamamen Rusya \u015firketi ger\u00e7ekle\u015ftiriyor ve Akkuyu hisselerinin sat\u0131\u015f\u0131 ancak gelecekte g\u00fcndeme gelebilecek.<\/p>\n<p>Kaynak: <a href=\"http:\/\/enerjigunlugu.net\/yildiz:-turk-sirketleri-akkuyuya-ortak-olabilecek_3256.html\" target=\"_blank\">Enerji G\u00fcnl\u00fc\u011f\u00fc<\/a><\/p>\n<p><!-- Di\u011fer Fotolar --><\/p>","protected":false},"excerpt":{"rendered":"<p>Sorry, this entry is only available in Turkish. For the sake of viewer convenience, the content is shown below in the alternative language. You may click the link to switch the active language.Enerji ve Tabii Kaynaklar Bakan\u0131 Taner Y\u0131ld\u0131z, T\u00fcrk \u015firketlerinin Akkuyu N\u00fckleer G\u00fc\u00e7 Santrali`nden hisse alabileceklerini s\u00f6yledi. Taner Y\u0131ld\u0131z, RIA Novosti\u2019ye yapt\u0131\u011f\u0131 a\u00e7\u0131klamada, Bakanl\u0131k [&hellip;]<\/p>\n","protected":false},"author":1,"featured_media":10035,"comment_status":"open","ping_status":"open","sticky":false,"template":"","format":"standard","meta":[],"categories":[53,43],"tags":[1303,1026,63,67,21,88],"views":687,"_links":{"self":[{"href":"https:\/\/www.enerjigazetesi.ist\/en\/wp-json\/wp\/v2\/posts\/10034"}],"collection":[{"href":"https:\/\/www.enerjigazetesi.ist\/en\/wp-json\/wp\/v2\/posts"}],"about":[{"href":"https:\/\/www.enerjigazetesi.ist\/en\/wp-json\/wp\/v2\/types\/post"}],"author":[{"embeddable":true,"href":"https:\/\/www.enerjigazetesi.ist\/en\/wp-json\/wp\/v2\/users\/1"}],"replies":[{"embeddable":true,"href":"https:\/\/www.enerjigazetesi.ist\/en\/wp-json\/wp\/v2\/comments?post=10034"}],"version-history":[{"count":1,"href":"https:\/\/www.enerjigazetesi.ist\/en\/wp-json\/wp\/v2\/posts\/10034\/revisions"}],"predecessor-version":[{"id":10036,"href":"https:\/\/www.enerjigazetesi.ist\/en\/wp-json\/wp\/v2\/posts\/10034\/revisions\/10036"}],"wp:featuredmedia":[{"embeddable":true,"href":"https:\/\/www.enerjigazetesi.ist\/en\/wp-json\/wp\/v2\/media\/10035"}],"wp:attachment":[{"href":"https:\/\/www.enerjigazetesi.ist\/en\/wp-json\/wp\/v2\/media?parent=10034"}],"wp:term":[{"taxonomy":"category","embeddable":true,"href":"https:\/\/www.enerjigazetesi.ist\/en\/wp-json\/wp\/v2\/categories?post=10034"},{"taxonomy":"post_tag","embeddable":true,"href":"https:\/\/www.enerjigazetesi.ist\/en\/wp-json\/wp\/v2\/tags?post=10034"}],"curies":[{"name":"wp","href":"https:\/\/api.w.org\/{rel}","templated":true}]}}