{"id":10027,"date":"2013-04-24T09:25:00","date_gmt":"2013-04-24T06:25:00","guid":{"rendered":"https:\/\/www.enerjigazetesi.ist\/?p=10027"},"modified":"2013-04-24T09:25:00","modified_gmt":"2013-04-24T06:25:00","slug":"munib-karakilic-tetas-genel-mudurlugune-atandi","status":"publish","type":"post","link":"https:\/\/www.enerjigazetesi.ist\/en\/munib-karakilic-tetas-genel-mudurlugune-atandi\/","title":{"rendered":"(Turkish) M\u00fcnib Karak\u0131l\u0131\u00e7, TETA\u015e Genel M\u00fcd\u00fcrl\u00fc\u011f\u00fcne Atand\u0131"},"content":{"rendered":"<p class=\"qtranxs-available-languages-message qtranxs-available-languages-message-en\">Sorry, this entry is only available in <a href=\"https:\/\/www.enerjigazetesi.ist\/tr\/wp-json\/wp\/v2\/posts\/10027\" class=\"qtranxs-available-language-link qtranxs-available-language-link-tr\" title=\"Turkish\">Turkish<\/a>. For the sake of viewer convenience, the content is shown below in the alternative language. You may click the link to switch the active language.<\/p><p><strong>\u015eubat ay\u0131nda hayata veda eden Hac\u0131 Duran G\u00f6kkaya`dan bo\u015falan T\u00fcrkiye Elektrik Ticaret ve Taahh\u00fct Anonim \u015eirketi (TETA\u015e) Genel M\u00fcd\u00fcrl\u00fc\u011f\u00fc ve Y\u00f6netim Kurulu \u00dcyeli\u011fi`ne M\u00fcnib Karak\u0131l\u0131\u00e7 getirildi. Enerji ve Tabii Kaynaklar Bakan\u0131 Taner Y\u0131ld\u0131z, Ba\u015fbakan Recep Tayyip Erdo\u011fan ve Cumhurba\u015fkan\u0131 Abdullah G\u00fcl`\u00fcn imzas\u0131n\u0131 ta\u015f\u0131yan atama karar\u0131na g\u00f6re, TETA\u015e Genel M\u00fcd\u00fcrl\u00fc\u011f\u00fc ve Y\u00f6netim Kurulu Ba\u015fkanl\u0131\u011f\u0131 g\u00f6revlerine, ayn\u0131 yer y\u00f6netim kurulu \u00fcyelerinden M\u00fcnib Karak\u0131l\u0131\u00e7 atand\u0131.<\/strong><\/p>\n<p><strong><em>\u0130MAM HAT\u0130PL\u0130 VE ASKER\u0130YE K\u00d6KENL\u0130<\/em><\/strong><\/p>\n<p><a href=\"https:\/\/www.enerjigazetesi.ist\/wp-content\/uploads\/2013\/04\/Munib-KARAKiLic-HI-428657.jpg\"><img loading=\"lazy\" class=\"alignleft size-medium wp-image-10028\" title=\"Munib-KARAKiLic--HI-428657\" src=\"https:\/\/www.enerjigazetesi.ist\/wp-content\/uploads\/2013\/04\/Munib-KARAKiLic-HI-428657-300x196.jpg\" alt=\"\" width=\"300\" height=\"196\" srcset=\"https:\/\/www.enerjigazetesi.ist\/wp-content\/uploads\/2013\/04\/Munib-KARAKiLic-HI-428657-300x196.jpg 300w, https:\/\/www.enerjigazetesi.ist\/wp-content\/uploads\/2013\/04\/Munib-KARAKiLic-HI-428657-76x50.jpg 76w, https:\/\/www.enerjigazetesi.ist\/wp-content\/uploads\/2013\/04\/Munib-KARAKiLic-HI-428657.jpg 492w\" sizes=\"(max-width: 300px) 100vw, 300px\" \/><\/a>1962 y\u0131l\u0131nda Kayseri\u2019de do\u011fan Karak\u0131l\u0131\u00e7, orta\u00f6\u011frenimini Kayseri \u0130mam Hatip Okulu ile S\u00fcmer Lisesi`nde tamamlad\u0131. \u0130stanbul Teknik \u00dcniversitesi Elektrik Fak\u00fcltesi\u2019nden mezun olduktan sonra 1983-2000 y\u0131llar\u0131 aras\u0131nda Hava Kuvvetleri Komutanl\u0131\u011f\u0131`ndaki m\u00fchendis subay olarak g\u00f6rev ald\u0131. Bu g\u00f6revi s\u0131ras\u0131nda elektrik, elektronik, u\u00e7ak ve havac\u0131l\u0131k sistemleri \u00fczerinde; yurti\u00e7i ve yurtd\u0131\u015f\u0131nda savunma sanayi alan\u0131nda y\u00fcr\u00fct\u00fclen projelerde; Ar-Ge faaliyetlerinde; off-set uygulamalar\u0131n\u0131n olu\u015fturulmas\u0131 ve ger\u00e7ekle\u015ftirilmesi ile sistem tasar\u0131m, kurulum, test ve kabulleri gibi konularda \u00e7al\u0131\u015fmalar y\u00fcr\u00fctt\u00fc. Bu arada, ABD ve NATO b\u00fcnyesinde geli\u015ftirilmi\u015f savunma teknolojileri \u00fczerinde sistem m\u00fchendisli\u011fi e\u011fitimleri ald\u0131.<\/p>\n<p><strong><em><\/em><\/strong><\/p>\n<p><strong><em>10 YIL NATO`DA G\u00d6REV ALDI<\/em><\/strong><\/p>\n<p>2000 y\u0131l\u0131nda bir y\u0131la yak\u0131n s\u00fcreyle Sabiha G\u00f6k\u00e7en Havaalan\u0131 Elektronik Sistemleri M\u00fcd\u00fcr\u00fc olarak elektrik, elektronik, aviyonik ve terminal sistemlerin kurulmas\u0131, faaliyetlerinin sa\u011flanmas\u0131, kabulleri ve sertifikasyonlar\u0131 ile havaalan\u0131n\u0131n a\u00e7\u0131l\u0131\u015f\u0131nda g\u00f6rev ald\u0131. 2001 y\u0131l\u0131ndan itibaren NATO b\u00fcnyesinde uluslararas\u0131 sivil kadroda (International CivilianStaff) g\u00f6rev ald\u0131. 10 y\u0131la yak\u0131n s\u00fcreyle NATO b\u00fcnyesinde Br\u00fcksel\u2019de savunma sistemleri modernizasyonu alan\u0131nda K\u0131demli Proje ve Program Y\u00f6neticisi olarak g\u00f6rev yapt\u0131. 2011 y\u0131l\u0131 ba\u015f\u0131ndan itibaren Ulusal Bor Ara\u015ft\u0131rma Enstit\u00fcs\u00fc`nde (BOREN) End\u00fcstriyel \u0130li\u015fkiler Grup Koordinat\u00f6rl\u00fc\u011f\u00fc ile TETA\u015e Y\u00f6netim Kurulu \u00dcyeli\u011fi g\u00f6revlerini y\u00fcr\u00fctt\u00fc. \u0130ngilizce ve Frans\u0131zca bilen Karak\u0131l\u0131\u00e7, evli ve \u00fc\u00e7 \u00e7ocuk babas\u0131.<\/p>\n<p>Kaynak: <a href=\"http:\/\/enerjigunlugu.net\/munip-karakilic-tetas-genel-mudurlugune-atandi_3261.html\" target=\"_blank\">Enerji G\u00fcnl\u00fc\u011f\u00fc<\/a><\/p>","protected":false},"excerpt":{"rendered":"<p>Sorry, this entry is only available in Turkish. For the sake of viewer convenience, the content is shown below in the alternative language. You may click the link to switch the active language.\u015eubat ay\u0131nda hayata veda eden Hac\u0131 Duran G\u00f6kkaya`dan bo\u015falan T\u00fcrkiye Elektrik Ticaret ve Taahh\u00fct Anonim \u015eirketi (TETA\u015e) Genel M\u00fcd\u00fcrl\u00fc\u011f\u00fc ve Y\u00f6netim Kurulu \u00dcyeli\u011fi`ne [&hellip;]<\/p>\n","protected":false},"author":1,"featured_media":10028,"comment_status":"open","ping_status":"open","sticky":false,"template":"","format":"standard","meta":[],"categories":[51,53],"tags":[4781,68,63,67,4782,4783,3499,4780],"views":993,"_links":{"self":[{"href":"https:\/\/www.enerjigazetesi.ist\/en\/wp-json\/wp\/v2\/posts\/10027"}],"collection":[{"href":"https:\/\/www.enerjigazetesi.ist\/en\/wp-json\/wp\/v2\/posts"}],"about":[{"href":"https:\/\/www.enerjigazetesi.ist\/en\/wp-json\/wp\/v2\/types\/post"}],"author":[{"embeddable":true,"href":"https:\/\/www.enerjigazetesi.ist\/en\/wp-json\/wp\/v2\/users\/1"}],"replies":[{"embeddable":true,"href":"https:\/\/www.enerjigazetesi.ist\/en\/wp-json\/wp\/v2\/comments?post=10027"}],"version-history":[{"count":1,"href":"https:\/\/www.enerjigazetesi.ist\/en\/wp-json\/wp\/v2\/posts\/10027\/revisions"}],"predecessor-version":[{"id":10029,"href":"https:\/\/www.enerjigazetesi.ist\/en\/wp-json\/wp\/v2\/posts\/10027\/revisions\/10029"}],"wp:featuredmedia":[{"embeddable":true,"href":"https:\/\/www.enerjigazetesi.ist\/en\/wp-json\/wp\/v2\/media\/10028"}],"wp:attachment":[{"href":"https:\/\/www.enerjigazetesi.ist\/en\/wp-json\/wp\/v2\/media?parent=10027"}],"wp:term":[{"taxonomy":"category","embeddable":true,"href":"https:\/\/www.enerjigazetesi.ist\/en\/wp-json\/wp\/v2\/categories?post=10027"},{"taxonomy":"post_tag","embeddable":true,"href":"https:\/\/www.enerjigazetesi.ist\/en\/wp-json\/wp\/v2\/tags?post=10027"}],"curies":[{"name":"wp","href":"https:\/\/api.w.org\/{rel}","templated":true}]}}