{"id":100057,"date":"2019-10-02T15:21:40","date_gmt":"2019-10-02T12:21:40","guid":{"rendered":"https:\/\/www.enerjigazetesi.ist\/?p=100057"},"modified":"2019-10-02T15:58:21","modified_gmt":"2019-10-02T12:58:21","slug":"eyoderden-elektrik-zammina-yonelik-basin-aciklamasi","status":"publish","type":"post","link":"https:\/\/www.enerjigazetesi.ist\/en\/eyoderden-elektrik-zammina-yonelik-basin-aciklamasi\/","title":{"rendered":"(Turkish) Eyoder&#8217;den Elektrik Zamlar\u0131na Y\u00f6nelik A\u00e7\u0131klama!"},"content":{"rendered":"<p class=\"qtranxs-available-languages-message qtranxs-available-languages-message-en\">Sorry, this entry is only available in <a href=\"https:\/\/www.enerjigazetesi.ist\/tr\/wp-json\/wp\/v2\/posts\/100057\" class=\"qtranxs-available-language-link qtranxs-available-language-link-tr\" title=\"Turkish\">Turkish<\/a>. For the sake of viewer convenience, the content is shown below in the alternative language. You may click the link to switch the active language.<\/p><p><\/p>\n<h1><strong>Elektri\u011fe 1 Ekim\u2019den itibaren ge\u00e7erli olmak \u00fczere zam yap\u0131ld\u0131. Buna g\u00f6re, elektrik fiyatlar\u0131 konut, sanayi ve ticarethanelerde %14.90 zamlanacak.<\/strong><\/h1>\n<p>Yap\u0131lan bu zamm\u0131n gerek\u00e7eleri ve etkileri \u00fczerine yap\u0131lan tart\u0131\u015fmalar s\u00fcrerken, her yap\u0131lan zam, bizim Enerji Verimlili\u011fine olan inanc\u0131m\u0131z\u0131 bir kat daha peki\u015ftiriyor. Bundan uzak kalamay\u0131z. <strong>Sanayide enerji verimlili\u011fi<\/strong> potansiyelimiz <strong>%30 lar<\/strong>, binalarda <strong>%40 lar<\/strong> mertebesinde. Ve <strong>Uluslararas\u0131 Enerji <img loading=\"lazy\" class=\"alignright wp-image-100061\" src=\"https:\/\/www.enerjigazetesi.ist\/wp-content\/uploads\/2019\/10\/eyoder-den-elektrik-zammina-yonelik-basin-aciklamasi.jpg\" alt=\"\" width=\"320\" height=\"222\" srcset=\"https:\/\/www.enerjigazetesi.ist\/wp-content\/uploads\/2019\/10\/eyoder-den-elektrik-zammina-yonelik-basin-aciklamasi.jpg 703w, https:\/\/www.enerjigazetesi.ist\/wp-content\/uploads\/2019\/10\/eyoder-den-elektrik-zammina-yonelik-basin-aciklamasi-300x208.jpg 300w, https:\/\/www.enerjigazetesi.ist\/wp-content\/uploads\/2019\/10\/eyoder-den-elektrik-zammina-yonelik-basin-aciklamasi-500x347.jpg 500w, https:\/\/www.enerjigazetesi.ist\/wp-content\/uploads\/2019\/10\/eyoder-den-elektrik-zammina-yonelik-basin-aciklamasi-72x50.jpg 72w\" sizes=\"(max-width: 320px) 100vw, 320px\" \/>Ajans\u0131n\u0131n (IEA)<\/strong> verilerine g\u00f6re d\u00fcnya \u00f6l\u00e7e\u011finde sanayideki potansiyelin <strong>%58\u2019ine<\/strong>, binalardaki potansiyelin <strong>%82<\/strong> sine hi\u00e7 dokunulmam\u0131\u015f durumda. Bu potansiyeli a\u00e7\u0131\u011fa \u00e7\u0131kartabiliriz. Enerjide b\u00fcy\u00fck oranda d\u0131\u015fa ba\u011f\u0131ml\u0131 bir \u00fclke olarak, \u00fclke ekonomisini iyile\u015ftirmek i\u00e7in, bu zam, t\u00fcm enerji kullan\u0131c\u0131lar\u0131 i\u00e7in bir kam\u00e7\u0131 olmal\u0131, enerjimizi daha verimli kullanman\u0131n yollar\u0131n\u0131 aramal\u0131y\u0131z. Elektri\u011fi sat\u0131n al\u0131rken en iyi alternatifi ara\u015ft\u0131r\u0131yoruz hakl\u0131 olarak. Ayn\u0131 motivasyonu daha az enerji t\u00fcketmenin yollar\u0131n\u0131 ararken de g\u00f6stermeliyiz.<\/p>\n<p>Bunu ba\u015farabiliriz. G\u00fcn\u00fcm\u00fcz teknolojileri ile bu m\u00fcmk\u00fcn. Tek yapmam\u0131z gereken enerjiyi kullanma k\u00fclt\u00fcr\u00fcnden, y\u00f6netme k\u00fclt\u00fcr\u00fcne ge\u00e7mek. Y\u00f6netmek i\u00e7in yola \u00e7\u0131kt\u0131\u011f\u0131m\u0131zda \u015fu sorular kendili\u011finden gelecektir: enerjiyi nerelerde ve ne kadar t\u00fcketiyorum? T\u00fcketimimi etkileyen de\u011fi\u015fkenler neler? Emsallerim ne kadar t\u00fcketiyor? Buna g\u00f6re ula\u015fmam gereken hedef nedir? Bu hedefe ula\u015fmam i\u00e7in hangi aksiyonlar\u0131 almam gerekir? Bunlar\u0131 hakk\u0131yla uygulad\u0131m m\u0131? S\u00fcre\u00e7 i\u00e7erisinde neler \u00f6\u011frendim? \u00d6\u011frendiklerimle yol haritam\u0131 tekrar g\u00f6zden ge\u00e7irdim mi? Sonu\u00e7lar\u0131 payla\u015farak fark\u0131ndal\u0131\u011f\u0131 artt\u0131rd\u0131m m\u0131?<\/p>\n<h2><strong>Cevap verebiliyorsak sonu\u00e7 a\u015fikar: Verimli enerji, temiz enerji, d\u00fc\u015f\u00fck karbon emisyonu, d\u00fc\u015f\u00fck enerji yo\u011funlu\u011fu, artan rekabet\u00e7ilik&#8230;<\/strong><\/h2>\n<p><strong>EYODER Ad\u0131na \/ B\u015fk.\u00a0<\/strong><strong>Cihan KARAMIK<\/strong><\/p>\n<p><a href=\"http:\/\/www.eyoder.org.tr\" target=\"_blank\" rel=\"noopener\">www.eyoder.org.tr<\/a><\/p>\n<p><img loading=\"lazy\" class=\"alignleft size-thumbnail wp-image-3262\" src=\"https:\/\/www.enerjigazetesi.ist\/wp-content\/uploads\/2012\/11\/eyoder-calistay-150x150.jpg\" alt=\"\" width=\"150\" height=\"150\" \/><\/p>","protected":false},"excerpt":{"rendered":"<p>Sorry, this entry is only available in Turkish. For the sake of viewer convenience, the content is shown below in the alternative language. You may click the link to switch the active language. Elektri\u011fe 1 Ekim\u2019den itibaren ge\u00e7erli olmak \u00fczere zam yap\u0131ld\u0131. Buna g\u00f6re, elektrik fiyatlar\u0131 konut, sanayi ve ticarethanelerde %14.90 zamlanacak. Yap\u0131lan bu zamm\u0131n [&hellip;]<\/p>\n","protected":false},"author":1,"featured_media":100061,"comment_status":"open","ping_status":"open","sticky":false,"template":"","format":"standard","meta":[],"categories":[51,53,52],"tags":[3041,7282,34271,57849,57848,12253,53114,54316,657,52259,26559,30754,920,1023,585,842,1022,133,793],"views":385,"_links":{"self":[{"href":"https:\/\/www.enerjigazetesi.ist\/en\/wp-json\/wp\/v2\/posts\/100057"}],"collection":[{"href":"https:\/\/www.enerjigazetesi.ist\/en\/wp-json\/wp\/v2\/posts"}],"about":[{"href":"https:\/\/www.enerjigazetesi.ist\/en\/wp-json\/wp\/v2\/types\/post"}],"author":[{"embeddable":true,"href":"https:\/\/www.enerjigazetesi.ist\/en\/wp-json\/wp\/v2\/users\/1"}],"replies":[{"embeddable":true,"href":"https:\/\/www.enerjigazetesi.ist\/en\/wp-json\/wp\/v2\/comments?post=100057"}],"version-history":[{"count":0,"href":"https:\/\/www.enerjigazetesi.ist\/en\/wp-json\/wp\/v2\/posts\/100057\/revisions"}],"wp:featuredmedia":[{"embeddable":true,"href":"https:\/\/www.enerjigazetesi.ist\/en\/wp-json\/wp\/v2\/media\/100061"}],"wp:attachment":[{"href":"https:\/\/www.enerjigazetesi.ist\/en\/wp-json\/wp\/v2\/media?parent=100057"}],"wp:term":[{"taxonomy":"category","embeddable":true,"href":"https:\/\/www.enerjigazetesi.ist\/en\/wp-json\/wp\/v2\/categories?post=100057"},{"taxonomy":"post_tag","embeddable":true,"href":"https:\/\/www.enerjigazetesi.ist\/en\/wp-json\/wp\/v2\/tags?post=100057"}],"curies":[{"name":"wp","href":"https:\/\/api.w.org\/{rel}","templated":true}]}}