{"id":100043,"date":"2019-10-02T12:52:09","date_gmt":"2019-10-02T09:52:09","guid":{"rendered":"https:\/\/www.enerjigazetesi.ist\/?p=100043"},"modified":"2019-10-02T12:52:09","modified_gmt":"2019-10-02T09:52:09","slug":"kis-yaklasirken-kombi-almak-isteyenlere-yonelik-onemli-oneriler","status":"publish","type":"post","link":"https:\/\/www.enerjigazetesi.ist\/en\/kis-yaklasirken-kombi-almak-isteyenlere-yonelik-onemli-oneriler\/","title":{"rendered":"(Turkish) K\u0131\u015f Yakla\u015f\u0131rken Kombi Almak \u0130steyenlere Y\u00f6nelik \u00d6nemli \u00d6neriler&#8230;"},"content":{"rendered":"<p class=\"qtranxs-available-languages-message qtranxs-available-languages-message-en\">Sorry, this entry is only available in <a href=\"https:\/\/www.enerjigazetesi.ist\/tr\/wp-json\/wp\/v2\/posts\/100043\" class=\"qtranxs-available-language-link qtranxs-available-language-link-tr\" title=\"Turkish\">Turkish<\/a>. For the sake of viewer convenience, the content is shown below in the alternative language. You may click the link to switch the active language.<\/p><p><\/p>\n<h1><strong>Kombi sat\u0131n almak isteyenler i\u00e7in dikkat edilmesi gereken noktalar<\/strong><\/h1>\n<h2><strong>Kombi al\u0131rken nelere dikkat edilmelidir? <\/strong><\/h2>\n<p>Kombi almadan \u00f6nce kombi tipleri hakk\u0131nda bilgi sahibi olmak \u00f6nemlidir. Kombiler yanma teknolojilerine g\u00f6re <strong>yo\u011fu\u015fmal\u0131<\/strong> ve <strong>konvansiyonel<\/strong> (yani yo\u011fu\u015fmal\u0131 olmayan) cihazlar olarak ikiye <img loading=\"lazy\" class=\"alignright wp-image-100047\" src=\"https:\/\/www.enerjigazetesi.ist\/wp-content\/uploads\/2019\/10\/kis-yaklasirken-kombi-almak-isteyenlere-yonelik-onemli-oneriler.jpg\" alt=\"\" width=\"320\" height=\"213\" srcset=\"https:\/\/www.enerjigazetesi.ist\/wp-content\/uploads\/2019\/10\/kis-yaklasirken-kombi-almak-isteyenlere-yonelik-onemli-oneriler.jpg 732w, https:\/\/www.enerjigazetesi.ist\/wp-content\/uploads\/2019\/10\/kis-yaklasirken-kombi-almak-isteyenlere-yonelik-onemli-oneriler-300x200.jpg 300w, https:\/\/www.enerjigazetesi.ist\/wp-content\/uploads\/2019\/10\/kis-yaklasirken-kombi-almak-isteyenlere-yonelik-onemli-oneriler-500x333.jpg 500w, https:\/\/www.enerjigazetesi.ist\/wp-content\/uploads\/2019\/10\/kis-yaklasirken-kombi-almak-isteyenlere-yonelik-onemli-oneriler-75x50.jpg 75w, https:\/\/www.enerjigazetesi.ist\/wp-content\/uploads\/2019\/10\/kis-yaklasirken-kombi-almak-isteyenlere-yonelik-onemli-oneriler-450x300.jpg 450w\" sizes=\"(max-width: 320px) 100vw, 320px\" \/>ayr\u0131l\u0131rlar. Konvansiyonel kombiler, basit bir a\u00e7\u0131klama ile \u0131s\u0131tma ihtiyac\u0131n\u0131z\u0131 kar\u015f\u0131lamak \u00fczere do\u011falgaz\u0131 yak\u0131p \u0131s\u0131 enerjisine \u00e7evirir ve yanma reaksiyonu sonras\u0131 a\u00e7\u0131\u011fa \u00e7\u0131kan at\u0131k gazlar\u0131 baca sistemi vas\u0131tas\u0131 ile tahliye eder. Bu a\u015famada, tahliye edilen ve y\u00fcksek s\u0131cakl\u0131\u011fa sahip at\u0131k gaz\u0131n i\u00e7erisinde bulunan su buhar\u0131 da d\u0131\u015f ortama b\u0131rak\u0131lm\u0131\u015f olur.<\/p>\n<p>Daha teknolojik bir tasar\u0131m olan <strong>yo\u011fu\u015fmal\u0131 kombilerde<\/strong> ise, konvansiyonel kombilerde atmosfere at\u0131lan su buhar\u0131n\u0131n sahip oldu\u011fu enerji de \u0131s\u0131tma ihtiyac\u0131n\u0131z i\u00e7in kullan\u0131l\u0131r. Ger\u00e7ekle\u015fen \u0131s\u0131 transferi sonras\u0131nda s\u0131cakl\u0131\u011f\u0131 d\u00fc\u015fen su buhar\u0131 s\u0131v\u0131 gaza d\u00f6n\u00fc\u015f\u00fcr yani yo\u011fu\u015fur. Yo\u011fu\u015fma teknolojisinin ad\u0131 buradan gelmektedir. Eski tasar\u0131m kombilerde at\u0131k gaz\u0131n sahip oldu\u011fu kullan\u0131lmayan enerji, yo\u011fu\u015fmal\u0131 cihazlarda kullan\u0131l\u0131r ve radyat\u00f6rleri \u0131s\u0131tacak tesisat suyuna aktar\u0131l\u0131r. Bu da ayn\u0131 birim yak\u0131ttan daha fazla miktarda yararlanmak anlam\u0131na gelir ve do\u011falgaz faturalar\u0131n\u0131zda tasarruf sa\u011flar.<\/p>\n<h2><strong>Kombi se\u00e7imi nas\u0131l yap\u0131l\u0131r?<\/strong><\/h2>\n<p>Kombi se\u00e7imi yaparken, alaca\u011f\u0131n\u0131z kombinin yo\u011fu\u015fma teknolojisine sahip olmas\u0131n\u0131n yan\u0131 s\u0131ra kullan\u0131lacak alan\u0131n \u00f6zellikleri de \u00f6nemlidir. Evin ya da ofisin metrekaresi, bulundu\u011fu konum, yap\u0131n\u0131n izolasyon kalitesi, banyo say\u0131s\u0131 de\u011ferlendirilmesi gerekmektedir. Bu kriterlere g\u00f6re kullan\u0131ma en uygun kapasiteli kombi tespit edilmelidir.<\/p>\n<h2><strong>Kombi nas\u0131l tasarruflu kullan\u0131l\u0131r?<\/strong><\/h2>\n<p>Yo\u011fu\u015fmal\u0131 bir cihazdan en hesapl\u0131 \u015fekilde faydalanmak i\u00e7in m\u00fcmk\u00fcn oldu\u011fu kadar fazla yo\u011fu\u015fma ger\u00e7ekle\u015fmelidir. Bunun i\u00e7in do\u011fru sistem tasar\u0131m\u0131 \u00e7ok b\u00fcy\u00fck \u00f6nem arz eder. Tesisattan <strong>d\u00f6nen suyun s\u0131cakl\u0131\u011f\u0131<\/strong> m\u00fcmk\u00fcn oldu\u011funca <strong>55 C<\/strong> ve alt\u0131nda olmal\u0131d\u0131r. Bu ama\u00e7la kombi gidi\u015f suyu s\u0131cakl\u0131\u011f\u0131 buna g\u00f6re ayarlanmal\u0131d\u0131r (radyat\u00f6r i\u00e7in max 60-70 C). Yani \u0131s\u0131t\u0131c\u0131 y\u00fczeyler buna uygun se\u00e7ilmi\u015f olmal\u0131d\u0131r.<\/p>\n<p>\u015e\u00fcphesiz ki verim de\u011feri ve sessiz i\u015fletim kombilerin en \u00f6nemli \u00f6zellikleri aras\u0131nda gelir ve iki kombi cihaz aras\u0131nda kullan\u0131c\u0131n karar vermesinde \u00f6nemli rol oynar. ErP y\u00f6netmeli\u011fine g\u00f6re her kombi cihaz\u0131n i\u00e7inden ErP Enerji Etiketi ve ErP Bilgi F\u00f6y\u00fc \u00e7\u0131kmak zorundad\u0131r. Her tedarik\u00e7i, bu de\u011ferleri y\u00f6netmeli\u011fin tan\u0131mlad\u0131\u011f\u0131 standart ve ayn\u0131 y\u00f6ntemlerle \u00f6l\u00e7\u00fcmlemek durumundad\u0131r.<\/p>\n<p>Mod\u00fclasyon aral\u0131\u011f\u0131 denilen yani \u0131s\u0131tma ihtiyac\u0131n\u0131z\u0131n d\u00fc\u015f\u00fck oldu\u011fu durumlarda (\u00f6rne\u011fin mevsim ge\u00e7i\u015flerinde) bo\u015fa enerji harcamamak i\u00e7in kombinin kapasitesini ne kadar k\u0131sabilece\u011finin \u00f6l\u00e7\u00fcs\u00fc de yak\u0131t tasarrufu ve kombi se\u00e7imi a\u00e7\u0131s\u0131ndan \u00f6nemli bir kriterdir. \u00d6rne\u011fin \u0131s\u0131tma ihtiyac\u0131n\u0131z <strong>3 kW<\/strong> iken, kombinizin <strong>24 kW\u2019l\u0131k<\/strong> \u0131s\u0131tma kapasitesini <strong>1\u2019e 8 \u00f6l\u00e7\u00fcs\u00fcnde<\/strong> azaltarak, kendisini <strong>3 kW\u2019a<\/strong> k\u0131sabilmesi \u00f6nemli bir \u00f6zelliktir. Bunu yapabilen cihazlara 1:8 mod\u00fclasyonlu cihaz denir.<\/p>\n<p>Bu fakt\u00f6rlerin yan\u0131 s\u0131ra, se\u00e7ece\u011finiz kombinin servis gibi sat\u0131\u015f sonras\u0131 hizmetleri konusunda ba\u015far\u0131l\u0131 olmas\u0131na da dikkat edilmelidir. <strong>Bosch Termoteknik<\/strong> bu konuda uzman servis teknisyenleri ile t\u00fcm T\u00fcrkiye\u2019de h\u0131zl\u0131 ve kaliteli hizmetleriyle hizmet sunuyor.<\/p>\n<p>Evinize en uygun cihaz\u0131 se\u00e7imi ve en yak\u0131n bayi bilgilerine kolayca ula\u015farak \u00fccretsiz ke\u015fif hizmeti almak i\u00e7in:\u00a0\u00a0<a href=\"http:\/\/bit.ly\/Evinize-En-Uygun-Kombi\" target=\"_blank\" rel=\"noopener\">http:\/\/bit.ly\/Evinize-En-Uygun-Kombi<\/a>\u00a0 adresini ziyaret edebilirsiniz.<\/p>","protected":false},"excerpt":{"rendered":"<p>Sorry, this entry is only available in Turkish. For the sake of viewer convenience, the content is shown below in the alternative language. You may click the link to switch the active language. Kombi sat\u0131n almak isteyenler i\u00e7in dikkat edilmesi gereken noktalar Kombi al\u0131rken nelere dikkat edilmelidir? Kombi almadan \u00f6nce kombi tipleri hakk\u0131nda bilgi sahibi [&hellip;]<\/p>\n","protected":false},"author":1,"featured_media":100047,"comment_status":"open","ping_status":"open","sticky":false,"template":"","format":"standard","meta":[],"categories":[46,53,52],"tags":[35354,54036,57831,52259,49436,26559,57833,57832,57835,793,57834,12280],"views":542,"_links":{"self":[{"href":"https:\/\/www.enerjigazetesi.ist\/en\/wp-json\/wp\/v2\/posts\/100043"}],"collection":[{"href":"https:\/\/www.enerjigazetesi.ist\/en\/wp-json\/wp\/v2\/posts"}],"about":[{"href":"https:\/\/www.enerjigazetesi.ist\/en\/wp-json\/wp\/v2\/types\/post"}],"author":[{"embeddable":true,"href":"https:\/\/www.enerjigazetesi.ist\/en\/wp-json\/wp\/v2\/users\/1"}],"replies":[{"embeddable":true,"href":"https:\/\/www.enerjigazetesi.ist\/en\/wp-json\/wp\/v2\/comments?post=100043"}],"version-history":[{"count":0,"href":"https:\/\/www.enerjigazetesi.ist\/en\/wp-json\/wp\/v2\/posts\/100043\/revisions"}],"wp:featuredmedia":[{"embeddable":true,"href":"https:\/\/www.enerjigazetesi.ist\/en\/wp-json\/wp\/v2\/media\/100047"}],"wp:attachment":[{"href":"https:\/\/www.enerjigazetesi.ist\/en\/wp-json\/wp\/v2\/media?parent=100043"}],"wp:term":[{"taxonomy":"category","embeddable":true,"href":"https:\/\/www.enerjigazetesi.ist\/en\/wp-json\/wp\/v2\/categories?post=100043"},{"taxonomy":"post_tag","embeddable":true,"href":"https:\/\/www.enerjigazetesi.ist\/en\/wp-json\/wp\/v2\/tags?post=100043"}],"curies":[{"name":"wp","href":"https:\/\/api.w.org\/{rel}","templated":true}]}}